{"id":917149,"date":"2021-10-07T15:59:28","date_gmt":"2021-10-07T13:59:28","guid":{"rendered":"https:\/\/www.ugtcomunicaciones.es\/wordpress\/?p=917149"},"modified":"2021-10-07T15:59:28","modified_gmt":"2021-10-07T13:59:28","slug":"el-ere-de-vodafone-evidencia-un-problema-sistemico-en-el-sector-telecos","status":"publish","type":"post","link":"https:\/\/www.ugtcomunicaciones.es\/wordpress\/el-ere-de-vodafone-evidencia-un-problema-sistemico-en-el-sector-telecos\/","title":{"rendered":"El ERE de Vodafone evidencia un problema sist\u00e9mico en el sector telecos"},"content":{"rendered":"<div id=\"single-post-excerpt\" class=\"et_pb_module et_pb_text et_pb_text_1 et_pb_bg_layout_light  et_pb_text_align_left\">\n<div class=\"et_pb_text_inner\">\n<p>UGT condena y rechaza el nuevo ERE planteado por Vodafone. Una vez m\u00e1s, estamos ante una muestra de los problemas que aquejan al mercado laboral espa\u00f1ol, al tiempo que evidencia los problemas estructurales del sector de las telecomunicaciones.<\/p>\n<\/div>\n<\/div>\n<div id=\"single-post-content\" class=\"et_pb_module et_pb_text et_pb_text_1 et_pb_bg_layout_light  et_pb_text_align_left\">\n<div class=\"et_pb_text_inner\">\n<p>Unas leyes laborales excesivamente permisivas han facilitado que una vez m\u00e1s una compa\u00f1\u00eda -en este caso Vodafone- opte por la soluci\u00f3n m\u00e1s f\u00e1cil y, al mismo tiempo, m\u00e1s in\u00fatil y m\u00e1s torpe para resolver los desequilibrios financieros causados, en gran parte, por decisiones err\u00f3neas tomadas por su direcci\u00f3n: el despido de 509 compa\u00f1eras y compa\u00f1eros. Muchos de los cuales fueron trabajadores esenciales durante el pasado confinamiento y asumieron riesgos para facilitar el acceso a unas comunicaciones que facilitaron las condiciones de teletrabajo y de ocio de toda una sociedad. Eran y son esenciales y, por tanto, no pueden ser las v\u00edctimas del economicismo cortoplacista de las direcciones y accionistas.<\/p>\n<p>Tampoco se puede obviar el da\u00f1o que har\u00e1 este ERE a la brecha digital y a la calidad de la atenci\u00f3n a los usuarios de telecomunicaciones. El cierre de tiendas condena al ostracismo a miles personas que no podr\u00e1n acceder a una conectividad esencial en el contexto digital que vivimos. Y la ausencia de un contacto f\u00edsico en las tiendas empeorar\u00e1 la atenci\u00f3n a la ciudadan\u00eda, que se ver\u00e1 postergada a la incertidumbre de la atenci\u00f3n virtual despersonalizada.<\/p>\n<p><strong>Empresas que parasitan\u00a0<em>versus\u00a0<\/em>empresas que invierten<\/strong><\/p>\n<p>Desde el punto de vista regulatorio no se puede seguir apostando por unas leyes de telecomunicaciones que fomentan la competencia desigual entre operadoras que invierten y crean empleo y aquellas otras que aportan poco m\u00e1s que una guerra de precios, sinti\u00e9ndose muy c\u00f3modas en un rol parasitario dentro del sector.<\/p>\n<p>Podemos pensar que esto favorece a la sociedad, pero no es realmente as\u00ed: una competencia sin m\u00e1s valor a\u00f1adido que el precio pone en riesgo la inversi\u00f3n en infraestructuras necesarias para mantener la competitividad de nuestro pa\u00eds, y destruye empleo, como el de Vodafone, que empobrece al tejido social de nuestras ciudades. Significa, en resumidas cuentas, destruir riqueza presente y futura.<\/p>\n<\/div>\n<\/div>\n","protected":false},"excerpt":{"rendered":"<p>UGT condena y rechaza el nuevo ERE planteado por Vodafone. Una vez m\u00e1s, estamos ante una muestra de los problemas que aquejan al mercado laboral espa\u00f1ol, al tiempo que evidencia los problemas estructurales del sector de las telecomunicaciones. Unas leyes laborales excesivamente permisivas han facilitado que una vez m\u00e1s una compa\u00f1\u00eda -en este caso Vodafone- [&hellip;]<\/p>\n","protected":false},"author":3,"featured_media":917164,"comment_status":"closed","ping_status":"closed","sticky":false,"template":"","format":"standard","meta":{"footnotes":""},"categories":[27],"tags":[],"class_list":["post-917149","post","type-post","status-publish","format-standard","has-post-thumbnail","hentry","category-grupo-vodafone"],"yoast_head":"<!-- This site is optimized with the Yoast SEO Premium plugin v27.3 (Yoast SEO v27.4) - https:\/\/yoast.com\/product\/yoast-seo-premium-wordpress\/ -->\n<title>El ERE de Vodafone evidencia un problema sist\u00e9mico en el sector telecos - UGT Comunicaciones<\/title>\n<meta name=\"robots\" content=\"index, follow, max-snippet:-1, max-image-preview:large, max-video-preview:-1\" \/>\n<link rel=\"canonical\" href=\"https:\/\/www.ugtcomunicaciones.es\/wordpress\/el-ere-de-vodafone-evidencia-un-problema-sistemico-en-el-sector-telecos\/\" \/>\n<meta property=\"og:locale\" content=\"es_ES\" \/>\n<meta property=\"og:type\" content=\"article\" \/>\n<meta property=\"og:title\" content=\"El ERE de Vodafone evidencia un problema sist\u00e9mico en el sector telecos\" \/>\n<meta property=\"og:description\" content=\"UGT condena y rechaza el nuevo ERE planteado por Vodafone. Una vez m\u00e1s, estamos ante una muestra de los problemas que aquejan al mercado laboral espa\u00f1ol, al tiempo que evidencia los problemas estructurales del sector de las telecomunicaciones. Unas leyes laborales excesivamente permisivas han facilitado que una vez m\u00e1s una compa\u00f1\u00eda -en este caso Vodafone- [&hellip;]\" \/>\n<meta property=\"og:url\" content=\"https:\/\/www.ugtcomunicaciones.es\/wordpress\/el-ere-de-vodafone-evidencia-un-problema-sistemico-en-el-sector-telecos\/\" \/>\n<meta property=\"og:site_name\" content=\"UGT Comunicaciones\" \/>\n<meta property=\"article:publisher\" content=\"https:\/\/www.facebook.com\/ugt.comunicaciones\/\" \/>\n<meta property=\"article:published_time\" content=\"2021-10-07T13:59:28+00:00\" \/>\n<meta property=\"og:image\" content=\"https:\/\/www.ugtcomunicaciones.es\/wordpress\/wp-content\/uploads\/2021\/10\/vodafone-no4erevodadone.png\" \/>\n\t<meta property=\"og:image:width\" content=\"940\" \/>\n\t<meta property=\"og:image:height\" content=\"526\" \/>\n\t<meta property=\"og:image:type\" content=\"image\/png\" \/>\n<meta name=\"author\" content=\"UGT\" \/>\n<meta name=\"twitter:card\" content=\"summary_large_image\" \/>\n<meta name=\"twitter:creator\" content=\"@ugtcom\" \/>\n<meta name=\"twitter:site\" content=\"@ugtcom\" \/>\n<meta name=\"twitter:label1\" content=\"Escrito por\" \/>\n\t<meta name=\"twitter:data1\" content=\"UGT\" \/>\n\t<meta name=\"twitter:label2\" content=\"Tiempo de lectura\" \/>\n\t<meta name=\"twitter:data2\" content=\"2 minutos\" \/>\n<script type=\"application\/ld+json\" class=\"yoast-schema-graph\">{\"@context\":\"https:\\\/\\\/schema.org\",\"@graph\":[{\"@type\":\"Article\",\"@id\":\"https:\\\/\\\/www.ugtcomunicaciones.es\\\/wordpress\\\/el-ere-de-vodafone-evidencia-un-problema-sistemico-en-el-sector-telecos\\\/#article\",\"isPartOf\":{\"@id\":\"https:\\\/\\\/www.ugtcomunicaciones.es\\\/wordpress\\\/el-ere-de-vodafone-evidencia-un-problema-sistemico-en-el-sector-telecos\\\/\"},\"author\":{\"name\":\"UGT\",\"@id\":\"https:\\\/\\\/www.ugtcomunicaciones.es\\\/wordpress\\\/#\\\/schema\\\/person\\\/eba0fc3fe5b444531d94d4368cba89ed\"},\"headline\":\"El ERE de Vodafone evidencia un problema sist\u00e9mico en el sector telecos\",\"datePublished\":\"2021-10-07T13:59:28+00:00\",\"mainEntityOfPage\":{\"@id\":\"https:\\\/\\\/www.ugtcomunicaciones.es\\\/wordpress\\\/el-ere-de-vodafone-evidencia-un-problema-sistemico-en-el-sector-telecos\\\/\"},\"wordCount\":384,\"publisher\":{\"@id\":\"https:\\\/\\\/www.ugtcomunicaciones.es\\\/wordpress\\\/#organization\"},\"image\":{\"@id\":\"https:\\\/\\\/www.ugtcomunicaciones.es\\\/wordpress\\\/el-ere-de-vodafone-evidencia-un-problema-sistemico-en-el-sector-telecos\\\/#primaryimage\"},\"thumbnailUrl\":\"https:\\\/\\\/www.ugtcomunicaciones.es\\\/wordpress\\\/wp-content\\\/uploads\\\/2021\\\/10\\\/vodafone-no4erevodadone.png\",\"articleSection\":[\"Grupo Vodafone\"],\"inLanguage\":\"es\"},{\"@type\":\"WebPage\",\"@id\":\"https:\\\/\\\/www.ugtcomunicaciones.es\\\/wordpress\\\/el-ere-de-vodafone-evidencia-un-problema-sistemico-en-el-sector-telecos\\\/\",\"url\":\"https:\\\/\\\/www.ugtcomunicaciones.es\\\/wordpress\\\/el-ere-de-vodafone-evidencia-un-problema-sistemico-en-el-sector-telecos\\\/\",\"name\":\"El ERE de Vodafone evidencia un problema sist\u00e9mico en el sector telecos - UGT Comunicaciones\",\"isPartOf\":{\"@id\":\"https:\\\/\\\/www.ugtcomunicaciones.es\\\/wordpress\\\/#website\"},\"primaryImageOfPage\":{\"@id\":\"https:\\\/\\\/www.ugtcomunicaciones.es\\\/wordpress\\\/el-ere-de-vodafone-evidencia-un-problema-sistemico-en-el-sector-telecos\\\/#primaryimage\"},\"image\":{\"@id\":\"https:\\\/\\\/www.ugtcomunicaciones.es\\\/wordpress\\\/el-ere-de-vodafone-evidencia-un-problema-sistemico-en-el-sector-telecos\\\/#primaryimage\"},\"thumbnailUrl\":\"https:\\\/\\\/www.ugtcomunicaciones.es\\\/wordpress\\\/wp-content\\\/uploads\\\/2021\\\/10\\\/vodafone-no4erevodadone.png\",\"datePublished\":\"2021-10-07T13:59:28+00:00\",\"breadcrumb\":{\"@id\":\"https:\\\/\\\/www.ugtcomunicaciones.es\\\/wordpress\\\/el-ere-de-vodafone-evidencia-un-problema-sistemico-en-el-sector-telecos\\\/#breadcrumb\"},\"inLanguage\":\"es\",\"potentialAction\":[{\"@type\":\"ReadAction\",\"target\":[\"https:\\\/\\\/www.ugtcomunicaciones.es\\\/wordpress\\\/el-ere-de-vodafone-evidencia-un-problema-sistemico-en-el-sector-telecos\\\/\"]}]},{\"@type\":\"ImageObject\",\"inLanguage\":\"es\",\"@id\":\"https:\\\/\\\/www.ugtcomunicaciones.es\\\/wordpress\\\/el-ere-de-vodafone-evidencia-un-problema-sistemico-en-el-sector-telecos\\\/#primaryimage\",\"url\":\"https:\\\/\\\/www.ugtcomunicaciones.es\\\/wordpress\\\/wp-content\\\/uploads\\\/2021\\\/10\\\/vodafone-no4erevodadone.png\",\"contentUrl\":\"https:\\\/\\\/www.ugtcomunicaciones.es\\\/wordpress\\\/wp-content\\\/uploads\\\/2021\\\/10\\\/vodafone-no4erevodadone.png\",\"width\":940,\"height\":526},{\"@type\":\"BreadcrumbList\",\"@id\":\"https:\\\/\\\/www.ugtcomunicaciones.es\\\/wordpress\\\/el-ere-de-vodafone-evidencia-un-problema-sistemico-en-el-sector-telecos\\\/#breadcrumb\",\"itemListElement\":[{\"@type\":\"ListItem\",\"position\":1,\"name\":\"Portada\",\"item\":\"https:\\\/\\\/www.ugtcomunicaciones.es\\\/wordpress\\\/\"},{\"@type\":\"ListItem\",\"position\":2,\"name\":\"El ERE de Vodafone evidencia un problema sist\u00e9mico en el sector telecos\"}]},{\"@type\":\"WebSite\",\"@id\":\"https:\\\/\\\/www.ugtcomunicaciones.es\\\/wordpress\\\/#website\",\"url\":\"https:\\\/\\\/www.ugtcomunicaciones.es\\\/wordpress\\\/\",\"name\":\"UGT Comunicaciones\",\"description\":\"Sindicato de Telecomunicaciones\",\"publisher\":{\"@id\":\"https:\\\/\\\/www.ugtcomunicaciones.es\\\/wordpress\\\/#organization\"},\"potentialAction\":[{\"@type\":\"SearchAction\",\"target\":{\"@type\":\"EntryPoint\",\"urlTemplate\":\"https:\\\/\\\/www.ugtcomunicaciones.es\\\/wordpress\\\/?s={search_term_string}\"},\"query-input\":{\"@type\":\"PropertyValueSpecification\",\"valueRequired\":true,\"valueName\":\"search_term_string\"}}],\"inLanguage\":\"es\"},{\"@type\":\"Organization\",\"@id\":\"https:\\\/\\\/www.ugtcomunicaciones.es\\\/wordpress\\\/#organization\",\"name\":\"UGT Comunicaciones\",\"url\":\"https:\\\/\\\/www.ugtcomunicaciones.es\\\/wordpress\\\/\",\"logo\":{\"@type\":\"ImageObject\",\"inLanguage\":\"es\",\"@id\":\"https:\\\/\\\/www.ugtcomunicaciones.es\\\/wordpress\\\/#\\\/schema\\\/logo\\\/image\\\/\",\"url\":\"https:\\\/\\\/www.ugtcomunicaciones.es\\\/wordpress\\\/wp-content\\\/uploads\\\/2024\\\/04\\\/comunicaciones_logo.png\",\"contentUrl\":\"https:\\\/\\\/www.ugtcomunicaciones.es\\\/wordpress\\\/wp-content\\\/uploads\\\/2024\\\/04\\\/comunicaciones_logo.png\",\"width\":298,\"height\":81,\"caption\":\"UGT Comunicaciones\"},\"image\":{\"@id\":\"https:\\\/\\\/www.ugtcomunicaciones.es\\\/wordpress\\\/#\\\/schema\\\/logo\\\/image\\\/\"},\"sameAs\":[\"https:\\\/\\\/www.facebook.com\\\/ugt.comunicaciones\\\/\",\"https:\\\/\\\/x.com\\\/ugtcom\"]},{\"@type\":\"Person\",\"@id\":\"https:\\\/\\\/www.ugtcomunicaciones.es\\\/wordpress\\\/#\\\/schema\\\/person\\\/eba0fc3fe5b444531d94d4368cba89ed\",\"name\":\"UGT\",\"image\":{\"@type\":\"ImageObject\",\"inLanguage\":\"es\",\"@id\":\"https:\\\/\\\/secure.gravatar.com\\\/avatar\\\/2a16057d620a4c646bcfc171c4f23030879ebbdd346f0525bd5d4a564e57e13d?s=96&d=mm&r=g\",\"url\":\"https:\\\/\\\/secure.gravatar.com\\\/avatar\\\/2a16057d620a4c646bcfc171c4f23030879ebbdd346f0525bd5d4a564e57e13d?s=96&d=mm&r=g\",\"contentUrl\":\"https:\\\/\\\/secure.gravatar.com\\\/avatar\\\/2a16057d620a4c646bcfc171c4f23030879ebbdd346f0525bd5d4a564e57e13d?s=96&d=mm&r=g\",\"caption\":\"UGT\"}}]}<\/script>\n<!-- \/ Yoast SEO Premium plugin. -->","yoast_head_json":{"title":"El ERE de Vodafone evidencia un problema sist\u00e9mico en el sector telecos - UGT Comunicaciones","robots":{"index":"index","follow":"follow","max-snippet":"max-snippet:-1","max-image-preview":"max-image-preview:large","max-video-preview":"max-video-preview:-1"},"canonical":"https:\/\/www.ugtcomunicaciones.es\/wordpress\/el-ere-de-vodafone-evidencia-un-problema-sistemico-en-el-sector-telecos\/","og_locale":"es_ES","og_type":"article","og_title":"El ERE de Vodafone evidencia un problema sist\u00e9mico en el sector telecos","og_description":"UGT condena y rechaza el nuevo ERE planteado por Vodafone. Una vez m\u00e1s, estamos ante una muestra de los problemas que aquejan al mercado laboral espa\u00f1ol, al tiempo que evidencia los problemas estructurales del sector de las telecomunicaciones. Unas leyes laborales excesivamente permisivas han facilitado que una vez m\u00e1s una compa\u00f1\u00eda -en este caso Vodafone- [&hellip;]","og_url":"https:\/\/www.ugtcomunicaciones.es\/wordpress\/el-ere-de-vodafone-evidencia-un-problema-sistemico-en-el-sector-telecos\/","og_site_name":"UGT Comunicaciones","article_publisher":"https:\/\/www.facebook.com\/ugt.comunicaciones\/","article_published_time":"2021-10-07T13:59:28+00:00","og_image":[{"width":940,"height":526,"url":"https:\/\/www.ugtcomunicaciones.es\/wordpress\/wp-content\/uploads\/2021\/10\/vodafone-no4erevodadone.png","type":"image\/png"}],"author":"UGT","twitter_card":"summary_large_image","twitter_creator":"@ugtcom","twitter_site":"@ugtcom","twitter_misc":{"Escrito por":"UGT","Tiempo de lectura":"2 minutos"},"schema":{"@context":"https:\/\/schema.org","@graph":[{"@type":"Article","@id":"https:\/\/www.ugtcomunicaciones.es\/wordpress\/el-ere-de-vodafone-evidencia-un-problema-sistemico-en-el-sector-telecos\/#article","isPartOf":{"@id":"https:\/\/www.ugtcomunicaciones.es\/wordpress\/el-ere-de-vodafone-evidencia-un-problema-sistemico-en-el-sector-telecos\/"},"author":{"name":"UGT","@id":"https:\/\/www.ugtcomunicaciones.es\/wordpress\/#\/schema\/person\/eba0fc3fe5b444531d94d4368cba89ed"},"headline":"El ERE de Vodafone evidencia un problema sist\u00e9mico en el sector telecos","datePublished":"2021-10-07T13:59:28+00:00","mainEntityOfPage":{"@id":"https:\/\/www.ugtcomunicaciones.es\/wordpress\/el-ere-de-vodafone-evidencia-un-problema-sistemico-en-el-sector-telecos\/"},"wordCount":384,"publisher":{"@id":"https:\/\/www.ugtcomunicaciones.es\/wordpress\/#organization"},"image":{"@id":"https:\/\/www.ugtcomunicaciones.es\/wordpress\/el-ere-de-vodafone-evidencia-un-problema-sistemico-en-el-sector-telecos\/#primaryimage"},"thumbnailUrl":"https:\/\/www.ugtcomunicaciones.es\/wordpress\/wp-content\/uploads\/2021\/10\/vodafone-no4erevodadone.png","articleSection":["Grupo Vodafone"],"inLanguage":"es"},{"@type":"WebPage","@id":"https:\/\/www.ugtcomunicaciones.es\/wordpress\/el-ere-de-vodafone-evidencia-un-problema-sistemico-en-el-sector-telecos\/","url":"https:\/\/www.ugtcomunicaciones.es\/wordpress\/el-ere-de-vodafone-evidencia-un-problema-sistemico-en-el-sector-telecos\/","name":"El ERE de Vodafone evidencia un problema sist\u00e9mico en el sector telecos - UGT Comunicaciones","isPartOf":{"@id":"https:\/\/www.ugtcomunicaciones.es\/wordpress\/#website"},"primaryImageOfPage":{"@id":"https:\/\/www.ugtcomunicaciones.es\/wordpress\/el-ere-de-vodafone-evidencia-un-problema-sistemico-en-el-sector-telecos\/#primaryimage"},"image":{"@id":"https:\/\/www.ugtcomunicaciones.es\/wordpress\/el-ere-de-vodafone-evidencia-un-problema-sistemico-en-el-sector-telecos\/#primaryimage"},"thumbnailUrl":"https:\/\/www.ugtcomunicaciones.es\/wordpress\/wp-content\/uploads\/2021\/10\/vodafone-no4erevodadone.png","datePublished":"2021-10-07T13:59:28+00:00","breadcrumb":{"@id":"https:\/\/www.ugtcomunicaciones.es\/wordpress\/el-ere-de-vodafone-evidencia-un-problema-sistemico-en-el-sector-telecos\/#breadcrumb"},"inLanguage":"es","potentialAction":[{"@type":"ReadAction","target":["https:\/\/www.ugtcomunicaciones.es\/wordpress\/el-ere-de-vodafone-evidencia-un-problema-sistemico-en-el-sector-telecos\/"]}]},{"@type":"ImageObject","inLanguage":"es","@id":"https:\/\/www.ugtcomunicaciones.es\/wordpress\/el-ere-de-vodafone-evidencia-un-problema-sistemico-en-el-sector-telecos\/#primaryimage","url":"https:\/\/www.ugtcomunicaciones.es\/wordpress\/wp-content\/uploads\/2021\/10\/vodafone-no4erevodadone.png","contentUrl":"https:\/\/www.ugtcomunicaciones.es\/wordpress\/wp-content\/uploads\/2021\/10\/vodafone-no4erevodadone.png","width":940,"height":526},{"@type":"BreadcrumbList","@id":"https:\/\/www.ugtcomunicaciones.es\/wordpress\/el-ere-de-vodafone-evidencia-un-problema-sistemico-en-el-sector-telecos\/#breadcrumb","itemListElement":[{"@type":"ListItem","position":1,"name":"Portada","item":"https:\/\/www.ugtcomunicaciones.es\/wordpress\/"},{"@type":"ListItem","position":2,"name":"El ERE de Vodafone evidencia un problema sist\u00e9mico en el sector telecos"}]},{"@type":"WebSite","@id":"https:\/\/www.ugtcomunicaciones.es\/wordpress\/#website","url":"https:\/\/www.ugtcomunicaciones.es\/wordpress\/","name":"UGT Comunicaciones","description":"Sindicato de Telecomunicaciones","publisher":{"@id":"https:\/\/www.ugtcomunicaciones.es\/wordpress\/#organization"},"potentialAction":[{"@type":"SearchAction","target":{"@type":"EntryPoint","urlTemplate":"https:\/\/www.ugtcomunicaciones.es\/wordpress\/?s={search_term_string}"},"query-input":{"@type":"PropertyValueSpecification","valueRequired":true,"valueName":"search_term_string"}}],"inLanguage":"es"},{"@type":"Organization","@id":"https:\/\/www.ugtcomunicaciones.es\/wordpress\/#organization","name":"UGT Comunicaciones","url":"https:\/\/www.ugtcomunicaciones.es\/wordpress\/","logo":{"@type":"ImageObject","inLanguage":"es","@id":"https:\/\/www.ugtcomunicaciones.es\/wordpress\/#\/schema\/logo\/image\/","url":"https:\/\/www.ugtcomunicaciones.es\/wordpress\/wp-content\/uploads\/2024\/04\/comunicaciones_logo.png","contentUrl":"https:\/\/www.ugtcomunicaciones.es\/wordpress\/wp-content\/uploads\/2024\/04\/comunicaciones_logo.png","width":298,"height":81,"caption":"UGT Comunicaciones"},"image":{"@id":"https:\/\/www.ugtcomunicaciones.es\/wordpress\/#\/schema\/logo\/image\/"},"sameAs":["https:\/\/www.facebook.com\/ugt.comunicaciones\/","https:\/\/x.com\/ugtcom"]},{"@type":"Person","@id":"https:\/\/www.ugtcomunicaciones.es\/wordpress\/#\/schema\/person\/eba0fc3fe5b444531d94d4368cba89ed","name":"UGT","image":{"@type":"ImageObject","inLanguage":"es","@id":"https:\/\/secure.gravatar.com\/avatar\/2a16057d620a4c646bcfc171c4f23030879ebbdd346f0525bd5d4a564e57e13d?s=96&d=mm&r=g","url":"https:\/\/secure.gravatar.com\/avatar\/2a16057d620a4c646bcfc171c4f23030879ebbdd346f0525bd5d4a564e57e13d?s=96&d=mm&r=g","contentUrl":"https:\/\/secure.gravatar.com\/avatar\/2a16057d620a4c646bcfc171c4f23030879ebbdd346f0525bd5d4a564e57e13d?s=96&d=mm&r=g","caption":"UGT"}}]}},"_links":{"self":[{"href":"https:\/\/www.ugtcomunicaciones.es\/wordpress\/wp-json\/wp\/v2\/posts\/917149","targetHints":{"allow":["GET"]}}],"collection":[{"href":"https:\/\/www.ugtcomunicaciones.es\/wordpress\/wp-json\/wp\/v2\/posts"}],"about":[{"href":"https:\/\/www.ugtcomunicaciones.es\/wordpress\/wp-json\/wp\/v2\/types\/post"}],"author":[{"embeddable":true,"href":"https:\/\/www.ugtcomunicaciones.es\/wordpress\/wp-json\/wp\/v2\/users\/3"}],"replies":[{"embeddable":true,"href":"https:\/\/www.ugtcomunicaciones.es\/wordpress\/wp-json\/wp\/v2\/comments?post=917149"}],"version-history":[{"count":0,"href":"https:\/\/www.ugtcomunicaciones.es\/wordpress\/wp-json\/wp\/v2\/posts\/917149\/revisions"}],"wp:featuredmedia":[{"embeddable":true,"href":"https:\/\/www.ugtcomunicaciones.es\/wordpress\/wp-json\/wp\/v2\/media\/917164"}],"wp:attachment":[{"href":"https:\/\/www.ugtcomunicaciones.es\/wordpress\/wp-json\/wp\/v2\/media?parent=917149"}],"wp:term":[{"taxonomy":"category","embeddable":true,"href":"https:\/\/www.ugtcomunicaciones.es\/wordpress\/wp-json\/wp\/v2\/categories?post=917149"},{"taxonomy":"post_tag","embeddable":true,"href":"https:\/\/www.ugtcomunicaciones.es\/wordpress\/wp-json\/wp\/v2\/tags?post=917149"}],"curies":[{"name":"wp","href":"https:\/\/api.w.org\/{rel}","templated":true}]}}