{"id":921891,"date":"2021-10-14T15:50:09","date_gmt":"2021-10-14T13:50:09","guid":{"rendered":"https:\/\/www.ugtcomunicaciones.es\/wordpress\/?p=921891"},"modified":"2021-10-14T15:50:09","modified_gmt":"2021-10-14T13:50:09","slug":"a-tu-lado-durante-la-pandemia","status":"publish","type":"post","link":"https:\/\/www.ugtcomunicaciones.es\/wordpress\/a-tu-lado-durante-la-pandemia\/","title":{"rendered":"A tu lado durante la pandemia"},"content":{"rendered":"<p style=\"text-align: justify;\">Cuando el 15 de marzo de 2020 el Gobierno estableci\u00f3 un confinamiento domiciliario y una cuarentena nacional, las personas trabajadoras de TME nos encontramos con una situaci\u00f3n ins\u00f3lita, que jam\u00e1s habr\u00edamos previsto.<\/p>\n<p>Las dudas, y por qu\u00e9 no decirlo, el miedo, sacudi\u00f3 nuestra actividad laboral como nunca hab\u00eda pasado anteriormente. El hecho de pasar de un trabajo presencial a uno realizado \u00edntegramente desde casa, con todo lo que ello supon\u00eda de novedoso, planteaba un reto \u00fanico en nuestra vida.<\/p>\n<p style=\"text-align: justify;\">En <strong><span style=\"color: #ff0000;\">UGT<\/span><\/strong> lo tuvimos claro desde un principio: no solo ten\u00edamos que sentarnos con la empresa para tomar las medidas oportunas que mitigasen esta situaci\u00f3n; ten\u00edamos que estar cerca de nuestra plantilla, m\u00e1s cerca que nunca si cabe y mostrar una total disponibilidad.<\/p>\n<p style=\"text-align: justify;\">La \u00fanica forma era aprovechar los medios y capacidades que ten\u00edamos, desterrando ideas de otra \u00e9poca. Y nos lanzamos a dar asambleas por formatos virtuales. A aumentar nuestra atenci\u00f3n telef\u00f3nica, por whatsapp o v\u00eda email. Entend\u00edamos, y a\u00fan entendemos, que era prioritario dar una informaci\u00f3n cercana, veraz e inmediata. La situaci\u00f3n as\u00ed lo exig\u00eda.<\/p>\n<p style=\"text-align: justify;\">Desde el inicio de esta crisis sanitaria, nuestro Sindicato ha celebrado numerosas asambleas en toda Espa\u00f1a. Tanto en los grandes centros de trabajo como en los m\u00e1s peque\u00f1os se realizaron charlas. Con sus delegados\/as de referencia o con los m\u00e1ximos responsables del Sindicato, que fueron explicando, paso a paso, las novedades que surg\u00edan. Durante todos estos meses, <strong><span style=\"color: #ff0000;\">UGT<\/span><\/strong> fue el \u00fanico sindicato que siempre ha estado accesible, a vuestro lado.<\/p>\n<p style=\"text-align: justify;\">Hemos sido la \u00fanica fuerza sindical visible, porque entend\u00edamos que era nuestra obligaci\u00f3n, nuestra responsabilidad, nuestro compromiso. Ahora que estamos en periodo electoral, emerger\u00e1n sindicatos por doquier.<\/p>\n<p style=\"text-align: justify;\">La pregunta que deber\u00edamos hacernos es, \u00bfd\u00f3nde estuvisteis cuando m\u00e1s os necesit\u00e1bamos?<\/p>\n<p>&nbsp;<\/p>\n<h4 style=\"text-align: right;\"><strong><span style=\"color: #ff0000;\">UGT<\/span> Comunicaciones<\/strong><\/h4>\n","protected":false},"excerpt":{"rendered":"<p>Cuando el 15 de marzo de 2020 el Gobierno estableci\u00f3 un confinamiento domiciliario y una cuarentena nacional, las personas trabajadoras de TME nos encontramos con una situaci\u00f3n ins\u00f3lita, que jam\u00e1s habr\u00edamos previsto. Las dudas, y por qu\u00e9 no decirlo, el miedo, sacudi\u00f3 nuestra actividad laboral como nunca hab\u00eda pasado anteriormente. El hecho de pasar de [&hellip;]<\/p>\n","protected":false},"author":3,"featured_media":921892,"comment_status":"closed","ping_status":"closed","sticky":false,"template":"","format":"standard","meta":{"footnotes":""},"categories":[7],"tags":[],"class_list":["post-921891","post","type-post","status-publish","format-standard","has-post-thumbnail","hentry","category-telefonica-moviles"],"yoast_head":"<!-- This site is optimized with the Yoast SEO Premium plugin v27.3 (Yoast SEO v27.4) - https:\/\/yoast.com\/product\/yoast-seo-premium-wordpress\/ -->\n<title>A tu lado durante la pandemia - UGT Comunicaciones<\/title>\n<meta name=\"description\" content=\"Cuando el 15 de marzo de 2020 el Gobierno estableci\u00f3 un confinamiento domiciliario y una cuarentena nacional, las personas trabajadoras de...\" \/>\n<meta name=\"robots\" content=\"index, follow, max-snippet:-1, max-image-preview:large, max-video-preview:-1\" \/>\n<link rel=\"canonical\" href=\"https:\/\/www.ugtcomunicaciones.es\/wordpress\/a-tu-lado-durante-la-pandemia\/\" \/>\n<meta property=\"og:locale\" content=\"es_ES\" \/>\n<meta property=\"og:type\" content=\"article\" \/>\n<meta property=\"og:title\" content=\"A tu lado durante la pandemia\" \/>\n<meta property=\"og:description\" content=\"Cuando el 15 de marzo de 2020 el Gobierno estableci\u00f3 un confinamiento domiciliario y una cuarentena nacional, las personas trabajadoras de...\" \/>\n<meta property=\"og:url\" content=\"https:\/\/www.ugtcomunicaciones.es\/wordpress\/a-tu-lado-durante-la-pandemia\/\" \/>\n<meta property=\"og:site_name\" content=\"UGT Comunicaciones\" \/>\n<meta property=\"article:publisher\" content=\"https:\/\/www.facebook.com\/ugt.comunicaciones\/\" \/>\n<meta property=\"article:published_time\" content=\"2021-10-14T13:50:09+00:00\" \/>\n<meta property=\"og:image\" content=\"https:\/\/www.ugtcomunicaciones.es\/wordpress\/wp-content\/uploads\/2021\/10\/comunicado1TME.jpg\" \/>\n\t<meta property=\"og:image:width\" content=\"600\" \/>\n\t<meta property=\"og:image:height\" content=\"360\" \/>\n\t<meta property=\"og:image:type\" content=\"image\/jpeg\" \/>\n<meta name=\"author\" content=\"UGT\" \/>\n<meta name=\"twitter:card\" content=\"summary_large_image\" \/>\n<meta name=\"twitter:creator\" content=\"@ugtcom\" \/>\n<meta name=\"twitter:site\" content=\"@ugtcom\" \/>\n<meta name=\"twitter:label1\" content=\"Escrito por\" \/>\n\t<meta name=\"twitter:data1\" content=\"UGT\" \/>\n\t<meta name=\"twitter:label2\" content=\"Tiempo de lectura\" \/>\n\t<meta name=\"twitter:data2\" content=\"2 minutos\" \/>\n<script type=\"application\/ld+json\" class=\"yoast-schema-graph\">{\"@context\":\"https:\\\/\\\/schema.org\",\"@graph\":[{\"@type\":\"Article\",\"@id\":\"https:\\\/\\\/www.ugtcomunicaciones.es\\\/wordpress\\\/a-tu-lado-durante-la-pandemia\\\/#article\",\"isPartOf\":{\"@id\":\"https:\\\/\\\/www.ugtcomunicaciones.es\\\/wordpress\\\/a-tu-lado-durante-la-pandemia\\\/\"},\"author\":{\"name\":\"UGT\",\"@id\":\"https:\\\/\\\/www.ugtcomunicaciones.es\\\/wordpress\\\/#\\\/schema\\\/person\\\/eba0fc3fe5b444531d94d4368cba89ed\"},\"headline\":\"A tu lado durante la pandemia\",\"datePublished\":\"2021-10-14T13:50:09+00:00\",\"mainEntityOfPage\":{\"@id\":\"https:\\\/\\\/www.ugtcomunicaciones.es\\\/wordpress\\\/a-tu-lado-durante-la-pandemia\\\/\"},\"wordCount\":324,\"publisher\":{\"@id\":\"https:\\\/\\\/www.ugtcomunicaciones.es\\\/wordpress\\\/#organization\"},\"image\":{\"@id\":\"https:\\\/\\\/www.ugtcomunicaciones.es\\\/wordpress\\\/a-tu-lado-durante-la-pandemia\\\/#primaryimage\"},\"thumbnailUrl\":\"https:\\\/\\\/www.ugtcomunicaciones.es\\\/wordpress\\\/wp-content\\\/uploads\\\/2021\\\/10\\\/comunicado1TME.jpg\",\"articleSection\":[\"Telef\u00f3nica M\u00f3viles\"],\"inLanguage\":\"es\"},{\"@type\":\"WebPage\",\"@id\":\"https:\\\/\\\/www.ugtcomunicaciones.es\\\/wordpress\\\/a-tu-lado-durante-la-pandemia\\\/\",\"url\":\"https:\\\/\\\/www.ugtcomunicaciones.es\\\/wordpress\\\/a-tu-lado-durante-la-pandemia\\\/\",\"name\":\"A tu lado durante la pandemia - UGT Comunicaciones\",\"isPartOf\":{\"@id\":\"https:\\\/\\\/www.ugtcomunicaciones.es\\\/wordpress\\\/#website\"},\"primaryImageOfPage\":{\"@id\":\"https:\\\/\\\/www.ugtcomunicaciones.es\\\/wordpress\\\/a-tu-lado-durante-la-pandemia\\\/#primaryimage\"},\"image\":{\"@id\":\"https:\\\/\\\/www.ugtcomunicaciones.es\\\/wordpress\\\/a-tu-lado-durante-la-pandemia\\\/#primaryimage\"},\"thumbnailUrl\":\"https:\\\/\\\/www.ugtcomunicaciones.es\\\/wordpress\\\/wp-content\\\/uploads\\\/2021\\\/10\\\/comunicado1TME.jpg\",\"datePublished\":\"2021-10-14T13:50:09+00:00\",\"description\":\"Cuando el 15 de marzo de 2020 el Gobierno estableci\u00f3 un confinamiento domiciliario y una cuarentena nacional, las personas trabajadoras de...\",\"breadcrumb\":{\"@id\":\"https:\\\/\\\/www.ugtcomunicaciones.es\\\/wordpress\\\/a-tu-lado-durante-la-pandemia\\\/#breadcrumb\"},\"inLanguage\":\"es\",\"potentialAction\":[{\"@type\":\"ReadAction\",\"target\":[\"https:\\\/\\\/www.ugtcomunicaciones.es\\\/wordpress\\\/a-tu-lado-durante-la-pandemia\\\/\"]}]},{\"@type\":\"ImageObject\",\"inLanguage\":\"es\",\"@id\":\"https:\\\/\\\/www.ugtcomunicaciones.es\\\/wordpress\\\/a-tu-lado-durante-la-pandemia\\\/#primaryimage\",\"url\":\"https:\\\/\\\/www.ugtcomunicaciones.es\\\/wordpress\\\/wp-content\\\/uploads\\\/2021\\\/10\\\/comunicado1TME.jpg\",\"contentUrl\":\"https:\\\/\\\/www.ugtcomunicaciones.es\\\/wordpress\\\/wp-content\\\/uploads\\\/2021\\\/10\\\/comunicado1TME.jpg\",\"width\":600,\"height\":360,\"caption\":\"comunicado1TME\"},{\"@type\":\"BreadcrumbList\",\"@id\":\"https:\\\/\\\/www.ugtcomunicaciones.es\\\/wordpress\\\/a-tu-lado-durante-la-pandemia\\\/#breadcrumb\",\"itemListElement\":[{\"@type\":\"ListItem\",\"position\":1,\"name\":\"Portada\",\"item\":\"https:\\\/\\\/www.ugtcomunicaciones.es\\\/wordpress\\\/\"},{\"@type\":\"ListItem\",\"position\":2,\"name\":\"A tu lado durante la pandemia\"}]},{\"@type\":\"WebSite\",\"@id\":\"https:\\\/\\\/www.ugtcomunicaciones.es\\\/wordpress\\\/#website\",\"url\":\"https:\\\/\\\/www.ugtcomunicaciones.es\\\/wordpress\\\/\",\"name\":\"UGT Comunicaciones\",\"description\":\"Sindicato de Telecomunicaciones\",\"publisher\":{\"@id\":\"https:\\\/\\\/www.ugtcomunicaciones.es\\\/wordpress\\\/#organization\"},\"potentialAction\":[{\"@type\":\"SearchAction\",\"target\":{\"@type\":\"EntryPoint\",\"urlTemplate\":\"https:\\\/\\\/www.ugtcomunicaciones.es\\\/wordpress\\\/?s={search_term_string}\"},\"query-input\":{\"@type\":\"PropertyValueSpecification\",\"valueRequired\":true,\"valueName\":\"search_term_string\"}}],\"inLanguage\":\"es\"},{\"@type\":\"Organization\",\"@id\":\"https:\\\/\\\/www.ugtcomunicaciones.es\\\/wordpress\\\/#organization\",\"name\":\"UGT Comunicaciones\",\"url\":\"https:\\\/\\\/www.ugtcomunicaciones.es\\\/wordpress\\\/\",\"logo\":{\"@type\":\"ImageObject\",\"inLanguage\":\"es\",\"@id\":\"https:\\\/\\\/www.ugtcomunicaciones.es\\\/wordpress\\\/#\\\/schema\\\/logo\\\/image\\\/\",\"url\":\"https:\\\/\\\/www.ugtcomunicaciones.es\\\/wordpress\\\/wp-content\\\/uploads\\\/2024\\\/04\\\/comunicaciones_logo.png\",\"contentUrl\":\"https:\\\/\\\/www.ugtcomunicaciones.es\\\/wordpress\\\/wp-content\\\/uploads\\\/2024\\\/04\\\/comunicaciones_logo.png\",\"width\":298,\"height\":81,\"caption\":\"UGT Comunicaciones\"},\"image\":{\"@id\":\"https:\\\/\\\/www.ugtcomunicaciones.es\\\/wordpress\\\/#\\\/schema\\\/logo\\\/image\\\/\"},\"sameAs\":[\"https:\\\/\\\/www.facebook.com\\\/ugt.comunicaciones\\\/\",\"https:\\\/\\\/x.com\\\/ugtcom\"]},{\"@type\":\"Person\",\"@id\":\"https:\\\/\\\/www.ugtcomunicaciones.es\\\/wordpress\\\/#\\\/schema\\\/person\\\/eba0fc3fe5b444531d94d4368cba89ed\",\"name\":\"UGT\",\"image\":{\"@type\":\"ImageObject\",\"inLanguage\":\"es\",\"@id\":\"https:\\\/\\\/secure.gravatar.com\\\/avatar\\\/2a16057d620a4c646bcfc171c4f23030879ebbdd346f0525bd5d4a564e57e13d?s=96&d=mm&r=g\",\"url\":\"https:\\\/\\\/secure.gravatar.com\\\/avatar\\\/2a16057d620a4c646bcfc171c4f23030879ebbdd346f0525bd5d4a564e57e13d?s=96&d=mm&r=g\",\"contentUrl\":\"https:\\\/\\\/secure.gravatar.com\\\/avatar\\\/2a16057d620a4c646bcfc171c4f23030879ebbdd346f0525bd5d4a564e57e13d?s=96&d=mm&r=g\",\"caption\":\"UGT\"}}]}<\/script>\n<!-- \/ Yoast SEO Premium plugin. -->","yoast_head_json":{"title":"A tu lado durante la pandemia - UGT Comunicaciones","description":"Cuando el 15 de marzo de 2020 el Gobierno estableci\u00f3 un confinamiento domiciliario y una cuarentena nacional, las personas trabajadoras de...","robots":{"index":"index","follow":"follow","max-snippet":"max-snippet:-1","max-image-preview":"max-image-preview:large","max-video-preview":"max-video-preview:-1"},"canonical":"https:\/\/www.ugtcomunicaciones.es\/wordpress\/a-tu-lado-durante-la-pandemia\/","og_locale":"es_ES","og_type":"article","og_title":"A tu lado durante la pandemia","og_description":"Cuando el 15 de marzo de 2020 el Gobierno estableci\u00f3 un confinamiento domiciliario y una cuarentena nacional, las personas trabajadoras de...","og_url":"https:\/\/www.ugtcomunicaciones.es\/wordpress\/a-tu-lado-durante-la-pandemia\/","og_site_name":"UGT Comunicaciones","article_publisher":"https:\/\/www.facebook.com\/ugt.comunicaciones\/","article_published_time":"2021-10-14T13:50:09+00:00","og_image":[{"width":600,"height":360,"url":"https:\/\/www.ugtcomunicaciones.es\/wordpress\/wp-content\/uploads\/2021\/10\/comunicado1TME.jpg","type":"image\/jpeg"}],"author":"UGT","twitter_card":"summary_large_image","twitter_creator":"@ugtcom","twitter_site":"@ugtcom","twitter_misc":{"Escrito por":"UGT","Tiempo de lectura":"2 minutos"},"schema":{"@context":"https:\/\/schema.org","@graph":[{"@type":"Article","@id":"https:\/\/www.ugtcomunicaciones.es\/wordpress\/a-tu-lado-durante-la-pandemia\/#article","isPartOf":{"@id":"https:\/\/www.ugtcomunicaciones.es\/wordpress\/a-tu-lado-durante-la-pandemia\/"},"author":{"name":"UGT","@id":"https:\/\/www.ugtcomunicaciones.es\/wordpress\/#\/schema\/person\/eba0fc3fe5b444531d94d4368cba89ed"},"headline":"A tu lado durante la pandemia","datePublished":"2021-10-14T13:50:09+00:00","mainEntityOfPage":{"@id":"https:\/\/www.ugtcomunicaciones.es\/wordpress\/a-tu-lado-durante-la-pandemia\/"},"wordCount":324,"publisher":{"@id":"https:\/\/www.ugtcomunicaciones.es\/wordpress\/#organization"},"image":{"@id":"https:\/\/www.ugtcomunicaciones.es\/wordpress\/a-tu-lado-durante-la-pandemia\/#primaryimage"},"thumbnailUrl":"https:\/\/www.ugtcomunicaciones.es\/wordpress\/wp-content\/uploads\/2021\/10\/comunicado1TME.jpg","articleSection":["Telef\u00f3nica M\u00f3viles"],"inLanguage":"es"},{"@type":"WebPage","@id":"https:\/\/www.ugtcomunicaciones.es\/wordpress\/a-tu-lado-durante-la-pandemia\/","url":"https:\/\/www.ugtcomunicaciones.es\/wordpress\/a-tu-lado-durante-la-pandemia\/","name":"A tu lado durante la pandemia - UGT Comunicaciones","isPartOf":{"@id":"https:\/\/www.ugtcomunicaciones.es\/wordpress\/#website"},"primaryImageOfPage":{"@id":"https:\/\/www.ugtcomunicaciones.es\/wordpress\/a-tu-lado-durante-la-pandemia\/#primaryimage"},"image":{"@id":"https:\/\/www.ugtcomunicaciones.es\/wordpress\/a-tu-lado-durante-la-pandemia\/#primaryimage"},"thumbnailUrl":"https:\/\/www.ugtcomunicaciones.es\/wordpress\/wp-content\/uploads\/2021\/10\/comunicado1TME.jpg","datePublished":"2021-10-14T13:50:09+00:00","description":"Cuando el 15 de marzo de 2020 el Gobierno estableci\u00f3 un confinamiento domiciliario y una cuarentena nacional, las personas trabajadoras de...","breadcrumb":{"@id":"https:\/\/www.ugtcomunicaciones.es\/wordpress\/a-tu-lado-durante-la-pandemia\/#breadcrumb"},"inLanguage":"es","potentialAction":[{"@type":"ReadAction","target":["https:\/\/www.ugtcomunicaciones.es\/wordpress\/a-tu-lado-durante-la-pandemia\/"]}]},{"@type":"ImageObject","inLanguage":"es","@id":"https:\/\/www.ugtcomunicaciones.es\/wordpress\/a-tu-lado-durante-la-pandemia\/#primaryimage","url":"https:\/\/www.ugtcomunicaciones.es\/wordpress\/wp-content\/uploads\/2021\/10\/comunicado1TME.jpg","contentUrl":"https:\/\/www.ugtcomunicaciones.es\/wordpress\/wp-content\/uploads\/2021\/10\/comunicado1TME.jpg","width":600,"height":360,"caption":"comunicado1TME"},{"@type":"BreadcrumbList","@id":"https:\/\/www.ugtcomunicaciones.es\/wordpress\/a-tu-lado-durante-la-pandemia\/#breadcrumb","itemListElement":[{"@type":"ListItem","position":1,"name":"Portada","item":"https:\/\/www.ugtcomunicaciones.es\/wordpress\/"},{"@type":"ListItem","position":2,"name":"A tu lado durante la pandemia"}]},{"@type":"WebSite","@id":"https:\/\/www.ugtcomunicaciones.es\/wordpress\/#website","url":"https:\/\/www.ugtcomunicaciones.es\/wordpress\/","name":"UGT Comunicaciones","description":"Sindicato de Telecomunicaciones","publisher":{"@id":"https:\/\/www.ugtcomunicaciones.es\/wordpress\/#organization"},"potentialAction":[{"@type":"SearchAction","target":{"@type":"EntryPoint","urlTemplate":"https:\/\/www.ugtcomunicaciones.es\/wordpress\/?s={search_term_string}"},"query-input":{"@type":"PropertyValueSpecification","valueRequired":true,"valueName":"search_term_string"}}],"inLanguage":"es"},{"@type":"Organization","@id":"https:\/\/www.ugtcomunicaciones.es\/wordpress\/#organization","name":"UGT Comunicaciones","url":"https:\/\/www.ugtcomunicaciones.es\/wordpress\/","logo":{"@type":"ImageObject","inLanguage":"es","@id":"https:\/\/www.ugtcomunicaciones.es\/wordpress\/#\/schema\/logo\/image\/","url":"https:\/\/www.ugtcomunicaciones.es\/wordpress\/wp-content\/uploads\/2024\/04\/comunicaciones_logo.png","contentUrl":"https:\/\/www.ugtcomunicaciones.es\/wordpress\/wp-content\/uploads\/2024\/04\/comunicaciones_logo.png","width":298,"height":81,"caption":"UGT Comunicaciones"},"image":{"@id":"https:\/\/www.ugtcomunicaciones.es\/wordpress\/#\/schema\/logo\/image\/"},"sameAs":["https:\/\/www.facebook.com\/ugt.comunicaciones\/","https:\/\/x.com\/ugtcom"]},{"@type":"Person","@id":"https:\/\/www.ugtcomunicaciones.es\/wordpress\/#\/schema\/person\/eba0fc3fe5b444531d94d4368cba89ed","name":"UGT","image":{"@type":"ImageObject","inLanguage":"es","@id":"https:\/\/secure.gravatar.com\/avatar\/2a16057d620a4c646bcfc171c4f23030879ebbdd346f0525bd5d4a564e57e13d?s=96&d=mm&r=g","url":"https:\/\/secure.gravatar.com\/avatar\/2a16057d620a4c646bcfc171c4f23030879ebbdd346f0525bd5d4a564e57e13d?s=96&d=mm&r=g","contentUrl":"https:\/\/secure.gravatar.com\/avatar\/2a16057d620a4c646bcfc171c4f23030879ebbdd346f0525bd5d4a564e57e13d?s=96&d=mm&r=g","caption":"UGT"}}]}},"_links":{"self":[{"href":"https:\/\/www.ugtcomunicaciones.es\/wordpress\/wp-json\/wp\/v2\/posts\/921891","targetHints":{"allow":["GET"]}}],"collection":[{"href":"https:\/\/www.ugtcomunicaciones.es\/wordpress\/wp-json\/wp\/v2\/posts"}],"about":[{"href":"https:\/\/www.ugtcomunicaciones.es\/wordpress\/wp-json\/wp\/v2\/types\/post"}],"author":[{"embeddable":true,"href":"https:\/\/www.ugtcomunicaciones.es\/wordpress\/wp-json\/wp\/v2\/users\/3"}],"replies":[{"embeddable":true,"href":"https:\/\/www.ugtcomunicaciones.es\/wordpress\/wp-json\/wp\/v2\/comments?post=921891"}],"version-history":[{"count":0,"href":"https:\/\/www.ugtcomunicaciones.es\/wordpress\/wp-json\/wp\/v2\/posts\/921891\/revisions"}],"wp:featuredmedia":[{"embeddable":true,"href":"https:\/\/www.ugtcomunicaciones.es\/wordpress\/wp-json\/wp\/v2\/media\/921892"}],"wp:attachment":[{"href":"https:\/\/www.ugtcomunicaciones.es\/wordpress\/wp-json\/wp\/v2\/media?parent=921891"}],"wp:term":[{"taxonomy":"category","embeddable":true,"href":"https:\/\/www.ugtcomunicaciones.es\/wordpress\/wp-json\/wp\/v2\/categories?post=921891"},{"taxonomy":"post_tag","embeddable":true,"href":"https:\/\/www.ugtcomunicaciones.es\/wordpress\/wp-json\/wp\/v2\/tags?post=921891"}],"curies":[{"name":"wp","href":"https:\/\/api.w.org\/{rel}","templated":true}]}}