{"id":926410,"date":"2021-11-02T07:00:03","date_gmt":"2021-11-02T05:00:03","guid":{"rendered":"https:\/\/www.ugtcomunicaciones.es\/wordpress\/?p=926410"},"modified":"2021-11-02T10:30:33","modified_gmt":"2021-11-02T08:30:33","slug":"las-telecos-en-los-pge-2022","status":"publish","type":"post","link":"https:\/\/www.ugtcomunicaciones.es\/wordpress\/las-telecos-en-los-pge-2022\/","title":{"rendered":"Las Telecos en los PGE 2022"},"content":{"rendered":"<p style=\"text-align: justify;\">Los denominados \u201cpresupuestos de la recuperaci\u00f3n\u201d tendr\u00e1n un marcad\u00edsimo car\u00e1cter tecnol\u00f3gico y relacionado con las telecomunicaciones.<\/p>\n<p style=\"text-align: justify;\">Una de las ense\u00f1anzas de la pandemia es que una econom\u00eda sin conectividad es una econom\u00eda sin futuro. Y el proyecto de Presupuestos Generales del Estado (PGE<sup class=\"modern-footnotes-footnote \" data-mfn=\"1\" data-mfn-post-scope=\"000000000000413c0000000000000000_926410\"><a href=\"javascript:void(0)\"  role=\"button\" aria-pressed=\"false\" aria-describedby=\"mfn-content-000000000000413c0000000000000000_926410-1\">1<\/a><\/sup><span id=\"mfn-content-000000000000413c0000000000000000_926410-1\" role=\"tooltip\" class=\"modern-footnotes-footnote__note\" tabindex=\"0\" data-mfn=\"1\"><a href=\"https:\/\/www.sepg.pap.hacienda.gob.es\/sitios\/sepg\/es-ES\/Presupuestos\/PGE\/ProyectoPGE2022\/Paginas\/ProyectoPGE2022.aspx\" target=\"_blank\" rel=\"noopener\">https:\/\/www.sepg.pap.hacienda.gob.es\/sitios\/sepg\/es-ES\/Presupuestos\/PGE\/ProyectoPGE2022\/Paginas\/ProyectoPGE2022.aspx<\/a><\/span>) parece, al menos en teor\u00eda<sup class=\"modern-footnotes-footnote \" data-mfn=\"2\" data-mfn-post-scope=\"000000000000413c0000000000000000_926410\"><a href=\"javascript:void(0)\"  role=\"button\" aria-pressed=\"false\" aria-describedby=\"mfn-content-000000000000413c0000000000000000_926410-2\">2<\/a><\/sup><span id=\"mfn-content-000000000000413c0000000000000000_926410-2\" role=\"tooltip\" class=\"modern-footnotes-footnote__note\" tabindex=\"0\" data-mfn=\"2\"><a href=\"https:\/\/www.europapress.es\/eseuropa\/noticia-espana-destinara-2022-40-fondos-europeos-industria-energia-idi-digitalizacion-20211010114143.html\" target=\"_blank\" rel=\"noopener\">https:\/\/www.europapress.es\/eseuropa\/noticia-espana-destinara-2022-40-fondos-europeos-industria-energia-idi-digitalizacion-20211010114143.html<\/a><\/span>, haber aprendido la lecci\u00f3n<sup class=\"modern-footnotes-footnote \" data-mfn=\"3\" data-mfn-post-scope=\"000000000000413c0000000000000000_926410\"><a href=\"javascript:void(0)\"  role=\"button\" aria-pressed=\"false\" aria-describedby=\"mfn-content-000000000000413c0000000000000000_926410-3\">3<\/a><\/sup><span id=\"mfn-content-000000000000413c0000000000000000_926410-3\" role=\"tooltip\" class=\"modern-footnotes-footnote__note\" tabindex=\"0\" data-mfn=\"3\"><a href=\"https:\/\/www.ituser.es\/estrategias-digitales\/2021\/10\/presupuestos-2022-el-gobierno-destinara-13000-millones-de-euros-a-idi-y-digitalizacion\" target=\"_blank\" rel=\"noopener\">https:\/\/www.ituser.es\/estrategias-digitales\/2021\/10\/presupuestos-2022-el-gobierno-destinara-13000-millones-de-euros-a-idi-y-digitalizacion<\/a><\/span>.<\/p>\n<p><img decoding=\"async\" class=\"aligncenter wp-image-926411 size-full lazyload\" data-src=\"https:\/\/www.ugtcomunicaciones.es\/wordpress\/wp-content\/uploads\/2021\/10\/Telecos-1.jpg\" alt=\"\" width=\"643\" height=\"380\" data-srcset=\"https:\/\/www.ugtcomunicaciones.es\/wordpress\/wp-content\/uploads\/2021\/10\/Telecos-1.jpg 643w, https:\/\/www.ugtcomunicaciones.es\/wordpress\/wp-content\/uploads\/2021\/10\/Telecos-1-300x177.jpg 300w, https:\/\/www.ugtcomunicaciones.es\/wordpress\/wp-content\/uploads\/2021\/10\/Telecos-1-640x378.jpg 640w\" data-sizes=\"(max-width: 643px) 100vw, 643px\" src=\"data:image\/svg+xml;base64,PHN2ZyB3aWR0aD0iMSIgaGVpZ2h0PSIxIiB4bWxucz0iaHR0cDovL3d3dy53My5vcmcvMjAwMC9zdmciPjwvc3ZnPg==\" style=\"--smush-placeholder-width: 643px; --smush-placeholder-aspect-ratio: 643\/380;\" \/><\/p>\n<p style=\"text-align: justify;\">Tanto es as\u00ed que la partida dedicada a <em>Conectividad Digital, impulso de la ciberseguridad y despliegue del 5G<\/em> reserva una inversi\u00f3n de 1.550 millones de euros, unos guarismos nunca vistos hasta la fecha<sup class=\"modern-footnotes-footnote \" data-mfn=\"4\" data-mfn-post-scope=\"000000000000413c0000000000000000_926410\"><a href=\"javascript:void(0)\"  role=\"button\" aria-pressed=\"false\" aria-describedby=\"mfn-content-000000000000413c0000000000000000_926410-4\">4<\/a><\/sup><span id=\"mfn-content-000000000000413c0000000000000000_926410-4\" role=\"tooltip\" class=\"modern-footnotes-footnote__note\" tabindex=\"0\" data-mfn=\"4\"><a href=\"https:\/\/www.lamoncloa.gob.es\/serviciosdeprensa\/notasprensa\/hacienda\/Paginas\/2021\/131021_pge2022_congreso.aspx\" target=\"_blank\" rel=\"noopener\">https:\/\/www.lamoncloa.gob.es\/serviciosdeprensa\/notasprensa\/hacienda\/Paginas\/2021\/131021_pge2022_congreso.aspx<\/a><\/span>.<\/p>\n<p><img decoding=\"async\" class=\"aligncenter wp-image-926412 size-full lazyload\" data-src=\"https:\/\/www.ugtcomunicaciones.es\/wordpress\/wp-content\/uploads\/2021\/10\/Telecos-2.jpg\" alt=\"\" width=\"603\" height=\"320\" data-srcset=\"https:\/\/www.ugtcomunicaciones.es\/wordpress\/wp-content\/uploads\/2021\/10\/Telecos-2.jpg 603w, https:\/\/www.ugtcomunicaciones.es\/wordpress\/wp-content\/uploads\/2021\/10\/Telecos-2-300x160.jpg 300w\" data-sizes=\"(max-width: 603px) 100vw, 603px\" src=\"data:image\/svg+xml;base64,PHN2ZyB3aWR0aD0iMSIgaGVpZ2h0PSIxIiB4bWxucz0iaHR0cDovL3d3dy53My5vcmcvMjAwMC9zdmciPjwvc3ZnPg==\" style=\"--smush-placeholder-width: 603px; --smush-placeholder-aspect-ratio: 603\/320;\" \/><\/p>\n<p style=\"text-align: justify;\">Destaca especialmente la partida dedicada al 5G, con 600 millones. A esta cantidad se le sumar\u00e1n otros 570 en 2023, teniendo en cuenta que en 2021 ya se asignaron otros 235. En consecuencia, el plan de ayudas al despliegue de 5G alcanzar\u00e1 los 1.405 millones de euros. Con este montante se espera habilitar m\u00e1s de 14.500 nuevos emplazamientos<sup class=\"modern-footnotes-footnote \" data-mfn=\"5\" data-mfn-post-scope=\"000000000000413c0000000000000000_926410\"><a href=\"javascript:void(0)\"  role=\"button\" aria-pressed=\"false\" aria-describedby=\"mfn-content-000000000000413c0000000000000000_926410-5\">5<\/a><\/sup><span id=\"mfn-content-000000000000413c0000000000000000_926410-5\" role=\"tooltip\" class=\"modern-footnotes-footnote__note\" tabindex=\"0\" data-mfn=\"5\"><a href=\"https:\/\/cincodias.elpais.com\/cincodias\/2021\/10\/14\/companias\/1634224862_060840.html\" target=\"_blank\" rel=\"noopener\">https:\/\/cincodias.elpais.com\/cincodias\/2021\/10\/14\/companias\/1634224862_060840.html<\/a><\/span>.<\/p>\n<p style=\"text-align: justify;\">No ser\u00e1 solo esta partida la que puede dinamizar nuestro depauperado sector. La dedicada al <em>Impulso a la pyme, Digitalizaci\u00f3n e Innovaci\u00f3n<\/em> tambi\u00e9n prev\u00e9 un importante desembolso: otros 1.559 millones<sup class=\"modern-footnotes-footnote \" data-mfn=\"6\" data-mfn-post-scope=\"000000000000413c0000000000000000_926410\"><a href=\"javascript:void(0)\"  role=\"button\" aria-pressed=\"false\" aria-describedby=\"mfn-content-000000000000413c0000000000000000_926410-6\">6<\/a><\/sup><span id=\"mfn-content-000000000000413c0000000000000000_926410-6\" role=\"tooltip\" class=\"modern-footnotes-footnote__note\" tabindex=\"0\" data-mfn=\"6\"><a href=\"https:\/\/www.elespanol.com\/invertia\/empresas\/tecnologia\/20211013\/presupuestos-destinaran-millones-digitalizar-pymes-ia\/619188627_0.html\" target=\"_blank\" rel=\"noopener\">https:\/\/www.elespanol.com\/invertia\/empresas\/tecnologia\/20211013\/presupuestos-destinaran-millones-digitalizar-pymes-ia\/619188627_0.html<\/a><\/span>\u00a0que a buen seguro las operadoras tendr\u00e1n opci\u00f3n de capturar.<\/p>\n<p><img decoding=\"async\" class=\"aligncenter wp-image-926413 size-full lazyload\" data-src=\"https:\/\/www.ugtcomunicaciones.es\/wordpress\/wp-content\/uploads\/2021\/10\/Telecos-3.jpg\" alt=\"\" width=\"466\" height=\"292\" data-srcset=\"https:\/\/www.ugtcomunicaciones.es\/wordpress\/wp-content\/uploads\/2021\/10\/Telecos-3.jpg 466w, https:\/\/www.ugtcomunicaciones.es\/wordpress\/wp-content\/uploads\/2021\/10\/Telecos-3-300x188.jpg 300w\" data-sizes=\"(max-width: 466px) 100vw, 466px\" src=\"data:image\/svg+xml;base64,PHN2ZyB3aWR0aD0iMSIgaGVpZ2h0PSIxIiB4bWxucz0iaHR0cDovL3d3dy53My5vcmcvMjAwMC9zdmciPjwvc3ZnPg==\" style=\"--smush-placeholder-width: 466px; --smush-placeholder-aspect-ratio: 466\/292;\" \/><\/p>\n<p style=\"text-align: justify;\">Y por supuesto, la fuerte inversi\u00f3n para la necesaria <em>Modernizaci\u00f3n de las Administraciones P\u00fablicas<sup class=\"modern-footnotes-footnote \" data-mfn=\"7\" data-mfn-post-scope=\"000000000000413c0000000000000000_926410\"><a href=\"javascript:void(0)\"  role=\"button\" aria-pressed=\"false\" aria-describedby=\"mfn-content-000000000000413c0000000000000000_926410-7\">7<\/a><\/sup><span id=\"mfn-content-000000000000413c0000000000000000_926410-7\" role=\"tooltip\" class=\"modern-footnotes-footnote__note\" tabindex=\"0\" data-mfn=\"7\"><a href=\"https:\/\/administracionelectronica.gob.es\/pae_Home\/pae_Estrategias\/Estrategia-TIC\/Plan-Digitalizacion-AAPP.html\" target=\"_blank\" rel=\"noopener\">https:\/\/administracionelectronica.gob.es\/pae_Home\/pae_Estrategias\/Estrategia-TIC\/Plan-Digitalizacion-AAPP.html<\/a><\/span><\/em>, que frisa los 1.800 millones de euros:<\/p>\n<p><img decoding=\"async\" class=\"aligncenter wp-image-926414 size-full lazyload\" data-src=\"https:\/\/www.ugtcomunicaciones.es\/wordpress\/wp-content\/uploads\/2021\/10\/Telecos-4.jpg\" alt=\"\" width=\"548\" height=\"549\" data-srcset=\"https:\/\/www.ugtcomunicaciones.es\/wordpress\/wp-content\/uploads\/2021\/10\/Telecos-4.jpg 548w, https:\/\/www.ugtcomunicaciones.es\/wordpress\/wp-content\/uploads\/2021\/10\/Telecos-4-300x300.jpg 300w, https:\/\/www.ugtcomunicaciones.es\/wordpress\/wp-content\/uploads\/2021\/10\/Telecos-4-150x150.jpg 150w, https:\/\/www.ugtcomunicaciones.es\/wordpress\/wp-content\/uploads\/2021\/10\/Telecos-4-419x420.jpg 419w\" data-sizes=\"(max-width: 548px) 100vw, 548px\" src=\"data:image\/svg+xml;base64,PHN2ZyB3aWR0aD0iMSIgaGVpZ2h0PSIxIiB4bWxucz0iaHR0cDovL3d3dy53My5vcmcvMjAwMC9zdmciPjwvc3ZnPg==\" style=\"--smush-placeholder-width: 548px; --smush-placeholder-aspect-ratio: 548\/549;\" \/><\/p>\n<p style=\"text-align: justify;\">Finalmente, no podemos dejar de destacar otras partidas que, aunque menores, se antojan b\u00e1sicas: los 114 millones destinados a la <em>Inteligencia Artificial<\/em>, los casi 500 reservados para la <em>Transformaci\u00f3n ambiental y digital del sistema agroalimentario y pesquero<\/em>, los 200 del <em>Programa de digitalizaci\u00f3n e inteligencia para destinos y sector tur\u00edstico<\/em>, 37 para el <em>Plan de Digitalizaci\u00f3n del Sector Deporte<\/em>, 30 para el <em>Programa de fomento, modernizaci\u00f3n y digitalizaci\u00f3n del sector audiovisual<\/em>, los 22 para la <em>Digitalizaci\u00f3n e impulso de los grandes servicios culturales<\/em> o los 659 del <em>Plan Nacional de competencias digitales<\/em>.<\/p>\n<h4 style=\"text-align: right;\"><strong><span style=\"color: #ff0000;\">UGT<\/span> Comunicaciones<\/strong><\/h4>\n<p>&nbsp;<\/p>\n","protected":false},"excerpt":{"rendered":"<p>Los denominados \u201cpresupuestos de la recuperaci\u00f3n\u201d tendr\u00e1n un marcad\u00edsimo car\u00e1cter tecnol\u00f3gico y relacionado con las telecomunicaciones. Una de las ense\u00f1anzas de la pandemia es que una econom\u00eda sin conectividad es una econom\u00eda sin futuro. Y el proyecto de Presupuestos Generales del Estado (PGE) parece, al menos en teor\u00eda, haber aprendido la lecci\u00f3n. Tanto es as\u00ed [&hellip;]<\/p>\n","protected":false},"author":3,"featured_media":929504,"comment_status":"closed","ping_status":"closed","sticky":false,"template":"","format":"standard","meta":{"footnotes":""},"categories":[13,12],"tags":[],"class_list":["post-926410","post","type-post","status-publish","format-standard","has-post-thumbnail","hentry","category-mercado-comunicaciones","category-regulacion"],"yoast_head":"<!-- This site is optimized with the Yoast SEO Premium plugin v27.3 (Yoast SEO v27.4) - https:\/\/yoast.com\/product\/yoast-seo-premium-wordpress\/ -->\n<title>Las Telecos en los PGE 2022 - UGT Comunicaciones<\/title>\n<meta name=\"description\" content=\"Los denominados \u201cpresupuestos de la recuperaci\u00f3n\u201d tendr\u00e1n un marcad\u00edsimo car\u00e1cter tecnol\u00f3gico y relacionado con las telecomunicaciones...\" \/>\n<meta name=\"robots\" content=\"index, follow, max-snippet:-1, max-image-preview:large, max-video-preview:-1\" \/>\n<link rel=\"canonical\" href=\"https:\/\/www.ugtcomunicaciones.es\/wordpress\/las-telecos-en-los-pge-2022\/\" \/>\n<meta property=\"og:locale\" content=\"es_ES\" \/>\n<meta property=\"og:type\" content=\"article\" \/>\n<meta property=\"og:title\" content=\"Las Telecos en los PGE 2022\" \/>\n<meta property=\"og:description\" content=\"Los denominados \u201cpresupuestos de la recuperaci\u00f3n\u201d tendr\u00e1n un marcad\u00edsimo car\u00e1cter tecnol\u00f3gico y relacionado con las telecomunicaciones...\" \/>\n<meta property=\"og:url\" content=\"https:\/\/www.ugtcomunicaciones.es\/wordpress\/las-telecos-en-los-pge-2022\/\" \/>\n<meta property=\"og:site_name\" content=\"UGT Comunicaciones\" \/>\n<meta property=\"article:publisher\" content=\"https:\/\/www.facebook.com\/ugt.comunicaciones\/\" \/>\n<meta property=\"article:published_time\" content=\"2021-11-02T05:00:03+00:00\" \/>\n<meta property=\"article:modified_time\" content=\"2021-11-02T08:30:33+00:00\" \/>\n<meta property=\"og:image\" content=\"https:\/\/www.ugtcomunicaciones.es\/wordpress\/wp-content\/uploads\/2021\/11\/telecos-pge-2022.jpg\" \/>\n\t<meta property=\"og:image:width\" content=\"600\" \/>\n\t<meta property=\"og:image:height\" content=\"400\" \/>\n\t<meta property=\"og:image:type\" content=\"image\/jpeg\" \/>\n<meta name=\"author\" content=\"UGT\" \/>\n<meta name=\"twitter:card\" content=\"summary_large_image\" \/>\n<meta name=\"twitter:creator\" content=\"@ugtcom\" \/>\n<meta name=\"twitter:site\" content=\"@ugtcom\" \/>\n<meta name=\"twitter:label1\" content=\"Escrito por\" \/>\n\t<meta name=\"twitter:data1\" content=\"UGT\" \/>\n\t<meta name=\"twitter:label2\" content=\"Tiempo de lectura\" \/>\n\t<meta name=\"twitter:data2\" content=\"3 minutos\" \/>\n<script type=\"application\/ld+json\" class=\"yoast-schema-graph\">{\"@context\":\"https:\\\/\\\/schema.org\",\"@graph\":[{\"@type\":\"Article\",\"@id\":\"https:\\\/\\\/www.ugtcomunicaciones.es\\\/wordpress\\\/las-telecos-en-los-pge-2022\\\/#article\",\"isPartOf\":{\"@id\":\"https:\\\/\\\/www.ugtcomunicaciones.es\\\/wordpress\\\/las-telecos-en-los-pge-2022\\\/\"},\"author\":{\"name\":\"UGT\",\"@id\":\"https:\\\/\\\/www.ugtcomunicaciones.es\\\/wordpress\\\/#\\\/schema\\\/person\\\/eba0fc3fe5b444531d94d4368cba89ed\"},\"headline\":\"Las Telecos en los PGE 2022\",\"datePublished\":\"2021-11-02T05:00:03+00:00\",\"dateModified\":\"2021-11-02T08:30:33+00:00\",\"mainEntityOfPage\":{\"@id\":\"https:\\\/\\\/www.ugtcomunicaciones.es\\\/wordpress\\\/las-telecos-en-los-pge-2022\\\/\"},\"wordCount\":402,\"publisher\":{\"@id\":\"https:\\\/\\\/www.ugtcomunicaciones.es\\\/wordpress\\\/#organization\"},\"image\":{\"@id\":\"https:\\\/\\\/www.ugtcomunicaciones.es\\\/wordpress\\\/las-telecos-en-los-pge-2022\\\/#primaryimage\"},\"thumbnailUrl\":\"https:\\\/\\\/www.ugtcomunicaciones.es\\\/wordpress\\\/wp-content\\\/uploads\\\/2021\\\/11\\\/telecos-pge-2022.jpg\",\"articleSection\":[\"Mercado Comunicaciones\",\"Regulaci\u00f3n\"],\"inLanguage\":\"es\"},{\"@type\":\"WebPage\",\"@id\":\"https:\\\/\\\/www.ugtcomunicaciones.es\\\/wordpress\\\/las-telecos-en-los-pge-2022\\\/\",\"url\":\"https:\\\/\\\/www.ugtcomunicaciones.es\\\/wordpress\\\/las-telecos-en-los-pge-2022\\\/\",\"name\":\"Las Telecos en los PGE 2022 - UGT Comunicaciones\",\"isPartOf\":{\"@id\":\"https:\\\/\\\/www.ugtcomunicaciones.es\\\/wordpress\\\/#website\"},\"primaryImageOfPage\":{\"@id\":\"https:\\\/\\\/www.ugtcomunicaciones.es\\\/wordpress\\\/las-telecos-en-los-pge-2022\\\/#primaryimage\"},\"image\":{\"@id\":\"https:\\\/\\\/www.ugtcomunicaciones.es\\\/wordpress\\\/las-telecos-en-los-pge-2022\\\/#primaryimage\"},\"thumbnailUrl\":\"https:\\\/\\\/www.ugtcomunicaciones.es\\\/wordpress\\\/wp-content\\\/uploads\\\/2021\\\/11\\\/telecos-pge-2022.jpg\",\"datePublished\":\"2021-11-02T05:00:03+00:00\",\"dateModified\":\"2021-11-02T08:30:33+00:00\",\"description\":\"Los denominados \u201cpresupuestos de la recuperaci\u00f3n\u201d tendr\u00e1n un marcad\u00edsimo car\u00e1cter tecnol\u00f3gico y relacionado con las telecomunicaciones...\",\"breadcrumb\":{\"@id\":\"https:\\\/\\\/www.ugtcomunicaciones.es\\\/wordpress\\\/las-telecos-en-los-pge-2022\\\/#breadcrumb\"},\"inLanguage\":\"es\",\"potentialAction\":[{\"@type\":\"ReadAction\",\"target\":[\"https:\\\/\\\/www.ugtcomunicaciones.es\\\/wordpress\\\/las-telecos-en-los-pge-2022\\\/\"]}]},{\"@type\":\"ImageObject\",\"inLanguage\":\"es\",\"@id\":\"https:\\\/\\\/www.ugtcomunicaciones.es\\\/wordpress\\\/las-telecos-en-los-pge-2022\\\/#primaryimage\",\"url\":\"https:\\\/\\\/www.ugtcomunicaciones.es\\\/wordpress\\\/wp-content\\\/uploads\\\/2021\\\/11\\\/telecos-pge-2022.jpg\",\"contentUrl\":\"https:\\\/\\\/www.ugtcomunicaciones.es\\\/wordpress\\\/wp-content\\\/uploads\\\/2021\\\/11\\\/telecos-pge-2022.jpg\",\"width\":600,\"height\":400,\"caption\":\"telecos-pge-2022\"},{\"@type\":\"BreadcrumbList\",\"@id\":\"https:\\\/\\\/www.ugtcomunicaciones.es\\\/wordpress\\\/las-telecos-en-los-pge-2022\\\/#breadcrumb\",\"itemListElement\":[{\"@type\":\"ListItem\",\"position\":1,\"name\":\"Portada\",\"item\":\"https:\\\/\\\/www.ugtcomunicaciones.es\\\/wordpress\\\/\"},{\"@type\":\"ListItem\",\"position\":2,\"name\":\"Las Telecos en los PGE 2022\"}]},{\"@type\":\"WebSite\",\"@id\":\"https:\\\/\\\/www.ugtcomunicaciones.es\\\/wordpress\\\/#website\",\"url\":\"https:\\\/\\\/www.ugtcomunicaciones.es\\\/wordpress\\\/\",\"name\":\"UGT Comunicaciones\",\"description\":\"Sindicato de Telecomunicaciones\",\"publisher\":{\"@id\":\"https:\\\/\\\/www.ugtcomunicaciones.es\\\/wordpress\\\/#organization\"},\"potentialAction\":[{\"@type\":\"SearchAction\",\"target\":{\"@type\":\"EntryPoint\",\"urlTemplate\":\"https:\\\/\\\/www.ugtcomunicaciones.es\\\/wordpress\\\/?s={search_term_string}\"},\"query-input\":{\"@type\":\"PropertyValueSpecification\",\"valueRequired\":true,\"valueName\":\"search_term_string\"}}],\"inLanguage\":\"es\"},{\"@type\":\"Organization\",\"@id\":\"https:\\\/\\\/www.ugtcomunicaciones.es\\\/wordpress\\\/#organization\",\"name\":\"UGT Comunicaciones\",\"url\":\"https:\\\/\\\/www.ugtcomunicaciones.es\\\/wordpress\\\/\",\"logo\":{\"@type\":\"ImageObject\",\"inLanguage\":\"es\",\"@id\":\"https:\\\/\\\/www.ugtcomunicaciones.es\\\/wordpress\\\/#\\\/schema\\\/logo\\\/image\\\/\",\"url\":\"https:\\\/\\\/www.ugtcomunicaciones.es\\\/wordpress\\\/wp-content\\\/uploads\\\/2024\\\/04\\\/comunicaciones_logo.png\",\"contentUrl\":\"https:\\\/\\\/www.ugtcomunicaciones.es\\\/wordpress\\\/wp-content\\\/uploads\\\/2024\\\/04\\\/comunicaciones_logo.png\",\"width\":298,\"height\":81,\"caption\":\"UGT Comunicaciones\"},\"image\":{\"@id\":\"https:\\\/\\\/www.ugtcomunicaciones.es\\\/wordpress\\\/#\\\/schema\\\/logo\\\/image\\\/\"},\"sameAs\":[\"https:\\\/\\\/www.facebook.com\\\/ugt.comunicaciones\\\/\",\"https:\\\/\\\/x.com\\\/ugtcom\"]},{\"@type\":\"Person\",\"@id\":\"https:\\\/\\\/www.ugtcomunicaciones.es\\\/wordpress\\\/#\\\/schema\\\/person\\\/eba0fc3fe5b444531d94d4368cba89ed\",\"name\":\"UGT\",\"image\":{\"@type\":\"ImageObject\",\"inLanguage\":\"es\",\"@id\":\"https:\\\/\\\/secure.gravatar.com\\\/avatar\\\/2a16057d620a4c646bcfc171c4f23030879ebbdd346f0525bd5d4a564e57e13d?s=96&d=mm&r=g\",\"url\":\"https:\\\/\\\/secure.gravatar.com\\\/avatar\\\/2a16057d620a4c646bcfc171c4f23030879ebbdd346f0525bd5d4a564e57e13d?s=96&d=mm&r=g\",\"contentUrl\":\"https:\\\/\\\/secure.gravatar.com\\\/avatar\\\/2a16057d620a4c646bcfc171c4f23030879ebbdd346f0525bd5d4a564e57e13d?s=96&d=mm&r=g\",\"caption\":\"UGT\"}}]}<\/script>\n<!-- \/ Yoast SEO Premium plugin. -->","yoast_head_json":{"title":"Las Telecos en los PGE 2022 - UGT Comunicaciones","description":"Los denominados \u201cpresupuestos de la recuperaci\u00f3n\u201d tendr\u00e1n un marcad\u00edsimo car\u00e1cter tecnol\u00f3gico y relacionado con las telecomunicaciones...","robots":{"index":"index","follow":"follow","max-snippet":"max-snippet:-1","max-image-preview":"max-image-preview:large","max-video-preview":"max-video-preview:-1"},"canonical":"https:\/\/www.ugtcomunicaciones.es\/wordpress\/las-telecos-en-los-pge-2022\/","og_locale":"es_ES","og_type":"article","og_title":"Las Telecos en los PGE 2022","og_description":"Los denominados \u201cpresupuestos de la recuperaci\u00f3n\u201d tendr\u00e1n un marcad\u00edsimo car\u00e1cter tecnol\u00f3gico y relacionado con las telecomunicaciones...","og_url":"https:\/\/www.ugtcomunicaciones.es\/wordpress\/las-telecos-en-los-pge-2022\/","og_site_name":"UGT Comunicaciones","article_publisher":"https:\/\/www.facebook.com\/ugt.comunicaciones\/","article_published_time":"2021-11-02T05:00:03+00:00","article_modified_time":"2021-11-02T08:30:33+00:00","og_image":[{"width":600,"height":400,"url":"https:\/\/www.ugtcomunicaciones.es\/wordpress\/wp-content\/uploads\/2021\/11\/telecos-pge-2022.jpg","type":"image\/jpeg"}],"author":"UGT","twitter_card":"summary_large_image","twitter_creator":"@ugtcom","twitter_site":"@ugtcom","twitter_misc":{"Escrito por":"UGT","Tiempo de lectura":"3 minutos"},"schema":{"@context":"https:\/\/schema.org","@graph":[{"@type":"Article","@id":"https:\/\/www.ugtcomunicaciones.es\/wordpress\/las-telecos-en-los-pge-2022\/#article","isPartOf":{"@id":"https:\/\/www.ugtcomunicaciones.es\/wordpress\/las-telecos-en-los-pge-2022\/"},"author":{"name":"UGT","@id":"https:\/\/www.ugtcomunicaciones.es\/wordpress\/#\/schema\/person\/eba0fc3fe5b444531d94d4368cba89ed"},"headline":"Las Telecos en los PGE 2022","datePublished":"2021-11-02T05:00:03+00:00","dateModified":"2021-11-02T08:30:33+00:00","mainEntityOfPage":{"@id":"https:\/\/www.ugtcomunicaciones.es\/wordpress\/las-telecos-en-los-pge-2022\/"},"wordCount":402,"publisher":{"@id":"https:\/\/www.ugtcomunicaciones.es\/wordpress\/#organization"},"image":{"@id":"https:\/\/www.ugtcomunicaciones.es\/wordpress\/las-telecos-en-los-pge-2022\/#primaryimage"},"thumbnailUrl":"https:\/\/www.ugtcomunicaciones.es\/wordpress\/wp-content\/uploads\/2021\/11\/telecos-pge-2022.jpg","articleSection":["Mercado Comunicaciones","Regulaci\u00f3n"],"inLanguage":"es"},{"@type":"WebPage","@id":"https:\/\/www.ugtcomunicaciones.es\/wordpress\/las-telecos-en-los-pge-2022\/","url":"https:\/\/www.ugtcomunicaciones.es\/wordpress\/las-telecos-en-los-pge-2022\/","name":"Las Telecos en los PGE 2022 - UGT Comunicaciones","isPartOf":{"@id":"https:\/\/www.ugtcomunicaciones.es\/wordpress\/#website"},"primaryImageOfPage":{"@id":"https:\/\/www.ugtcomunicaciones.es\/wordpress\/las-telecos-en-los-pge-2022\/#primaryimage"},"image":{"@id":"https:\/\/www.ugtcomunicaciones.es\/wordpress\/las-telecos-en-los-pge-2022\/#primaryimage"},"thumbnailUrl":"https:\/\/www.ugtcomunicaciones.es\/wordpress\/wp-content\/uploads\/2021\/11\/telecos-pge-2022.jpg","datePublished":"2021-11-02T05:00:03+00:00","dateModified":"2021-11-02T08:30:33+00:00","description":"Los denominados \u201cpresupuestos de la recuperaci\u00f3n\u201d tendr\u00e1n un marcad\u00edsimo car\u00e1cter tecnol\u00f3gico y relacionado con las telecomunicaciones...","breadcrumb":{"@id":"https:\/\/www.ugtcomunicaciones.es\/wordpress\/las-telecos-en-los-pge-2022\/#breadcrumb"},"inLanguage":"es","potentialAction":[{"@type":"ReadAction","target":["https:\/\/www.ugtcomunicaciones.es\/wordpress\/las-telecos-en-los-pge-2022\/"]}]},{"@type":"ImageObject","inLanguage":"es","@id":"https:\/\/www.ugtcomunicaciones.es\/wordpress\/las-telecos-en-los-pge-2022\/#primaryimage","url":"https:\/\/www.ugtcomunicaciones.es\/wordpress\/wp-content\/uploads\/2021\/11\/telecos-pge-2022.jpg","contentUrl":"https:\/\/www.ugtcomunicaciones.es\/wordpress\/wp-content\/uploads\/2021\/11\/telecos-pge-2022.jpg","width":600,"height":400,"caption":"telecos-pge-2022"},{"@type":"BreadcrumbList","@id":"https:\/\/www.ugtcomunicaciones.es\/wordpress\/las-telecos-en-los-pge-2022\/#breadcrumb","itemListElement":[{"@type":"ListItem","position":1,"name":"Portada","item":"https:\/\/www.ugtcomunicaciones.es\/wordpress\/"},{"@type":"ListItem","position":2,"name":"Las Telecos en los PGE 2022"}]},{"@type":"WebSite","@id":"https:\/\/www.ugtcomunicaciones.es\/wordpress\/#website","url":"https:\/\/www.ugtcomunicaciones.es\/wordpress\/","name":"UGT Comunicaciones","description":"Sindicato de Telecomunicaciones","publisher":{"@id":"https:\/\/www.ugtcomunicaciones.es\/wordpress\/#organization"},"potentialAction":[{"@type":"SearchAction","target":{"@type":"EntryPoint","urlTemplate":"https:\/\/www.ugtcomunicaciones.es\/wordpress\/?s={search_term_string}"},"query-input":{"@type":"PropertyValueSpecification","valueRequired":true,"valueName":"search_term_string"}}],"inLanguage":"es"},{"@type":"Organization","@id":"https:\/\/www.ugtcomunicaciones.es\/wordpress\/#organization","name":"UGT Comunicaciones","url":"https:\/\/www.ugtcomunicaciones.es\/wordpress\/","logo":{"@type":"ImageObject","inLanguage":"es","@id":"https:\/\/www.ugtcomunicaciones.es\/wordpress\/#\/schema\/logo\/image\/","url":"https:\/\/www.ugtcomunicaciones.es\/wordpress\/wp-content\/uploads\/2024\/04\/comunicaciones_logo.png","contentUrl":"https:\/\/www.ugtcomunicaciones.es\/wordpress\/wp-content\/uploads\/2024\/04\/comunicaciones_logo.png","width":298,"height":81,"caption":"UGT Comunicaciones"},"image":{"@id":"https:\/\/www.ugtcomunicaciones.es\/wordpress\/#\/schema\/logo\/image\/"},"sameAs":["https:\/\/www.facebook.com\/ugt.comunicaciones\/","https:\/\/x.com\/ugtcom"]},{"@type":"Person","@id":"https:\/\/www.ugtcomunicaciones.es\/wordpress\/#\/schema\/person\/eba0fc3fe5b444531d94d4368cba89ed","name":"UGT","image":{"@type":"ImageObject","inLanguage":"es","@id":"https:\/\/secure.gravatar.com\/avatar\/2a16057d620a4c646bcfc171c4f23030879ebbdd346f0525bd5d4a564e57e13d?s=96&d=mm&r=g","url":"https:\/\/secure.gravatar.com\/avatar\/2a16057d620a4c646bcfc171c4f23030879ebbdd346f0525bd5d4a564e57e13d?s=96&d=mm&r=g","contentUrl":"https:\/\/secure.gravatar.com\/avatar\/2a16057d620a4c646bcfc171c4f23030879ebbdd346f0525bd5d4a564e57e13d?s=96&d=mm&r=g","caption":"UGT"}}]}},"_links":{"self":[{"href":"https:\/\/www.ugtcomunicaciones.es\/wordpress\/wp-json\/wp\/v2\/posts\/926410","targetHints":{"allow":["GET"]}}],"collection":[{"href":"https:\/\/www.ugtcomunicaciones.es\/wordpress\/wp-json\/wp\/v2\/posts"}],"about":[{"href":"https:\/\/www.ugtcomunicaciones.es\/wordpress\/wp-json\/wp\/v2\/types\/post"}],"author":[{"embeddable":true,"href":"https:\/\/www.ugtcomunicaciones.es\/wordpress\/wp-json\/wp\/v2\/users\/3"}],"replies":[{"embeddable":true,"href":"https:\/\/www.ugtcomunicaciones.es\/wordpress\/wp-json\/wp\/v2\/comments?post=926410"}],"version-history":[{"count":0,"href":"https:\/\/www.ugtcomunicaciones.es\/wordpress\/wp-json\/wp\/v2\/posts\/926410\/revisions"}],"wp:featuredmedia":[{"embeddable":true,"href":"https:\/\/www.ugtcomunicaciones.es\/wordpress\/wp-json\/wp\/v2\/media\/929504"}],"wp:attachment":[{"href":"https:\/\/www.ugtcomunicaciones.es\/wordpress\/wp-json\/wp\/v2\/media?parent=926410"}],"wp:term":[{"taxonomy":"category","embeddable":true,"href":"https:\/\/www.ugtcomunicaciones.es\/wordpress\/wp-json\/wp\/v2\/categories?post=926410"},{"taxonomy":"post_tag","embeddable":true,"href":"https:\/\/www.ugtcomunicaciones.es\/wordpress\/wp-json\/wp\/v2\/tags?post=926410"}],"curies":[{"name":"wp","href":"https:\/\/api.w.org\/{rel}","templated":true}]}}