{"id":926855,"date":"2021-10-22T15:11:25","date_gmt":"2021-10-22T13:11:25","guid":{"rendered":"https:\/\/www.ugtcomunicaciones.es\/wordpress\/?p=926855"},"modified":"2021-10-22T15:11:46","modified_gmt":"2021-10-22T13:11:46","slug":"canal-indirecto-pequena-empresa-nuevas-oportunidades-de-desarrollo-en-otras-areas","status":"publish","type":"post","link":"https:\/\/www.ugtcomunicaciones.es\/wordpress\/canal-indirecto-pequena-empresa-nuevas-oportunidades-de-desarrollo-en-otras-areas\/","title":{"rendered":"Canal Indirecto Peque\u00f1a Empresa. Nuevas oportunidades de desarrollo en otras \u00e1reas"},"content":{"rendered":"<p style=\"text-align: justify;\">Hemos mantenido una reuni\u00f3n con la <strong>direcci\u00f3n de Canal Indirecto Peque\u00f1a Empresa<\/strong> en la que nos trasladan que, dando continuidad al Plan de Transformaci\u00f3n de Pymes, van a ordenar este segmento hacia un modelo \u00fanico de gesti\u00f3n.<\/p>\n<p style=\"text-align: justify;\">Se trata de hacer una transformaci\u00f3n hacia un modelo en el que se aprovechen las oportunidades del trabajo en remoto, y en el que se adapten y redimensionen las gerencias, de forma que cada gerencia se ocupe de la gesti\u00f3n de uno de los cuatro distribuidores nacionales, manteniendo la gesti\u00f3n de cercan\u00eda de los distribuidores locales.<\/p>\n<p style=\"text-align: justify;\">Este cambio abre la posibilidad de que aquellos T\u00e9cnicos Comerciales (RV2) que lo deseen puedan cambiar de actividad, y para ello se van se van a convocar 4 procesos voluntario con los destinos siguientes:<\/p>\n<ul style=\"text-align: justify;\">\n<li>RV3 Venta Especialista TI. Contar\u00e1n con carrera comercial e incentivos.<\/li>\n<li>RV1 Canal Telef\u00f3nico PE. Contar\u00e1n con carrera comercial e incentivos.<\/li>\n<li>CGC Mediana Empresa. Sin carrera comercial, pero con incentivos.<\/li>\n<li>Tramitaci\u00f3n Movistar Fusi\u00f3n Empresas. Sin carrera comercial y sin incentivos.<\/li>\n<\/ul>\n<p style=\"text-align: justify;\">Los procesos estar\u00e1n disponibles <strong>desde hoy hasta el viernes 29 de octubre<\/strong>. La previsi\u00f3n es que la nueva organizaci\u00f3n comience a funcionar el d\u00eda 1 de noviembre, con la incorporaci\u00f3n paulatina a los nuevos puestos entre el 1 de diciembre y el 1 de enero.<\/p>\n<p style=\"text-align: justify;\"><span style=\"color: #ff0000;\"><strong>UGT<\/strong><\/span> consulta acerca del dimensionamiento aproximado del cambio, respondiendo la empresa que, aproximadamente, 20 personas podr\u00e1n cambiar de actividad, valor\u00e1ndose todas las opciones que se presenten. En el caso de las personas que se presenten voluntarias para el segmento RV3, su adscripci\u00f3n final depender\u00e1 de una entrevista personal.<\/p>\n<p style=\"text-align: justify;\">Para <span style=\"color: #ff0000;\"><strong>UGT<\/strong><\/span> es imprescindible que todas las personas puedan optar por cualquiera de las opciones, por lo que insistimos en que se concedan todas las solicitudes que se produzcan independientemente de la localizaci\u00f3n de las peticiones, <strong>garantizando la formaci\u00f3n correspondiente que permita una adaptaci\u00f3n adecuada a las nuevas funciones<\/strong>. Tambi\u00e9n hacemos hincapi\u00e9 <strong>en la importancia de que se tengan en cuenta los periodos de cierre de incentivos para que no afecte negativamente el cambio.<\/strong><\/p>\n<p style=\"text-align: justify;\">Por \u00faltimo, solicitamos que para aquellas personas en cuyos destinos exista carrera comercial (RV1 y RV3) se <strong>apliquen los criterios establecidos en el modelo de carrera comercial.<\/strong><strong>\u00a0<\/strong><\/p>\n<p style=\"text-align: justify;\"><span style=\"color: #ff0000;\"><strong>UGT<\/strong><\/span> siempre ha valorado positivamente que existan posibilidades de desarrollo en otras \u00e1reas de forma <strong>voluntaria<\/strong>, pero vemos que es necesario que los planes de transformaci\u00f3n se mantengan en el tiempo con garant\u00eda de estabilidad y de futuro en un \u00e1rea tan importante como es el canal de distribuci\u00f3n.<\/p>\n<h4 style=\"text-align: right;\"><strong><span style=\"color: #ff0000;\">UGT<\/span> Comunicaciones<\/strong><\/h4>\n","protected":false},"excerpt":{"rendered":"<p>Hemos mantenido una reuni\u00f3n con la direcci\u00f3n de Canal Indirecto Peque\u00f1a Empresa en la que nos trasladan que, dando continuidad al Plan de Transformaci\u00f3n de Pymes, van a ordenar este segmento hacia un modelo \u00fanico de gesti\u00f3n. Se trata de hacer una transformaci\u00f3n hacia un modelo en el que se aprovechen las oportunidades del trabajo [&hellip;]<\/p>\n","protected":false},"author":3,"featured_media":603882,"comment_status":"closed","ping_status":"closed","sticky":false,"template":"","format":"standard","meta":{"footnotes":""},"categories":[8,25,7,26],"tags":[],"class_list":["post-926855","post","type-post","status-publish","format-standard","has-post-thumbnail","hentry","category-telefonica-cev","category-telefonica","category-telefonica-moviles","category-telefonica-soluciones"],"yoast_head":"<!-- This site is optimized with the Yoast SEO Premium plugin v27.3 (Yoast SEO v27.4) - https:\/\/yoast.com\/product\/yoast-seo-premium-wordpress\/ -->\n<title>Canal Indirecto Peque\u00f1a Empresa. Nuevas oportunidades de desarrollo en otras \u00e1reas - UGT Comunicaciones<\/title>\n<meta name=\"robots\" content=\"index, follow, max-snippet:-1, max-image-preview:large, max-video-preview:-1\" \/>\n<link rel=\"canonical\" href=\"https:\/\/www.ugtcomunicaciones.es\/wordpress\/canal-indirecto-pequena-empresa-nuevas-oportunidades-de-desarrollo-en-otras-areas\/\" \/>\n<meta property=\"og:locale\" content=\"es_ES\" \/>\n<meta property=\"og:type\" content=\"article\" \/>\n<meta property=\"og:title\" content=\"Canal Indirecto Peque\u00f1a Empresa. Nuevas oportunidades de desarrollo en otras \u00e1reas\" \/>\n<meta property=\"og:description\" content=\"Hemos mantenido una reuni\u00f3n con la direcci\u00f3n de Canal Indirecto Peque\u00f1a Empresa en la que nos trasladan que, dando continuidad al Plan de Transformaci\u00f3n de Pymes, van a ordenar este segmento hacia un modelo \u00fanico de gesti\u00f3n. Se trata de hacer una transformaci\u00f3n hacia un modelo en el que se aprovechen las oportunidades del trabajo [&hellip;]\" \/>\n<meta property=\"og:url\" content=\"https:\/\/www.ugtcomunicaciones.es\/wordpress\/canal-indirecto-pequena-empresa-nuevas-oportunidades-de-desarrollo-en-otras-areas\/\" \/>\n<meta property=\"og:site_name\" content=\"UGT Comunicaciones\" \/>\n<meta property=\"article:publisher\" content=\"https:\/\/www.facebook.com\/ugt.comunicaciones\/\" \/>\n<meta property=\"article:published_time\" content=\"2021-10-22T13:11:25+00:00\" \/>\n<meta property=\"article:modified_time\" content=\"2021-10-22T13:11:46+00:00\" \/>\n<meta property=\"og:image\" content=\"https:\/\/www.ugtcomunicaciones.es\/wordpress\/wp-content\/uploads\/2020\/06\/comercial1.jpg\" \/>\n\t<meta property=\"og:image:width\" content=\"600\" \/>\n\t<meta property=\"og:image:height\" content=\"300\" \/>\n\t<meta property=\"og:image:type\" content=\"image\/jpeg\" \/>\n<meta name=\"author\" content=\"UGT\" \/>\n<meta name=\"twitter:card\" content=\"summary_large_image\" \/>\n<meta name=\"twitter:creator\" content=\"@ugtcom\" \/>\n<meta name=\"twitter:site\" content=\"@ugtcom\" \/>\n<meta name=\"twitter:label1\" content=\"Escrito por\" \/>\n\t<meta name=\"twitter:data1\" content=\"UGT\" \/>\n\t<meta name=\"twitter:label2\" content=\"Tiempo de lectura\" \/>\n\t<meta name=\"twitter:data2\" content=\"2 minutos\" \/>\n<script type=\"application\/ld+json\" class=\"yoast-schema-graph\">{\"@context\":\"https:\\\/\\\/schema.org\",\"@graph\":[{\"@type\":\"Article\",\"@id\":\"https:\\\/\\\/www.ugtcomunicaciones.es\\\/wordpress\\\/canal-indirecto-pequena-empresa-nuevas-oportunidades-de-desarrollo-en-otras-areas\\\/#article\",\"isPartOf\":{\"@id\":\"https:\\\/\\\/www.ugtcomunicaciones.es\\\/wordpress\\\/canal-indirecto-pequena-empresa-nuevas-oportunidades-de-desarrollo-en-otras-areas\\\/\"},\"author\":{\"name\":\"UGT\",\"@id\":\"https:\\\/\\\/www.ugtcomunicaciones.es\\\/wordpress\\\/#\\\/schema\\\/person\\\/eba0fc3fe5b444531d94d4368cba89ed\"},\"headline\":\"Canal Indirecto Peque\u00f1a Empresa. Nuevas oportunidades de desarrollo en otras \u00e1reas\",\"datePublished\":\"2021-10-22T13:11:25+00:00\",\"dateModified\":\"2021-10-22T13:11:46+00:00\",\"mainEntityOfPage\":{\"@id\":\"https:\\\/\\\/www.ugtcomunicaciones.es\\\/wordpress\\\/canal-indirecto-pequena-empresa-nuevas-oportunidades-de-desarrollo-en-otras-areas\\\/\"},\"wordCount\":447,\"publisher\":{\"@id\":\"https:\\\/\\\/www.ugtcomunicaciones.es\\\/wordpress\\\/#organization\"},\"image\":{\"@id\":\"https:\\\/\\\/www.ugtcomunicaciones.es\\\/wordpress\\\/canal-indirecto-pequena-empresa-nuevas-oportunidades-de-desarrollo-en-otras-areas\\\/#primaryimage\"},\"thumbnailUrl\":\"https:\\\/\\\/www.ugtcomunicaciones.es\\\/wordpress\\\/wp-content\\\/uploads\\\/2020\\\/06\\\/comercial1.jpg\",\"articleSection\":[\"Telef\u00f3nica CEV\",\"Telef\u00f3nica de Espa\u00f1a\",\"Telef\u00f3nica M\u00f3viles\",\"Telef\u00f3nica Soluciones\"],\"inLanguage\":\"es\"},{\"@type\":\"WebPage\",\"@id\":\"https:\\\/\\\/www.ugtcomunicaciones.es\\\/wordpress\\\/canal-indirecto-pequena-empresa-nuevas-oportunidades-de-desarrollo-en-otras-areas\\\/\",\"url\":\"https:\\\/\\\/www.ugtcomunicaciones.es\\\/wordpress\\\/canal-indirecto-pequena-empresa-nuevas-oportunidades-de-desarrollo-en-otras-areas\\\/\",\"name\":\"Canal Indirecto Peque\u00f1a Empresa. Nuevas oportunidades de desarrollo en otras \u00e1reas - UGT Comunicaciones\",\"isPartOf\":{\"@id\":\"https:\\\/\\\/www.ugtcomunicaciones.es\\\/wordpress\\\/#website\"},\"primaryImageOfPage\":{\"@id\":\"https:\\\/\\\/www.ugtcomunicaciones.es\\\/wordpress\\\/canal-indirecto-pequena-empresa-nuevas-oportunidades-de-desarrollo-en-otras-areas\\\/#primaryimage\"},\"image\":{\"@id\":\"https:\\\/\\\/www.ugtcomunicaciones.es\\\/wordpress\\\/canal-indirecto-pequena-empresa-nuevas-oportunidades-de-desarrollo-en-otras-areas\\\/#primaryimage\"},\"thumbnailUrl\":\"https:\\\/\\\/www.ugtcomunicaciones.es\\\/wordpress\\\/wp-content\\\/uploads\\\/2020\\\/06\\\/comercial1.jpg\",\"datePublished\":\"2021-10-22T13:11:25+00:00\",\"dateModified\":\"2021-10-22T13:11:46+00:00\",\"breadcrumb\":{\"@id\":\"https:\\\/\\\/www.ugtcomunicaciones.es\\\/wordpress\\\/canal-indirecto-pequena-empresa-nuevas-oportunidades-de-desarrollo-en-otras-areas\\\/#breadcrumb\"},\"inLanguage\":\"es\",\"potentialAction\":[{\"@type\":\"ReadAction\",\"target\":[\"https:\\\/\\\/www.ugtcomunicaciones.es\\\/wordpress\\\/canal-indirecto-pequena-empresa-nuevas-oportunidades-de-desarrollo-en-otras-areas\\\/\"]}]},{\"@type\":\"ImageObject\",\"inLanguage\":\"es\",\"@id\":\"https:\\\/\\\/www.ugtcomunicaciones.es\\\/wordpress\\\/canal-indirecto-pequena-empresa-nuevas-oportunidades-de-desarrollo-en-otras-areas\\\/#primaryimage\",\"url\":\"https:\\\/\\\/www.ugtcomunicaciones.es\\\/wordpress\\\/wp-content\\\/uploads\\\/2020\\\/06\\\/comercial1.jpg\",\"contentUrl\":\"https:\\\/\\\/www.ugtcomunicaciones.es\\\/wordpress\\\/wp-content\\\/uploads\\\/2020\\\/06\\\/comercial1.jpg\",\"width\":600,\"height\":300},{\"@type\":\"BreadcrumbList\",\"@id\":\"https:\\\/\\\/www.ugtcomunicaciones.es\\\/wordpress\\\/canal-indirecto-pequena-empresa-nuevas-oportunidades-de-desarrollo-en-otras-areas\\\/#breadcrumb\",\"itemListElement\":[{\"@type\":\"ListItem\",\"position\":1,\"name\":\"Portada\",\"item\":\"https:\\\/\\\/www.ugtcomunicaciones.es\\\/wordpress\\\/\"},{\"@type\":\"ListItem\",\"position\":2,\"name\":\"Canal Indirecto Peque\u00f1a Empresa. Nuevas oportunidades de desarrollo en otras \u00e1reas\"}]},{\"@type\":\"WebSite\",\"@id\":\"https:\\\/\\\/www.ugtcomunicaciones.es\\\/wordpress\\\/#website\",\"url\":\"https:\\\/\\\/www.ugtcomunicaciones.es\\\/wordpress\\\/\",\"name\":\"UGT Comunicaciones\",\"description\":\"Sindicato de Telecomunicaciones\",\"publisher\":{\"@id\":\"https:\\\/\\\/www.ugtcomunicaciones.es\\\/wordpress\\\/#organization\"},\"potentialAction\":[{\"@type\":\"SearchAction\",\"target\":{\"@type\":\"EntryPoint\",\"urlTemplate\":\"https:\\\/\\\/www.ugtcomunicaciones.es\\\/wordpress\\\/?s={search_term_string}\"},\"query-input\":{\"@type\":\"PropertyValueSpecification\",\"valueRequired\":true,\"valueName\":\"search_term_string\"}}],\"inLanguage\":\"es\"},{\"@type\":\"Organization\",\"@id\":\"https:\\\/\\\/www.ugtcomunicaciones.es\\\/wordpress\\\/#organization\",\"name\":\"UGT Comunicaciones\",\"url\":\"https:\\\/\\\/www.ugtcomunicaciones.es\\\/wordpress\\\/\",\"logo\":{\"@type\":\"ImageObject\",\"inLanguage\":\"es\",\"@id\":\"https:\\\/\\\/www.ugtcomunicaciones.es\\\/wordpress\\\/#\\\/schema\\\/logo\\\/image\\\/\",\"url\":\"https:\\\/\\\/www.ugtcomunicaciones.es\\\/wordpress\\\/wp-content\\\/uploads\\\/2024\\\/04\\\/comunicaciones_logo.png\",\"contentUrl\":\"https:\\\/\\\/www.ugtcomunicaciones.es\\\/wordpress\\\/wp-content\\\/uploads\\\/2024\\\/04\\\/comunicaciones_logo.png\",\"width\":298,\"height\":81,\"caption\":\"UGT Comunicaciones\"},\"image\":{\"@id\":\"https:\\\/\\\/www.ugtcomunicaciones.es\\\/wordpress\\\/#\\\/schema\\\/logo\\\/image\\\/\"},\"sameAs\":[\"https:\\\/\\\/www.facebook.com\\\/ugt.comunicaciones\\\/\",\"https:\\\/\\\/x.com\\\/ugtcom\"]},{\"@type\":\"Person\",\"@id\":\"https:\\\/\\\/www.ugtcomunicaciones.es\\\/wordpress\\\/#\\\/schema\\\/person\\\/eba0fc3fe5b444531d94d4368cba89ed\",\"name\":\"UGT\",\"image\":{\"@type\":\"ImageObject\",\"inLanguage\":\"es\",\"@id\":\"https:\\\/\\\/secure.gravatar.com\\\/avatar\\\/2a16057d620a4c646bcfc171c4f23030879ebbdd346f0525bd5d4a564e57e13d?s=96&d=mm&r=g\",\"url\":\"https:\\\/\\\/secure.gravatar.com\\\/avatar\\\/2a16057d620a4c646bcfc171c4f23030879ebbdd346f0525bd5d4a564e57e13d?s=96&d=mm&r=g\",\"contentUrl\":\"https:\\\/\\\/secure.gravatar.com\\\/avatar\\\/2a16057d620a4c646bcfc171c4f23030879ebbdd346f0525bd5d4a564e57e13d?s=96&d=mm&r=g\",\"caption\":\"UGT\"}}]}<\/script>\n<!-- \/ Yoast SEO Premium plugin. -->","yoast_head_json":{"title":"Canal Indirecto Peque\u00f1a Empresa. Nuevas oportunidades de desarrollo en otras \u00e1reas - UGT Comunicaciones","robots":{"index":"index","follow":"follow","max-snippet":"max-snippet:-1","max-image-preview":"max-image-preview:large","max-video-preview":"max-video-preview:-1"},"canonical":"https:\/\/www.ugtcomunicaciones.es\/wordpress\/canal-indirecto-pequena-empresa-nuevas-oportunidades-de-desarrollo-en-otras-areas\/","og_locale":"es_ES","og_type":"article","og_title":"Canal Indirecto Peque\u00f1a Empresa. Nuevas oportunidades de desarrollo en otras \u00e1reas","og_description":"Hemos mantenido una reuni\u00f3n con la direcci\u00f3n de Canal Indirecto Peque\u00f1a Empresa en la que nos trasladan que, dando continuidad al Plan de Transformaci\u00f3n de Pymes, van a ordenar este segmento hacia un modelo \u00fanico de gesti\u00f3n. Se trata de hacer una transformaci\u00f3n hacia un modelo en el que se aprovechen las oportunidades del trabajo [&hellip;]","og_url":"https:\/\/www.ugtcomunicaciones.es\/wordpress\/canal-indirecto-pequena-empresa-nuevas-oportunidades-de-desarrollo-en-otras-areas\/","og_site_name":"UGT Comunicaciones","article_publisher":"https:\/\/www.facebook.com\/ugt.comunicaciones\/","article_published_time":"2021-10-22T13:11:25+00:00","article_modified_time":"2021-10-22T13:11:46+00:00","og_image":[{"width":600,"height":300,"url":"https:\/\/www.ugtcomunicaciones.es\/wordpress\/wp-content\/uploads\/2020\/06\/comercial1.jpg","type":"image\/jpeg"}],"author":"UGT","twitter_card":"summary_large_image","twitter_creator":"@ugtcom","twitter_site":"@ugtcom","twitter_misc":{"Escrito por":"UGT","Tiempo de lectura":"2 minutos"},"schema":{"@context":"https:\/\/schema.org","@graph":[{"@type":"Article","@id":"https:\/\/www.ugtcomunicaciones.es\/wordpress\/canal-indirecto-pequena-empresa-nuevas-oportunidades-de-desarrollo-en-otras-areas\/#article","isPartOf":{"@id":"https:\/\/www.ugtcomunicaciones.es\/wordpress\/canal-indirecto-pequena-empresa-nuevas-oportunidades-de-desarrollo-en-otras-areas\/"},"author":{"name":"UGT","@id":"https:\/\/www.ugtcomunicaciones.es\/wordpress\/#\/schema\/person\/eba0fc3fe5b444531d94d4368cba89ed"},"headline":"Canal Indirecto Peque\u00f1a Empresa. Nuevas oportunidades de desarrollo en otras \u00e1reas","datePublished":"2021-10-22T13:11:25+00:00","dateModified":"2021-10-22T13:11:46+00:00","mainEntityOfPage":{"@id":"https:\/\/www.ugtcomunicaciones.es\/wordpress\/canal-indirecto-pequena-empresa-nuevas-oportunidades-de-desarrollo-en-otras-areas\/"},"wordCount":447,"publisher":{"@id":"https:\/\/www.ugtcomunicaciones.es\/wordpress\/#organization"},"image":{"@id":"https:\/\/www.ugtcomunicaciones.es\/wordpress\/canal-indirecto-pequena-empresa-nuevas-oportunidades-de-desarrollo-en-otras-areas\/#primaryimage"},"thumbnailUrl":"https:\/\/www.ugtcomunicaciones.es\/wordpress\/wp-content\/uploads\/2020\/06\/comercial1.jpg","articleSection":["Telef\u00f3nica CEV","Telef\u00f3nica de Espa\u00f1a","Telef\u00f3nica M\u00f3viles","Telef\u00f3nica Soluciones"],"inLanguage":"es"},{"@type":"WebPage","@id":"https:\/\/www.ugtcomunicaciones.es\/wordpress\/canal-indirecto-pequena-empresa-nuevas-oportunidades-de-desarrollo-en-otras-areas\/","url":"https:\/\/www.ugtcomunicaciones.es\/wordpress\/canal-indirecto-pequena-empresa-nuevas-oportunidades-de-desarrollo-en-otras-areas\/","name":"Canal Indirecto Peque\u00f1a Empresa. Nuevas oportunidades de desarrollo en otras \u00e1reas - UGT Comunicaciones","isPartOf":{"@id":"https:\/\/www.ugtcomunicaciones.es\/wordpress\/#website"},"primaryImageOfPage":{"@id":"https:\/\/www.ugtcomunicaciones.es\/wordpress\/canal-indirecto-pequena-empresa-nuevas-oportunidades-de-desarrollo-en-otras-areas\/#primaryimage"},"image":{"@id":"https:\/\/www.ugtcomunicaciones.es\/wordpress\/canal-indirecto-pequena-empresa-nuevas-oportunidades-de-desarrollo-en-otras-areas\/#primaryimage"},"thumbnailUrl":"https:\/\/www.ugtcomunicaciones.es\/wordpress\/wp-content\/uploads\/2020\/06\/comercial1.jpg","datePublished":"2021-10-22T13:11:25+00:00","dateModified":"2021-10-22T13:11:46+00:00","breadcrumb":{"@id":"https:\/\/www.ugtcomunicaciones.es\/wordpress\/canal-indirecto-pequena-empresa-nuevas-oportunidades-de-desarrollo-en-otras-areas\/#breadcrumb"},"inLanguage":"es","potentialAction":[{"@type":"ReadAction","target":["https:\/\/www.ugtcomunicaciones.es\/wordpress\/canal-indirecto-pequena-empresa-nuevas-oportunidades-de-desarrollo-en-otras-areas\/"]}]},{"@type":"ImageObject","inLanguage":"es","@id":"https:\/\/www.ugtcomunicaciones.es\/wordpress\/canal-indirecto-pequena-empresa-nuevas-oportunidades-de-desarrollo-en-otras-areas\/#primaryimage","url":"https:\/\/www.ugtcomunicaciones.es\/wordpress\/wp-content\/uploads\/2020\/06\/comercial1.jpg","contentUrl":"https:\/\/www.ugtcomunicaciones.es\/wordpress\/wp-content\/uploads\/2020\/06\/comercial1.jpg","width":600,"height":300},{"@type":"BreadcrumbList","@id":"https:\/\/www.ugtcomunicaciones.es\/wordpress\/canal-indirecto-pequena-empresa-nuevas-oportunidades-de-desarrollo-en-otras-areas\/#breadcrumb","itemListElement":[{"@type":"ListItem","position":1,"name":"Portada","item":"https:\/\/www.ugtcomunicaciones.es\/wordpress\/"},{"@type":"ListItem","position":2,"name":"Canal Indirecto Peque\u00f1a Empresa. Nuevas oportunidades de desarrollo en otras \u00e1reas"}]},{"@type":"WebSite","@id":"https:\/\/www.ugtcomunicaciones.es\/wordpress\/#website","url":"https:\/\/www.ugtcomunicaciones.es\/wordpress\/","name":"UGT Comunicaciones","description":"Sindicato de Telecomunicaciones","publisher":{"@id":"https:\/\/www.ugtcomunicaciones.es\/wordpress\/#organization"},"potentialAction":[{"@type":"SearchAction","target":{"@type":"EntryPoint","urlTemplate":"https:\/\/www.ugtcomunicaciones.es\/wordpress\/?s={search_term_string}"},"query-input":{"@type":"PropertyValueSpecification","valueRequired":true,"valueName":"search_term_string"}}],"inLanguage":"es"},{"@type":"Organization","@id":"https:\/\/www.ugtcomunicaciones.es\/wordpress\/#organization","name":"UGT Comunicaciones","url":"https:\/\/www.ugtcomunicaciones.es\/wordpress\/","logo":{"@type":"ImageObject","inLanguage":"es","@id":"https:\/\/www.ugtcomunicaciones.es\/wordpress\/#\/schema\/logo\/image\/","url":"https:\/\/www.ugtcomunicaciones.es\/wordpress\/wp-content\/uploads\/2024\/04\/comunicaciones_logo.png","contentUrl":"https:\/\/www.ugtcomunicaciones.es\/wordpress\/wp-content\/uploads\/2024\/04\/comunicaciones_logo.png","width":298,"height":81,"caption":"UGT Comunicaciones"},"image":{"@id":"https:\/\/www.ugtcomunicaciones.es\/wordpress\/#\/schema\/logo\/image\/"},"sameAs":["https:\/\/www.facebook.com\/ugt.comunicaciones\/","https:\/\/x.com\/ugtcom"]},{"@type":"Person","@id":"https:\/\/www.ugtcomunicaciones.es\/wordpress\/#\/schema\/person\/eba0fc3fe5b444531d94d4368cba89ed","name":"UGT","image":{"@type":"ImageObject","inLanguage":"es","@id":"https:\/\/secure.gravatar.com\/avatar\/2a16057d620a4c646bcfc171c4f23030879ebbdd346f0525bd5d4a564e57e13d?s=96&d=mm&r=g","url":"https:\/\/secure.gravatar.com\/avatar\/2a16057d620a4c646bcfc171c4f23030879ebbdd346f0525bd5d4a564e57e13d?s=96&d=mm&r=g","contentUrl":"https:\/\/secure.gravatar.com\/avatar\/2a16057d620a4c646bcfc171c4f23030879ebbdd346f0525bd5d4a564e57e13d?s=96&d=mm&r=g","caption":"UGT"}}]}},"_links":{"self":[{"href":"https:\/\/www.ugtcomunicaciones.es\/wordpress\/wp-json\/wp\/v2\/posts\/926855","targetHints":{"allow":["GET"]}}],"collection":[{"href":"https:\/\/www.ugtcomunicaciones.es\/wordpress\/wp-json\/wp\/v2\/posts"}],"about":[{"href":"https:\/\/www.ugtcomunicaciones.es\/wordpress\/wp-json\/wp\/v2\/types\/post"}],"author":[{"embeddable":true,"href":"https:\/\/www.ugtcomunicaciones.es\/wordpress\/wp-json\/wp\/v2\/users\/3"}],"replies":[{"embeddable":true,"href":"https:\/\/www.ugtcomunicaciones.es\/wordpress\/wp-json\/wp\/v2\/comments?post=926855"}],"version-history":[{"count":0,"href":"https:\/\/www.ugtcomunicaciones.es\/wordpress\/wp-json\/wp\/v2\/posts\/926855\/revisions"}],"wp:featuredmedia":[{"embeddable":true,"href":"https:\/\/www.ugtcomunicaciones.es\/wordpress\/wp-json\/wp\/v2\/media\/603882"}],"wp:attachment":[{"href":"https:\/\/www.ugtcomunicaciones.es\/wordpress\/wp-json\/wp\/v2\/media?parent=926855"}],"wp:term":[{"taxonomy":"category","embeddable":true,"href":"https:\/\/www.ugtcomunicaciones.es\/wordpress\/wp-json\/wp\/v2\/categories?post=926855"},{"taxonomy":"post_tag","embeddable":true,"href":"https:\/\/www.ugtcomunicaciones.es\/wordpress\/wp-json\/wp\/v2\/tags?post=926855"}],"curies":[{"name":"wp","href":"https:\/\/api.w.org\/{rel}","templated":true}]}}