{"id":930721,"date":"2021-10-28T09:22:22","date_gmt":"2021-10-28T07:22:22","guid":{"rendered":"https:\/\/www.ugtcomunicaciones.es\/wordpress\/?p=930721"},"modified":"2021-10-28T12:06:25","modified_gmt":"2021-10-28T10:06:25","slug":"xxx-comision-de-seguimiento-de-la-covid-19","status":"publish","type":"post","link":"https:\/\/www.ugtcomunicaciones.es\/wordpress\/xxx-comision-de-seguimiento-de-la-covid-19\/","title":{"rendered":"XXX comisi\u00f3n de seguimiento de la COVID-19"},"content":{"rendered":"<p style=\"text-align: justify;\">Tal como como acordamos en la <strong>Comisi\u00f3n de Seguimiento de la Covid-19<\/strong> del pasado 9 de septiembre, nos hemos reunido nuevamente para <strong>evaluar la situaci\u00f3n actual<\/strong> de la pandemia, a fin de <strong>adaptar las medidas de flexibilidad actualmente vigentes <\/strong>a las circunstancias del momento.<\/p>\n<p style=\"text-align: justify;\">Felizmente, ante el palpable retroceso de la pandemia en nuestro pa\u00eds, a tenor del levantamiento de casi la totalidad de restricciones por parte de las autoridades sanitarias, <strong><span style=\"color: #ff0000;\">UGT<\/span><\/strong> coincide en que <strong>estamos en camino de recuperar la ansiada normalidad<\/strong> en el \u00e1mbito social y el laboral.<\/p>\n<p style=\"text-align: justify;\">As\u00ed, en la comisi\u00f3n de seguimiento se ha acordado que, <strong>a partir del d\u00eda<\/strong> <strong>1 de noviembre<\/strong>, se liberar\u00e1n todos los espacios en los edificios, <strong>desapareciendo las limitaciones de ocupaci\u00f3n y de distancia de seguridad y se podr\u00e1 hacer uso completo de los Office (microondas etc.)<\/strong>, en tanto que<strong> se mantiene la obligaci\u00f3n del uso de mascarillas y uso de gel hidroalcoh\u00f3lico en interiores. <\/strong>De esta forma,<strong> las personas trabajadoras podr\u00e1n reincorporarse a sus respectivos puestos de trabajo. <\/strong><\/p>\n<p style=\"text-align: justify;\">As\u00ed mismo, a propuesta de <span style=\"color: #ff0000;\"><strong>UGT <\/strong><\/span><strong>se mantienen vigentes las condiciones actuales para los grupos de riesgo <\/strong>y lo <strong>acordado para las personas que hayan tenido un contacto estrecho<\/strong>, debido a los distintos criterios que est\u00e1n adoptando los Servicios de Salud de las Comunidades Aut\u00f3nomas.<\/p>\n<p style=\"text-align: justify;\">Tambi\u00e9n <strong>continuaran teletrabajando las personas que \u00fanicamente disponen de PC de sobremesa hasta que dispongan de los equipos adecuados<\/strong>, y<strong> mantenemos el precedente para hijos\/as que cursen hasta 4\u00ba de la ESO y sean declarados en cuarentena<\/strong><\/p>\n<p style=\"text-align: justify;\"><span style=\"color: #ff0000;\"><strong>UGT <\/strong><\/span>consideramos necesario <strong>mantener durante un tiempo<\/strong> <strong>las actuales medidas de flexibilidad, <\/strong>de forma que hemos propuesto a la empresa <strong>prorrogar las mismas hasta el 10 de enero<\/strong>, tras las fiestas de navidad y reyes, para <strong>dar tiempo a las \u00e1reas a ordenarse hasta la plena efectividad del teletrabajo voluntario acordado<\/strong> y para ir dotando de los medios adecuados para poder desempe\u00f1ar con todas las garant\u00edas esta nueva modalidad de prestaci\u00f3n laboral.<\/p>\n<p style=\"text-align: justify;\">Por su parte, la empresa, ha planteado que <strong>la incorporaci\u00f3n efectiva a los centros de trabajo se har\u00e1 a partir del 1 de diciembre<\/strong>, aplicando la plena efectividad del acuerdo de Teletrabajo de dos d\u00edas, aunque, aceptando en parte la propuesta de <span style=\"color: #ff0000;\"><strong>UGT<\/strong><\/span>,<strong> por tanto, mantendremos tres d\u00edas de teletrabajo hasta el 1 de enero.<\/strong><\/p>\n<p style=\"text-align: justify;\">De esta forma, <strong>a partir del 1 de enero de 2022<\/strong>, si no hay variaci\u00f3n respecto a la situaci\u00f3n de la pandemia en nuestro pa\u00eds que obligue a retomar medidas ya superadas, ser\u00e1 efectiva <strong>la reincorporaci\u00f3n a la actividad presencial<\/strong> <strong>con dos d\u00edas de teletrabajo voluntario<\/strong> para quienes as\u00ed lo hayan solicitado en virtud del acuerdo de Teletrabajo, <strong>manteni\u00e9ndose latente la Comisi\u00f3n de Seguimiento de la\u00a0 Covid-19 <\/strong>para poder atender cualquier cambio en la situaci\u00f3n sanitaria, la cual nos ha permitido trabajar con efectividad y agilidad y adaptarnos en cada momento a las circunstancias sociosanitarias, a las exigencias legales y a las necesidades de la plantilla, salvaguardando la actividad laboral y<strong>, lo m\u00e1s importante, la salud de nuestros compa\u00f1eros y compa\u00f1eras y sus familias.<\/strong><\/p>\n","protected":false},"excerpt":{"rendered":"<p>Tal como como acordamos en la Comisi\u00f3n de Seguimiento de la Covid-19 del pasado 9 de septiembre, nos hemos reunido nuevamente para evaluar la situaci\u00f3n actual de la pandemia, a fin de adaptar las medidas de flexibilidad actualmente vigentes a las circunstancias del momento. Felizmente, ante el palpable retroceso de la pandemia en nuestro pa\u00eds, [&hellip;]<\/p>\n","protected":false},"author":3,"featured_media":930735,"comment_status":"closed","ping_status":"closed","sticky":false,"template":"","format":"standard","meta":{"footnotes":""},"categories":[8,25,7,26],"tags":[],"class_list":["post-930721","post","type-post","status-publish","format-standard","has-post-thumbnail","hentry","category-telefonica-cev","category-telefonica","category-telefonica-moviles","category-telefonica-soluciones"],"yoast_head":"<!-- This site is optimized with the Yoast SEO Premium plugin v27.3 (Yoast SEO v27.4) - https:\/\/yoast.com\/product\/yoast-seo-premium-wordpress\/ -->\n<title>XXX comisi\u00f3n de seguimiento de la COVID-19 - UGT Comunicaciones<\/title>\n<meta name=\"robots\" content=\"index, follow, max-snippet:-1, max-image-preview:large, max-video-preview:-1\" \/>\n<link rel=\"canonical\" href=\"https:\/\/www.ugtcomunicaciones.es\/wordpress\/xxx-comision-de-seguimiento-de-la-covid-19\/\" \/>\n<meta property=\"og:locale\" content=\"es_ES\" \/>\n<meta property=\"og:type\" content=\"article\" \/>\n<meta property=\"og:title\" content=\"XXX comisi\u00f3n de seguimiento de la COVID-19\" \/>\n<meta property=\"og:description\" content=\"Tal como como acordamos en la Comisi\u00f3n de Seguimiento de la Covid-19 del pasado 9 de septiembre, nos hemos reunido nuevamente para evaluar la situaci\u00f3n actual de la pandemia, a fin de adaptar las medidas de flexibilidad actualmente vigentes a las circunstancias del momento. Felizmente, ante el palpable retroceso de la pandemia en nuestro pa\u00eds, [&hellip;]\" \/>\n<meta property=\"og:url\" content=\"https:\/\/www.ugtcomunicaciones.es\/wordpress\/xxx-comision-de-seguimiento-de-la-covid-19\/\" \/>\n<meta property=\"og:site_name\" content=\"UGT Comunicaciones\" \/>\n<meta property=\"article:publisher\" content=\"https:\/\/www.facebook.com\/ugt.comunicaciones\/\" \/>\n<meta property=\"article:published_time\" content=\"2021-10-28T07:22:22+00:00\" \/>\n<meta property=\"article:modified_time\" content=\"2021-10-28T10:06:25+00:00\" \/>\n<meta property=\"og:image\" content=\"https:\/\/www.ugtcomunicaciones.es\/wordpress\/wp-content\/uploads\/2021\/10\/woman-6313888_640.jpg\" \/>\n\t<meta property=\"og:image:width\" content=\"640\" \/>\n\t<meta property=\"og:image:height\" content=\"427\" \/>\n\t<meta property=\"og:image:type\" content=\"image\/jpeg\" \/>\n<meta name=\"author\" content=\"UGT\" \/>\n<meta name=\"twitter:card\" content=\"summary_large_image\" \/>\n<meta name=\"twitter:creator\" content=\"@ugtcom\" \/>\n<meta name=\"twitter:site\" content=\"@ugtcom\" \/>\n<meta name=\"twitter:label1\" content=\"Escrito por\" \/>\n\t<meta name=\"twitter:data1\" content=\"UGT\" \/>\n\t<meta name=\"twitter:label2\" content=\"Tiempo de lectura\" \/>\n\t<meta name=\"twitter:data2\" content=\"3 minutos\" \/>\n<script type=\"application\/ld+json\" class=\"yoast-schema-graph\">{\"@context\":\"https:\\\/\\\/schema.org\",\"@graph\":[{\"@type\":\"Article\",\"@id\":\"https:\\\/\\\/www.ugtcomunicaciones.es\\\/wordpress\\\/xxx-comision-de-seguimiento-de-la-covid-19\\\/#article\",\"isPartOf\":{\"@id\":\"https:\\\/\\\/www.ugtcomunicaciones.es\\\/wordpress\\\/xxx-comision-de-seguimiento-de-la-covid-19\\\/\"},\"author\":{\"name\":\"UGT\",\"@id\":\"https:\\\/\\\/www.ugtcomunicaciones.es\\\/wordpress\\\/#\\\/schema\\\/person\\\/eba0fc3fe5b444531d94d4368cba89ed\"},\"headline\":\"XXX comisi\u00f3n de seguimiento de la COVID-19\",\"datePublished\":\"2021-10-28T07:22:22+00:00\",\"dateModified\":\"2021-10-28T10:06:25+00:00\",\"mainEntityOfPage\":{\"@id\":\"https:\\\/\\\/www.ugtcomunicaciones.es\\\/wordpress\\\/xxx-comision-de-seguimiento-de-la-covid-19\\\/\"},\"wordCount\":532,\"publisher\":{\"@id\":\"https:\\\/\\\/www.ugtcomunicaciones.es\\\/wordpress\\\/#organization\"},\"image\":{\"@id\":\"https:\\\/\\\/www.ugtcomunicaciones.es\\\/wordpress\\\/xxx-comision-de-seguimiento-de-la-covid-19\\\/#primaryimage\"},\"thumbnailUrl\":\"https:\\\/\\\/www.ugtcomunicaciones.es\\\/wordpress\\\/wp-content\\\/uploads\\\/2021\\\/10\\\/woman-6313888_640.jpg\",\"articleSection\":[\"Telef\u00f3nica CEV\",\"Telef\u00f3nica de Espa\u00f1a\",\"Telef\u00f3nica M\u00f3viles\",\"Telef\u00f3nica Soluciones\"],\"inLanguage\":\"es\"},{\"@type\":\"WebPage\",\"@id\":\"https:\\\/\\\/www.ugtcomunicaciones.es\\\/wordpress\\\/xxx-comision-de-seguimiento-de-la-covid-19\\\/\",\"url\":\"https:\\\/\\\/www.ugtcomunicaciones.es\\\/wordpress\\\/xxx-comision-de-seguimiento-de-la-covid-19\\\/\",\"name\":\"XXX comisi\u00f3n de seguimiento de la COVID-19 - UGT Comunicaciones\",\"isPartOf\":{\"@id\":\"https:\\\/\\\/www.ugtcomunicaciones.es\\\/wordpress\\\/#website\"},\"primaryImageOfPage\":{\"@id\":\"https:\\\/\\\/www.ugtcomunicaciones.es\\\/wordpress\\\/xxx-comision-de-seguimiento-de-la-covid-19\\\/#primaryimage\"},\"image\":{\"@id\":\"https:\\\/\\\/www.ugtcomunicaciones.es\\\/wordpress\\\/xxx-comision-de-seguimiento-de-la-covid-19\\\/#primaryimage\"},\"thumbnailUrl\":\"https:\\\/\\\/www.ugtcomunicaciones.es\\\/wordpress\\\/wp-content\\\/uploads\\\/2021\\\/10\\\/woman-6313888_640.jpg\",\"datePublished\":\"2021-10-28T07:22:22+00:00\",\"dateModified\":\"2021-10-28T10:06:25+00:00\",\"breadcrumb\":{\"@id\":\"https:\\\/\\\/www.ugtcomunicaciones.es\\\/wordpress\\\/xxx-comision-de-seguimiento-de-la-covid-19\\\/#breadcrumb\"},\"inLanguage\":\"es\",\"potentialAction\":[{\"@type\":\"ReadAction\",\"target\":[\"https:\\\/\\\/www.ugtcomunicaciones.es\\\/wordpress\\\/xxx-comision-de-seguimiento-de-la-covid-19\\\/\"]}]},{\"@type\":\"ImageObject\",\"inLanguage\":\"es\",\"@id\":\"https:\\\/\\\/www.ugtcomunicaciones.es\\\/wordpress\\\/xxx-comision-de-seguimiento-de-la-covid-19\\\/#primaryimage\",\"url\":\"https:\\\/\\\/www.ugtcomunicaciones.es\\\/wordpress\\\/wp-content\\\/uploads\\\/2021\\\/10\\\/woman-6313888_640.jpg\",\"contentUrl\":\"https:\\\/\\\/www.ugtcomunicaciones.es\\\/wordpress\\\/wp-content\\\/uploads\\\/2021\\\/10\\\/woman-6313888_640.jpg\",\"width\":640,\"height\":427},{\"@type\":\"BreadcrumbList\",\"@id\":\"https:\\\/\\\/www.ugtcomunicaciones.es\\\/wordpress\\\/xxx-comision-de-seguimiento-de-la-covid-19\\\/#breadcrumb\",\"itemListElement\":[{\"@type\":\"ListItem\",\"position\":1,\"name\":\"Portada\",\"item\":\"https:\\\/\\\/www.ugtcomunicaciones.es\\\/wordpress\\\/\"},{\"@type\":\"ListItem\",\"position\":2,\"name\":\"XXX comisi\u00f3n de seguimiento de la COVID-19\"}]},{\"@type\":\"WebSite\",\"@id\":\"https:\\\/\\\/www.ugtcomunicaciones.es\\\/wordpress\\\/#website\",\"url\":\"https:\\\/\\\/www.ugtcomunicaciones.es\\\/wordpress\\\/\",\"name\":\"UGT Comunicaciones\",\"description\":\"Sindicato de Telecomunicaciones\",\"publisher\":{\"@id\":\"https:\\\/\\\/www.ugtcomunicaciones.es\\\/wordpress\\\/#organization\"},\"potentialAction\":[{\"@type\":\"SearchAction\",\"target\":{\"@type\":\"EntryPoint\",\"urlTemplate\":\"https:\\\/\\\/www.ugtcomunicaciones.es\\\/wordpress\\\/?s={search_term_string}\"},\"query-input\":{\"@type\":\"PropertyValueSpecification\",\"valueRequired\":true,\"valueName\":\"search_term_string\"}}],\"inLanguage\":\"es\"},{\"@type\":\"Organization\",\"@id\":\"https:\\\/\\\/www.ugtcomunicaciones.es\\\/wordpress\\\/#organization\",\"name\":\"UGT Comunicaciones\",\"url\":\"https:\\\/\\\/www.ugtcomunicaciones.es\\\/wordpress\\\/\",\"logo\":{\"@type\":\"ImageObject\",\"inLanguage\":\"es\",\"@id\":\"https:\\\/\\\/www.ugtcomunicaciones.es\\\/wordpress\\\/#\\\/schema\\\/logo\\\/image\\\/\",\"url\":\"https:\\\/\\\/www.ugtcomunicaciones.es\\\/wordpress\\\/wp-content\\\/uploads\\\/2024\\\/04\\\/comunicaciones_logo.png\",\"contentUrl\":\"https:\\\/\\\/www.ugtcomunicaciones.es\\\/wordpress\\\/wp-content\\\/uploads\\\/2024\\\/04\\\/comunicaciones_logo.png\",\"width\":298,\"height\":81,\"caption\":\"UGT Comunicaciones\"},\"image\":{\"@id\":\"https:\\\/\\\/www.ugtcomunicaciones.es\\\/wordpress\\\/#\\\/schema\\\/logo\\\/image\\\/\"},\"sameAs\":[\"https:\\\/\\\/www.facebook.com\\\/ugt.comunicaciones\\\/\",\"https:\\\/\\\/x.com\\\/ugtcom\"]},{\"@type\":\"Person\",\"@id\":\"https:\\\/\\\/www.ugtcomunicaciones.es\\\/wordpress\\\/#\\\/schema\\\/person\\\/eba0fc3fe5b444531d94d4368cba89ed\",\"name\":\"UGT\",\"image\":{\"@type\":\"ImageObject\",\"inLanguage\":\"es\",\"@id\":\"https:\\\/\\\/secure.gravatar.com\\\/avatar\\\/2a16057d620a4c646bcfc171c4f23030879ebbdd346f0525bd5d4a564e57e13d?s=96&d=mm&r=g\",\"url\":\"https:\\\/\\\/secure.gravatar.com\\\/avatar\\\/2a16057d620a4c646bcfc171c4f23030879ebbdd346f0525bd5d4a564e57e13d?s=96&d=mm&r=g\",\"contentUrl\":\"https:\\\/\\\/secure.gravatar.com\\\/avatar\\\/2a16057d620a4c646bcfc171c4f23030879ebbdd346f0525bd5d4a564e57e13d?s=96&d=mm&r=g\",\"caption\":\"UGT\"}}]}<\/script>\n<!-- \/ Yoast SEO Premium plugin. -->","yoast_head_json":{"title":"XXX comisi\u00f3n de seguimiento de la COVID-19 - UGT Comunicaciones","robots":{"index":"index","follow":"follow","max-snippet":"max-snippet:-1","max-image-preview":"max-image-preview:large","max-video-preview":"max-video-preview:-1"},"canonical":"https:\/\/www.ugtcomunicaciones.es\/wordpress\/xxx-comision-de-seguimiento-de-la-covid-19\/","og_locale":"es_ES","og_type":"article","og_title":"XXX comisi\u00f3n de seguimiento de la COVID-19","og_description":"Tal como como acordamos en la Comisi\u00f3n de Seguimiento de la Covid-19 del pasado 9 de septiembre, nos hemos reunido nuevamente para evaluar la situaci\u00f3n actual de la pandemia, a fin de adaptar las medidas de flexibilidad actualmente vigentes a las circunstancias del momento. Felizmente, ante el palpable retroceso de la pandemia en nuestro pa\u00eds, [&hellip;]","og_url":"https:\/\/www.ugtcomunicaciones.es\/wordpress\/xxx-comision-de-seguimiento-de-la-covid-19\/","og_site_name":"UGT Comunicaciones","article_publisher":"https:\/\/www.facebook.com\/ugt.comunicaciones\/","article_published_time":"2021-10-28T07:22:22+00:00","article_modified_time":"2021-10-28T10:06:25+00:00","og_image":[{"width":640,"height":427,"url":"https:\/\/www.ugtcomunicaciones.es\/wordpress\/wp-content\/uploads\/2021\/10\/woman-6313888_640.jpg","type":"image\/jpeg"}],"author":"UGT","twitter_card":"summary_large_image","twitter_creator":"@ugtcom","twitter_site":"@ugtcom","twitter_misc":{"Escrito por":"UGT","Tiempo de lectura":"3 minutos"},"schema":{"@context":"https:\/\/schema.org","@graph":[{"@type":"Article","@id":"https:\/\/www.ugtcomunicaciones.es\/wordpress\/xxx-comision-de-seguimiento-de-la-covid-19\/#article","isPartOf":{"@id":"https:\/\/www.ugtcomunicaciones.es\/wordpress\/xxx-comision-de-seguimiento-de-la-covid-19\/"},"author":{"name":"UGT","@id":"https:\/\/www.ugtcomunicaciones.es\/wordpress\/#\/schema\/person\/eba0fc3fe5b444531d94d4368cba89ed"},"headline":"XXX comisi\u00f3n de seguimiento de la COVID-19","datePublished":"2021-10-28T07:22:22+00:00","dateModified":"2021-10-28T10:06:25+00:00","mainEntityOfPage":{"@id":"https:\/\/www.ugtcomunicaciones.es\/wordpress\/xxx-comision-de-seguimiento-de-la-covid-19\/"},"wordCount":532,"publisher":{"@id":"https:\/\/www.ugtcomunicaciones.es\/wordpress\/#organization"},"image":{"@id":"https:\/\/www.ugtcomunicaciones.es\/wordpress\/xxx-comision-de-seguimiento-de-la-covid-19\/#primaryimage"},"thumbnailUrl":"https:\/\/www.ugtcomunicaciones.es\/wordpress\/wp-content\/uploads\/2021\/10\/woman-6313888_640.jpg","articleSection":["Telef\u00f3nica CEV","Telef\u00f3nica de Espa\u00f1a","Telef\u00f3nica M\u00f3viles","Telef\u00f3nica Soluciones"],"inLanguage":"es"},{"@type":"WebPage","@id":"https:\/\/www.ugtcomunicaciones.es\/wordpress\/xxx-comision-de-seguimiento-de-la-covid-19\/","url":"https:\/\/www.ugtcomunicaciones.es\/wordpress\/xxx-comision-de-seguimiento-de-la-covid-19\/","name":"XXX comisi\u00f3n de seguimiento de la COVID-19 - UGT Comunicaciones","isPartOf":{"@id":"https:\/\/www.ugtcomunicaciones.es\/wordpress\/#website"},"primaryImageOfPage":{"@id":"https:\/\/www.ugtcomunicaciones.es\/wordpress\/xxx-comision-de-seguimiento-de-la-covid-19\/#primaryimage"},"image":{"@id":"https:\/\/www.ugtcomunicaciones.es\/wordpress\/xxx-comision-de-seguimiento-de-la-covid-19\/#primaryimage"},"thumbnailUrl":"https:\/\/www.ugtcomunicaciones.es\/wordpress\/wp-content\/uploads\/2021\/10\/woman-6313888_640.jpg","datePublished":"2021-10-28T07:22:22+00:00","dateModified":"2021-10-28T10:06:25+00:00","breadcrumb":{"@id":"https:\/\/www.ugtcomunicaciones.es\/wordpress\/xxx-comision-de-seguimiento-de-la-covid-19\/#breadcrumb"},"inLanguage":"es","potentialAction":[{"@type":"ReadAction","target":["https:\/\/www.ugtcomunicaciones.es\/wordpress\/xxx-comision-de-seguimiento-de-la-covid-19\/"]}]},{"@type":"ImageObject","inLanguage":"es","@id":"https:\/\/www.ugtcomunicaciones.es\/wordpress\/xxx-comision-de-seguimiento-de-la-covid-19\/#primaryimage","url":"https:\/\/www.ugtcomunicaciones.es\/wordpress\/wp-content\/uploads\/2021\/10\/woman-6313888_640.jpg","contentUrl":"https:\/\/www.ugtcomunicaciones.es\/wordpress\/wp-content\/uploads\/2021\/10\/woman-6313888_640.jpg","width":640,"height":427},{"@type":"BreadcrumbList","@id":"https:\/\/www.ugtcomunicaciones.es\/wordpress\/xxx-comision-de-seguimiento-de-la-covid-19\/#breadcrumb","itemListElement":[{"@type":"ListItem","position":1,"name":"Portada","item":"https:\/\/www.ugtcomunicaciones.es\/wordpress\/"},{"@type":"ListItem","position":2,"name":"XXX comisi\u00f3n de seguimiento de la COVID-19"}]},{"@type":"WebSite","@id":"https:\/\/www.ugtcomunicaciones.es\/wordpress\/#website","url":"https:\/\/www.ugtcomunicaciones.es\/wordpress\/","name":"UGT Comunicaciones","description":"Sindicato de Telecomunicaciones","publisher":{"@id":"https:\/\/www.ugtcomunicaciones.es\/wordpress\/#organization"},"potentialAction":[{"@type":"SearchAction","target":{"@type":"EntryPoint","urlTemplate":"https:\/\/www.ugtcomunicaciones.es\/wordpress\/?s={search_term_string}"},"query-input":{"@type":"PropertyValueSpecification","valueRequired":true,"valueName":"search_term_string"}}],"inLanguage":"es"},{"@type":"Organization","@id":"https:\/\/www.ugtcomunicaciones.es\/wordpress\/#organization","name":"UGT Comunicaciones","url":"https:\/\/www.ugtcomunicaciones.es\/wordpress\/","logo":{"@type":"ImageObject","inLanguage":"es","@id":"https:\/\/www.ugtcomunicaciones.es\/wordpress\/#\/schema\/logo\/image\/","url":"https:\/\/www.ugtcomunicaciones.es\/wordpress\/wp-content\/uploads\/2024\/04\/comunicaciones_logo.png","contentUrl":"https:\/\/www.ugtcomunicaciones.es\/wordpress\/wp-content\/uploads\/2024\/04\/comunicaciones_logo.png","width":298,"height":81,"caption":"UGT Comunicaciones"},"image":{"@id":"https:\/\/www.ugtcomunicaciones.es\/wordpress\/#\/schema\/logo\/image\/"},"sameAs":["https:\/\/www.facebook.com\/ugt.comunicaciones\/","https:\/\/x.com\/ugtcom"]},{"@type":"Person","@id":"https:\/\/www.ugtcomunicaciones.es\/wordpress\/#\/schema\/person\/eba0fc3fe5b444531d94d4368cba89ed","name":"UGT","image":{"@type":"ImageObject","inLanguage":"es","@id":"https:\/\/secure.gravatar.com\/avatar\/2a16057d620a4c646bcfc171c4f23030879ebbdd346f0525bd5d4a564e57e13d?s=96&d=mm&r=g","url":"https:\/\/secure.gravatar.com\/avatar\/2a16057d620a4c646bcfc171c4f23030879ebbdd346f0525bd5d4a564e57e13d?s=96&d=mm&r=g","contentUrl":"https:\/\/secure.gravatar.com\/avatar\/2a16057d620a4c646bcfc171c4f23030879ebbdd346f0525bd5d4a564e57e13d?s=96&d=mm&r=g","caption":"UGT"}}]}},"_links":{"self":[{"href":"https:\/\/www.ugtcomunicaciones.es\/wordpress\/wp-json\/wp\/v2\/posts\/930721","targetHints":{"allow":["GET"]}}],"collection":[{"href":"https:\/\/www.ugtcomunicaciones.es\/wordpress\/wp-json\/wp\/v2\/posts"}],"about":[{"href":"https:\/\/www.ugtcomunicaciones.es\/wordpress\/wp-json\/wp\/v2\/types\/post"}],"author":[{"embeddable":true,"href":"https:\/\/www.ugtcomunicaciones.es\/wordpress\/wp-json\/wp\/v2\/users\/3"}],"replies":[{"embeddable":true,"href":"https:\/\/www.ugtcomunicaciones.es\/wordpress\/wp-json\/wp\/v2\/comments?post=930721"}],"version-history":[{"count":0,"href":"https:\/\/www.ugtcomunicaciones.es\/wordpress\/wp-json\/wp\/v2\/posts\/930721\/revisions"}],"wp:featuredmedia":[{"embeddable":true,"href":"https:\/\/www.ugtcomunicaciones.es\/wordpress\/wp-json\/wp\/v2\/media\/930735"}],"wp:attachment":[{"href":"https:\/\/www.ugtcomunicaciones.es\/wordpress\/wp-json\/wp\/v2\/media?parent=930721"}],"wp:term":[{"taxonomy":"category","embeddable":true,"href":"https:\/\/www.ugtcomunicaciones.es\/wordpress\/wp-json\/wp\/v2\/categories?post=930721"},{"taxonomy":"post_tag","embeddable":true,"href":"https:\/\/www.ugtcomunicaciones.es\/wordpress\/wp-json\/wp\/v2\/tags?post=930721"}],"curies":[{"name":"wp","href":"https:\/\/api.w.org\/{rel}","templated":true}]}}