{"id":933590,"date":"2021-11-12T16:08:59","date_gmt":"2021-11-12T14:08:59","guid":{"rendered":"https:\/\/www.ugtcomunicaciones.es\/wordpress\/?p=933590"},"modified":"2021-11-12T16:08:59","modified_gmt":"2021-11-12T14:08:59","slug":"la-empresa-acepta-el-envite-de-hablar-de-la-telefonica-del-futuro","status":"publish","type":"post","link":"https:\/\/www.ugtcomunicaciones.es\/wordpress\/la-empresa-acepta-el-envite-de-hablar-de-la-telefonica-del-futuro\/","title":{"rendered":"La empresa acepta el envite de hablar de la Telef\u00f3nica del futuro"},"content":{"rendered":"<p style=\"text-align: justify;\">La Direcci\u00f3n de Telef\u00f3nica Espa\u00f1a, en reuni\u00f3n celebrada hoy viernes 12 de noviembre, ha aceptado la propuesta de UGT para elaborar un Plan Social por el Empleo (PSE).<\/p>\n<p style=\"text-align: justify;\">Tal y como hab\u00edamos avanzado, nuestro Sindicato se hab\u00eda dirigido a la compa\u00f1\u00eda exigiendo abrir una mesa de negociaci\u00f3n donde se debata, negocie y acuerde el modelo de empleo y relaciones que regir\u00e1 en Telef\u00f3nica en Espa\u00f1a, no solo en el presente, sino tambi\u00e9n en el futuro .<\/p>\n<p style=\"text-align: justify;\">Para nuestra Organizaci\u00f3n, es imprescindible, en un momento de tal incertidumbre como el que vivimos, asentar un canal de interlocuci\u00f3n permanente que nos permita dise\u00f1ar c\u00f3mo va a ser dicha Telef\u00f3nica del futuro, teniendo en cuenta aspectos tan importantes como la competitividad y sostenibilidad de la compa\u00f1\u00eda, el impacto de la regulaci\u00f3n, la consolidaci\u00f3n sectorial, pero tambi\u00e9n, el futuro del empleo, en todas sus vertientes.<\/p>\n<p style=\"text-align: justify;\">Y por ello, iremos a esa mesa con una serie de cuestiones de las que ser\u00e1 imprescindible hablar: <strong>Empleo y Territorio, perspectiva de G\u00e9nero, Carrera Profesional y Promoci\u00f3n, Atracci\u00f3n del Talento, Nuevas formas de trabajo y Recualificaci\u00f3n y empleabilidad<\/strong>. Todas ellas en conjunto y por separado, precisan de un debate profundo que nos permitir\u00e1 dise\u00f1ar un modelo de referencia en el mundo de las comunicaciones nacional y europeo.<\/p>\n<p style=\"text-align: justify;\">UGT se compromete con la plantilla a informar pormenorizadamente de estas reuniones, con responsabilidad, con seriedad y con un objetivo b\u00e1sico: dar garant\u00edas, seguridad y futuro a todos los que trabajamos en Telef\u00f3nica Espa\u00f1a.<\/p>\n","protected":false},"excerpt":{"rendered":"<p>La Direcci\u00f3n de Telef\u00f3nica Espa\u00f1a, en reuni\u00f3n celebrada hoy viernes 12 de noviembre, ha aceptado la propuesta de UGT para elaborar un Plan Social por el Empleo (PSE). Tal y como hab\u00edamos avanzado, nuestro Sindicato se hab\u00eda dirigido a la compa\u00f1\u00eda exigiendo abrir una mesa de negociaci\u00f3n donde se debata, negocie y acuerde el modelo [&hellip;]<\/p>\n","protected":false},"author":3,"featured_media":933591,"comment_status":"closed","ping_status":"closed","sticky":false,"template":"","format":"standard","meta":{"footnotes":""},"categories":[8,25,7,26],"tags":[],"class_list":["post-933590","post","type-post","status-publish","format-standard","has-post-thumbnail","hentry","category-telefonica-cev","category-telefonica","category-telefonica-moviles","category-telefonica-soluciones"],"yoast_head":"<!-- This site is optimized with the Yoast SEO Premium plugin v27.3 (Yoast SEO v27.4) - https:\/\/yoast.com\/product\/yoast-seo-premium-wordpress\/ -->\n<title>La empresa acepta el envite de hablar de la Telef\u00f3nica del futuro - UGT Comunicaciones<\/title>\n<meta name=\"robots\" content=\"index, follow, max-snippet:-1, max-image-preview:large, max-video-preview:-1\" \/>\n<link rel=\"canonical\" href=\"https:\/\/www.ugtcomunicaciones.es\/wordpress\/la-empresa-acepta-el-envite-de-hablar-de-la-telefonica-del-futuro\/\" \/>\n<meta property=\"og:locale\" content=\"es_ES\" \/>\n<meta property=\"og:type\" content=\"article\" \/>\n<meta property=\"og:title\" content=\"La empresa acepta el envite de hablar de la Telef\u00f3nica del futuro\" \/>\n<meta property=\"og:description\" content=\"La Direcci\u00f3n de Telef\u00f3nica Espa\u00f1a, en reuni\u00f3n celebrada hoy viernes 12 de noviembre, ha aceptado la propuesta de UGT para elaborar un Plan Social por el Empleo (PSE). Tal y como hab\u00edamos avanzado, nuestro Sindicato se hab\u00eda dirigido a la compa\u00f1\u00eda exigiendo abrir una mesa de negociaci\u00f3n donde se debata, negocie y acuerde el modelo [&hellip;]\" \/>\n<meta property=\"og:url\" content=\"https:\/\/www.ugtcomunicaciones.es\/wordpress\/la-empresa-acepta-el-envite-de-hablar-de-la-telefonica-del-futuro\/\" \/>\n<meta property=\"og:site_name\" content=\"UGT Comunicaciones\" \/>\n<meta property=\"article:publisher\" content=\"https:\/\/www.facebook.com\/ugt.comunicaciones\/\" \/>\n<meta property=\"article:published_time\" content=\"2021-11-12T14:08:59+00:00\" \/>\n<meta property=\"og:image\" content=\"https:\/\/www.ugtcomunicaciones.es\/wordpress\/wp-content\/uploads\/2021\/11\/618907a0a92d8.r_1636618401563.0-0-3000-2000.jpeg\" \/>\n\t<meta property=\"og:image:width\" content=\"990\" \/>\n\t<meta property=\"og:image:height\" content=\"660\" \/>\n\t<meta property=\"og:image:type\" content=\"image\/jpeg\" \/>\n<meta name=\"author\" content=\"UGT\" \/>\n<meta name=\"twitter:card\" content=\"summary_large_image\" \/>\n<meta name=\"twitter:creator\" content=\"@ugtcom\" \/>\n<meta name=\"twitter:site\" content=\"@ugtcom\" \/>\n<meta name=\"twitter:label1\" content=\"Escrito por\" \/>\n\t<meta name=\"twitter:data1\" content=\"UGT\" \/>\n\t<meta name=\"twitter:label2\" content=\"Tiempo de lectura\" \/>\n\t<meta name=\"twitter:data2\" content=\"2 minutos\" \/>\n<script type=\"application\/ld+json\" class=\"yoast-schema-graph\">{\"@context\":\"https:\\\/\\\/schema.org\",\"@graph\":[{\"@type\":\"Article\",\"@id\":\"https:\\\/\\\/www.ugtcomunicaciones.es\\\/wordpress\\\/la-empresa-acepta-el-envite-de-hablar-de-la-telefonica-del-futuro\\\/#article\",\"isPartOf\":{\"@id\":\"https:\\\/\\\/www.ugtcomunicaciones.es\\\/wordpress\\\/la-empresa-acepta-el-envite-de-hablar-de-la-telefonica-del-futuro\\\/\"},\"author\":{\"name\":\"UGT\",\"@id\":\"https:\\\/\\\/www.ugtcomunicaciones.es\\\/wordpress\\\/#\\\/schema\\\/person\\\/eba0fc3fe5b444531d94d4368cba89ed\"},\"headline\":\"La empresa acepta el envite de hablar de la Telef\u00f3nica del futuro\",\"datePublished\":\"2021-11-12T14:08:59+00:00\",\"mainEntityOfPage\":{\"@id\":\"https:\\\/\\\/www.ugtcomunicaciones.es\\\/wordpress\\\/la-empresa-acepta-el-envite-de-hablar-de-la-telefonica-del-futuro\\\/\"},\"wordCount\":283,\"publisher\":{\"@id\":\"https:\\\/\\\/www.ugtcomunicaciones.es\\\/wordpress\\\/#organization\"},\"image\":{\"@id\":\"https:\\\/\\\/www.ugtcomunicaciones.es\\\/wordpress\\\/la-empresa-acepta-el-envite-de-hablar-de-la-telefonica-del-futuro\\\/#primaryimage\"},\"thumbnailUrl\":\"https:\\\/\\\/www.ugtcomunicaciones.es\\\/wordpress\\\/wp-content\\\/uploads\\\/2021\\\/11\\\/618907a0a92d8.r_1636618401563.0-0-3000-2000.jpeg\",\"articleSection\":[\"Telef\u00f3nica CEV\",\"Telef\u00f3nica de Espa\u00f1a\",\"Telef\u00f3nica M\u00f3viles\",\"Telef\u00f3nica Soluciones\"],\"inLanguage\":\"es\"},{\"@type\":\"WebPage\",\"@id\":\"https:\\\/\\\/www.ugtcomunicaciones.es\\\/wordpress\\\/la-empresa-acepta-el-envite-de-hablar-de-la-telefonica-del-futuro\\\/\",\"url\":\"https:\\\/\\\/www.ugtcomunicaciones.es\\\/wordpress\\\/la-empresa-acepta-el-envite-de-hablar-de-la-telefonica-del-futuro\\\/\",\"name\":\"La empresa acepta el envite de hablar de la Telef\u00f3nica del futuro - UGT Comunicaciones\",\"isPartOf\":{\"@id\":\"https:\\\/\\\/www.ugtcomunicaciones.es\\\/wordpress\\\/#website\"},\"primaryImageOfPage\":{\"@id\":\"https:\\\/\\\/www.ugtcomunicaciones.es\\\/wordpress\\\/la-empresa-acepta-el-envite-de-hablar-de-la-telefonica-del-futuro\\\/#primaryimage\"},\"image\":{\"@id\":\"https:\\\/\\\/www.ugtcomunicaciones.es\\\/wordpress\\\/la-empresa-acepta-el-envite-de-hablar-de-la-telefonica-del-futuro\\\/#primaryimage\"},\"thumbnailUrl\":\"https:\\\/\\\/www.ugtcomunicaciones.es\\\/wordpress\\\/wp-content\\\/uploads\\\/2021\\\/11\\\/618907a0a92d8.r_1636618401563.0-0-3000-2000.jpeg\",\"datePublished\":\"2021-11-12T14:08:59+00:00\",\"breadcrumb\":{\"@id\":\"https:\\\/\\\/www.ugtcomunicaciones.es\\\/wordpress\\\/la-empresa-acepta-el-envite-de-hablar-de-la-telefonica-del-futuro\\\/#breadcrumb\"},\"inLanguage\":\"es\",\"potentialAction\":[{\"@type\":\"ReadAction\",\"target\":[\"https:\\\/\\\/www.ugtcomunicaciones.es\\\/wordpress\\\/la-empresa-acepta-el-envite-de-hablar-de-la-telefonica-del-futuro\\\/\"]}]},{\"@type\":\"ImageObject\",\"inLanguage\":\"es\",\"@id\":\"https:\\\/\\\/www.ugtcomunicaciones.es\\\/wordpress\\\/la-empresa-acepta-el-envite-de-hablar-de-la-telefonica-del-futuro\\\/#primaryimage\",\"url\":\"https:\\\/\\\/www.ugtcomunicaciones.es\\\/wordpress\\\/wp-content\\\/uploads\\\/2021\\\/11\\\/618907a0a92d8.r_1636618401563.0-0-3000-2000.jpeg\",\"contentUrl\":\"https:\\\/\\\/www.ugtcomunicaciones.es\\\/wordpress\\\/wp-content\\\/uploads\\\/2021\\\/11\\\/618907a0a92d8.r_1636618401563.0-0-3000-2000.jpeg\",\"width\":990,\"height\":660},{\"@type\":\"BreadcrumbList\",\"@id\":\"https:\\\/\\\/www.ugtcomunicaciones.es\\\/wordpress\\\/la-empresa-acepta-el-envite-de-hablar-de-la-telefonica-del-futuro\\\/#breadcrumb\",\"itemListElement\":[{\"@type\":\"ListItem\",\"position\":1,\"name\":\"Portada\",\"item\":\"https:\\\/\\\/www.ugtcomunicaciones.es\\\/wordpress\\\/\"},{\"@type\":\"ListItem\",\"position\":2,\"name\":\"La empresa acepta el envite de hablar de la Telef\u00f3nica del futuro\"}]},{\"@type\":\"WebSite\",\"@id\":\"https:\\\/\\\/www.ugtcomunicaciones.es\\\/wordpress\\\/#website\",\"url\":\"https:\\\/\\\/www.ugtcomunicaciones.es\\\/wordpress\\\/\",\"name\":\"UGT Comunicaciones\",\"description\":\"Sindicato de Telecomunicaciones\",\"publisher\":{\"@id\":\"https:\\\/\\\/www.ugtcomunicaciones.es\\\/wordpress\\\/#organization\"},\"potentialAction\":[{\"@type\":\"SearchAction\",\"target\":{\"@type\":\"EntryPoint\",\"urlTemplate\":\"https:\\\/\\\/www.ugtcomunicaciones.es\\\/wordpress\\\/?s={search_term_string}\"},\"query-input\":{\"@type\":\"PropertyValueSpecification\",\"valueRequired\":true,\"valueName\":\"search_term_string\"}}],\"inLanguage\":\"es\"},{\"@type\":\"Organization\",\"@id\":\"https:\\\/\\\/www.ugtcomunicaciones.es\\\/wordpress\\\/#organization\",\"name\":\"UGT Comunicaciones\",\"url\":\"https:\\\/\\\/www.ugtcomunicaciones.es\\\/wordpress\\\/\",\"logo\":{\"@type\":\"ImageObject\",\"inLanguage\":\"es\",\"@id\":\"https:\\\/\\\/www.ugtcomunicaciones.es\\\/wordpress\\\/#\\\/schema\\\/logo\\\/image\\\/\",\"url\":\"https:\\\/\\\/www.ugtcomunicaciones.es\\\/wordpress\\\/wp-content\\\/uploads\\\/2024\\\/04\\\/comunicaciones_logo.png\",\"contentUrl\":\"https:\\\/\\\/www.ugtcomunicaciones.es\\\/wordpress\\\/wp-content\\\/uploads\\\/2024\\\/04\\\/comunicaciones_logo.png\",\"width\":298,\"height\":81,\"caption\":\"UGT Comunicaciones\"},\"image\":{\"@id\":\"https:\\\/\\\/www.ugtcomunicaciones.es\\\/wordpress\\\/#\\\/schema\\\/logo\\\/image\\\/\"},\"sameAs\":[\"https:\\\/\\\/www.facebook.com\\\/ugt.comunicaciones\\\/\",\"https:\\\/\\\/x.com\\\/ugtcom\"]},{\"@type\":\"Person\",\"@id\":\"https:\\\/\\\/www.ugtcomunicaciones.es\\\/wordpress\\\/#\\\/schema\\\/person\\\/eba0fc3fe5b444531d94d4368cba89ed\",\"name\":\"UGT\",\"image\":{\"@type\":\"ImageObject\",\"inLanguage\":\"es\",\"@id\":\"https:\\\/\\\/secure.gravatar.com\\\/avatar\\\/2a16057d620a4c646bcfc171c4f23030879ebbdd346f0525bd5d4a564e57e13d?s=96&d=mm&r=g\",\"url\":\"https:\\\/\\\/secure.gravatar.com\\\/avatar\\\/2a16057d620a4c646bcfc171c4f23030879ebbdd346f0525bd5d4a564e57e13d?s=96&d=mm&r=g\",\"contentUrl\":\"https:\\\/\\\/secure.gravatar.com\\\/avatar\\\/2a16057d620a4c646bcfc171c4f23030879ebbdd346f0525bd5d4a564e57e13d?s=96&d=mm&r=g\",\"caption\":\"UGT\"}}]}<\/script>\n<!-- \/ Yoast SEO Premium plugin. -->","yoast_head_json":{"title":"La empresa acepta el envite de hablar de la Telef\u00f3nica del futuro - UGT Comunicaciones","robots":{"index":"index","follow":"follow","max-snippet":"max-snippet:-1","max-image-preview":"max-image-preview:large","max-video-preview":"max-video-preview:-1"},"canonical":"https:\/\/www.ugtcomunicaciones.es\/wordpress\/la-empresa-acepta-el-envite-de-hablar-de-la-telefonica-del-futuro\/","og_locale":"es_ES","og_type":"article","og_title":"La empresa acepta el envite de hablar de la Telef\u00f3nica del futuro","og_description":"La Direcci\u00f3n de Telef\u00f3nica Espa\u00f1a, en reuni\u00f3n celebrada hoy viernes 12 de noviembre, ha aceptado la propuesta de UGT para elaborar un Plan Social por el Empleo (PSE). Tal y como hab\u00edamos avanzado, nuestro Sindicato se hab\u00eda dirigido a la compa\u00f1\u00eda exigiendo abrir una mesa de negociaci\u00f3n donde se debata, negocie y acuerde el modelo [&hellip;]","og_url":"https:\/\/www.ugtcomunicaciones.es\/wordpress\/la-empresa-acepta-el-envite-de-hablar-de-la-telefonica-del-futuro\/","og_site_name":"UGT Comunicaciones","article_publisher":"https:\/\/www.facebook.com\/ugt.comunicaciones\/","article_published_time":"2021-11-12T14:08:59+00:00","og_image":[{"width":990,"height":660,"url":"https:\/\/www.ugtcomunicaciones.es\/wordpress\/wp-content\/uploads\/2021\/11\/618907a0a92d8.r_1636618401563.0-0-3000-2000.jpeg","type":"image\/jpeg"}],"author":"UGT","twitter_card":"summary_large_image","twitter_creator":"@ugtcom","twitter_site":"@ugtcom","twitter_misc":{"Escrito por":"UGT","Tiempo de lectura":"2 minutos"},"schema":{"@context":"https:\/\/schema.org","@graph":[{"@type":"Article","@id":"https:\/\/www.ugtcomunicaciones.es\/wordpress\/la-empresa-acepta-el-envite-de-hablar-de-la-telefonica-del-futuro\/#article","isPartOf":{"@id":"https:\/\/www.ugtcomunicaciones.es\/wordpress\/la-empresa-acepta-el-envite-de-hablar-de-la-telefonica-del-futuro\/"},"author":{"name":"UGT","@id":"https:\/\/www.ugtcomunicaciones.es\/wordpress\/#\/schema\/person\/eba0fc3fe5b444531d94d4368cba89ed"},"headline":"La empresa acepta el envite de hablar de la Telef\u00f3nica del futuro","datePublished":"2021-11-12T14:08:59+00:00","mainEntityOfPage":{"@id":"https:\/\/www.ugtcomunicaciones.es\/wordpress\/la-empresa-acepta-el-envite-de-hablar-de-la-telefonica-del-futuro\/"},"wordCount":283,"publisher":{"@id":"https:\/\/www.ugtcomunicaciones.es\/wordpress\/#organization"},"image":{"@id":"https:\/\/www.ugtcomunicaciones.es\/wordpress\/la-empresa-acepta-el-envite-de-hablar-de-la-telefonica-del-futuro\/#primaryimage"},"thumbnailUrl":"https:\/\/www.ugtcomunicaciones.es\/wordpress\/wp-content\/uploads\/2021\/11\/618907a0a92d8.r_1636618401563.0-0-3000-2000.jpeg","articleSection":["Telef\u00f3nica CEV","Telef\u00f3nica de Espa\u00f1a","Telef\u00f3nica M\u00f3viles","Telef\u00f3nica Soluciones"],"inLanguage":"es"},{"@type":"WebPage","@id":"https:\/\/www.ugtcomunicaciones.es\/wordpress\/la-empresa-acepta-el-envite-de-hablar-de-la-telefonica-del-futuro\/","url":"https:\/\/www.ugtcomunicaciones.es\/wordpress\/la-empresa-acepta-el-envite-de-hablar-de-la-telefonica-del-futuro\/","name":"La empresa acepta el envite de hablar de la Telef\u00f3nica del futuro - UGT Comunicaciones","isPartOf":{"@id":"https:\/\/www.ugtcomunicaciones.es\/wordpress\/#website"},"primaryImageOfPage":{"@id":"https:\/\/www.ugtcomunicaciones.es\/wordpress\/la-empresa-acepta-el-envite-de-hablar-de-la-telefonica-del-futuro\/#primaryimage"},"image":{"@id":"https:\/\/www.ugtcomunicaciones.es\/wordpress\/la-empresa-acepta-el-envite-de-hablar-de-la-telefonica-del-futuro\/#primaryimage"},"thumbnailUrl":"https:\/\/www.ugtcomunicaciones.es\/wordpress\/wp-content\/uploads\/2021\/11\/618907a0a92d8.r_1636618401563.0-0-3000-2000.jpeg","datePublished":"2021-11-12T14:08:59+00:00","breadcrumb":{"@id":"https:\/\/www.ugtcomunicaciones.es\/wordpress\/la-empresa-acepta-el-envite-de-hablar-de-la-telefonica-del-futuro\/#breadcrumb"},"inLanguage":"es","potentialAction":[{"@type":"ReadAction","target":["https:\/\/www.ugtcomunicaciones.es\/wordpress\/la-empresa-acepta-el-envite-de-hablar-de-la-telefonica-del-futuro\/"]}]},{"@type":"ImageObject","inLanguage":"es","@id":"https:\/\/www.ugtcomunicaciones.es\/wordpress\/la-empresa-acepta-el-envite-de-hablar-de-la-telefonica-del-futuro\/#primaryimage","url":"https:\/\/www.ugtcomunicaciones.es\/wordpress\/wp-content\/uploads\/2021\/11\/618907a0a92d8.r_1636618401563.0-0-3000-2000.jpeg","contentUrl":"https:\/\/www.ugtcomunicaciones.es\/wordpress\/wp-content\/uploads\/2021\/11\/618907a0a92d8.r_1636618401563.0-0-3000-2000.jpeg","width":990,"height":660},{"@type":"BreadcrumbList","@id":"https:\/\/www.ugtcomunicaciones.es\/wordpress\/la-empresa-acepta-el-envite-de-hablar-de-la-telefonica-del-futuro\/#breadcrumb","itemListElement":[{"@type":"ListItem","position":1,"name":"Portada","item":"https:\/\/www.ugtcomunicaciones.es\/wordpress\/"},{"@type":"ListItem","position":2,"name":"La empresa acepta el envite de hablar de la Telef\u00f3nica del futuro"}]},{"@type":"WebSite","@id":"https:\/\/www.ugtcomunicaciones.es\/wordpress\/#website","url":"https:\/\/www.ugtcomunicaciones.es\/wordpress\/","name":"UGT Comunicaciones","description":"Sindicato de Telecomunicaciones","publisher":{"@id":"https:\/\/www.ugtcomunicaciones.es\/wordpress\/#organization"},"potentialAction":[{"@type":"SearchAction","target":{"@type":"EntryPoint","urlTemplate":"https:\/\/www.ugtcomunicaciones.es\/wordpress\/?s={search_term_string}"},"query-input":{"@type":"PropertyValueSpecification","valueRequired":true,"valueName":"search_term_string"}}],"inLanguage":"es"},{"@type":"Organization","@id":"https:\/\/www.ugtcomunicaciones.es\/wordpress\/#organization","name":"UGT Comunicaciones","url":"https:\/\/www.ugtcomunicaciones.es\/wordpress\/","logo":{"@type":"ImageObject","inLanguage":"es","@id":"https:\/\/www.ugtcomunicaciones.es\/wordpress\/#\/schema\/logo\/image\/","url":"https:\/\/www.ugtcomunicaciones.es\/wordpress\/wp-content\/uploads\/2024\/04\/comunicaciones_logo.png","contentUrl":"https:\/\/www.ugtcomunicaciones.es\/wordpress\/wp-content\/uploads\/2024\/04\/comunicaciones_logo.png","width":298,"height":81,"caption":"UGT Comunicaciones"},"image":{"@id":"https:\/\/www.ugtcomunicaciones.es\/wordpress\/#\/schema\/logo\/image\/"},"sameAs":["https:\/\/www.facebook.com\/ugt.comunicaciones\/","https:\/\/x.com\/ugtcom"]},{"@type":"Person","@id":"https:\/\/www.ugtcomunicaciones.es\/wordpress\/#\/schema\/person\/eba0fc3fe5b444531d94d4368cba89ed","name":"UGT","image":{"@type":"ImageObject","inLanguage":"es","@id":"https:\/\/secure.gravatar.com\/avatar\/2a16057d620a4c646bcfc171c4f23030879ebbdd346f0525bd5d4a564e57e13d?s=96&d=mm&r=g","url":"https:\/\/secure.gravatar.com\/avatar\/2a16057d620a4c646bcfc171c4f23030879ebbdd346f0525bd5d4a564e57e13d?s=96&d=mm&r=g","contentUrl":"https:\/\/secure.gravatar.com\/avatar\/2a16057d620a4c646bcfc171c4f23030879ebbdd346f0525bd5d4a564e57e13d?s=96&d=mm&r=g","caption":"UGT"}}]}},"_links":{"self":[{"href":"https:\/\/www.ugtcomunicaciones.es\/wordpress\/wp-json\/wp\/v2\/posts\/933590","targetHints":{"allow":["GET"]}}],"collection":[{"href":"https:\/\/www.ugtcomunicaciones.es\/wordpress\/wp-json\/wp\/v2\/posts"}],"about":[{"href":"https:\/\/www.ugtcomunicaciones.es\/wordpress\/wp-json\/wp\/v2\/types\/post"}],"author":[{"embeddable":true,"href":"https:\/\/www.ugtcomunicaciones.es\/wordpress\/wp-json\/wp\/v2\/users\/3"}],"replies":[{"embeddable":true,"href":"https:\/\/www.ugtcomunicaciones.es\/wordpress\/wp-json\/wp\/v2\/comments?post=933590"}],"version-history":[{"count":0,"href":"https:\/\/www.ugtcomunicaciones.es\/wordpress\/wp-json\/wp\/v2\/posts\/933590\/revisions"}],"wp:featuredmedia":[{"embeddable":true,"href":"https:\/\/www.ugtcomunicaciones.es\/wordpress\/wp-json\/wp\/v2\/media\/933591"}],"wp:attachment":[{"href":"https:\/\/www.ugtcomunicaciones.es\/wordpress\/wp-json\/wp\/v2\/media?parent=933590"}],"wp:term":[{"taxonomy":"category","embeddable":true,"href":"https:\/\/www.ugtcomunicaciones.es\/wordpress\/wp-json\/wp\/v2\/categories?post=933590"},{"taxonomy":"post_tag","embeddable":true,"href":"https:\/\/www.ugtcomunicaciones.es\/wordpress\/wp-json\/wp\/v2\/tags?post=933590"}],"curies":[{"name":"wp","href":"https:\/\/api.w.org\/{rel}","templated":true}]}}