{"id":935043,"date":"2021-11-17T13:59:29","date_gmt":"2021-11-17T11:59:29","guid":{"rendered":"https:\/\/www.ugtcomunicaciones.es\/wordpress\/?p=935043"},"modified":"2021-11-17T17:23:18","modified_gmt":"2021-11-17T15:23:18","slug":"el-proximo-23-de-noviembre-nos-reuniremos-para-hablar-de-futuro","status":"publish","type":"post","link":"https:\/\/www.ugtcomunicaciones.es\/wordpress\/el-proximo-23-de-noviembre-nos-reuniremos-para-hablar-de-futuro\/","title":{"rendered":"El pr\u00f3ximo 23 de noviembre nos reuniremos para hablar de futuro"},"content":{"rendered":"<p style=\"text-align: justify;\">En respuesta a nuestra exigencia de establecer una mesa de di\u00e1logo sobre el futuro laboral de Telef\u00f3nica Espa\u00f1a (Plan Social de Empleo), que fue aceptada por la Direcci\u00f3n de la compa\u00f1\u00eda el pasado viernes, <strong>se ha fijado fecha para la primera reuni\u00f3n<\/strong>, que tendr\u00e1 lugar el pr\u00f3ximo <strong>martes, 23 de noviembre<\/strong>.<\/p>\n<p style=\"text-align: justify;\">Tal y como hemos explicado en las asambleas realizadas, tanto a nivel estatal como local, <span style=\"color: #ff0000;\"><strong>UGT<\/strong><\/span> se sentar\u00e1 a dicha mesa para <strong>abordar el futuro de la Empresa <\/strong>en respuesta a los problemas que sin duda existen en el sector y que requieren <strong>de estrategias definidas que las personas trabajadoras, como part\u00edcipes de las consecuencias, debemos conocer<\/strong>.<\/p>\n<p style=\"text-align: justify;\">Para <span style=\"color: #ff0000;\"><strong>UGT<\/strong><\/span> es imprescindible <strong>dibujar el mapa de empleo a medio y largo plazo<\/strong> que tenga en cuenta toda la cadena de valor y nuestra huella de red -presente y futura &#8211; sea FTTH o 5G -, donde se contemplen <strong>todas las necesidades de empleo provinciales<\/strong> a fin de solventar las posibles disfunciones que se detecten, para garantizar la empleabilidad y permanec\u00eda en la residencia laboral, <strong>impulsando la formaci\u00f3n tanto como garant\u00eda de empleo como de<\/strong> <strong>desarrollo y reconocimiento profesional<\/strong> de todos los que conformamos Telef\u00f3nica en Espa\u00f1a.<\/p>\n<p style=\"text-align: justify;\"><span style=\"color: #ff0000;\"><strong>UGT<\/strong><\/span> abogar\u00e1 por convertir a Telef\u00f3nica en <strong>un referente en t\u00e9rminos de igualdad de g\u00e9nero y representatividad femenina<\/strong> y tambi\u00e9n <strong>de diversidad y de integraci\u00f3n de personas con discapacidad. <\/strong>Una empresa<strong> donde los j\u00f3venes quieran y puedan trabajar<\/strong>, primando <strong>la<\/strong> <strong>flexibilidad horaria y adaptaci\u00f3n de jornada <\/strong>y profundizando en las <strong>nuevas formas de trabajo &#8211;<\/strong> desde el agile al teletrabajo \u2013 <strong>como f\u00f3rmulas de conciliaci\u00f3n, pero tambi\u00e9n de mantenimiento de empleo en la localidad. <\/strong><\/p>\n<p style=\"text-align: justify;\">En definitiva, <span style=\"color: #ff0000;\"><strong>UGT<\/strong><\/span> quiere que la empresa demuestre que tiene <strong>un plan estrat\u00e9gico de futuro en el que podamos hablar tanto de sostenibilidad o de competitividad como de integraci\u00f3n y desarrollo profesional<\/strong> poniendo en el centro a las personas trabajadoras que conformamos la empresa. <strong>UGT<\/strong> quiere hablar de <strong>un plan social de empleo que contenga todas las medidas para garantizar el futuro<\/strong> de la plantilla, antes de cualquier medida coyuntural puntual.<\/p>\n<p>&nbsp;<\/p>\n<h4 style=\"text-align: right;\"><strong><span style=\"color: #ff0000;\">UGT<\/span> Sector Estatal Comunicaciones<\/strong><\/h4>\n","protected":false},"excerpt":{"rendered":"<p>En respuesta a nuestra exigencia de establecer una mesa de di\u00e1logo sobre el futuro laboral de Telef\u00f3nica Espa\u00f1a (Plan Social de Empleo), que fue aceptada por la Direcci\u00f3n de la compa\u00f1\u00eda el pasado viernes, se ha fijado fecha para la primera reuni\u00f3n, que tendr\u00e1 lugar el pr\u00f3ximo martes, 23 de noviembre. Tal y como hemos [&hellip;]<\/p>\n","protected":false},"author":3,"featured_media":935067,"comment_status":"closed","ping_status":"closed","sticky":false,"template":"","format":"standard","meta":{"footnotes":""},"categories":[8,25,7,26],"tags":[],"class_list":["post-935043","post","type-post","status-publish","format-standard","has-post-thumbnail","hentry","category-telefonica-cev","category-telefonica","category-telefonica-moviles","category-telefonica-soluciones"],"yoast_head":"<!-- This site is optimized with the Yoast SEO Premium plugin v27.3 (Yoast SEO v27.4) - https:\/\/yoast.com\/product\/yoast-seo-premium-wordpress\/ -->\n<title>El pr\u00f3ximo 23 de noviembre nos reuniremos para hablar de futuro - UGT Comunicaciones<\/title>\n<meta name=\"description\" content=\"En respuesta a nuestra exigencia de establecer una mesa de di\u00e1logo sobre el futuro laboral de Telef\u00f3nica Espa\u00f1a (Plan Social de Empleo),...\" \/>\n<meta name=\"robots\" content=\"index, follow, max-snippet:-1, max-image-preview:large, max-video-preview:-1\" \/>\n<link rel=\"canonical\" href=\"https:\/\/www.ugtcomunicaciones.es\/wordpress\/el-proximo-23-de-noviembre-nos-reuniremos-para-hablar-de-futuro\/\" \/>\n<meta property=\"og:locale\" content=\"es_ES\" \/>\n<meta property=\"og:type\" content=\"article\" \/>\n<meta property=\"og:title\" content=\"El pr\u00f3ximo 23 de noviembre nos reuniremos para hablar de futuro\" \/>\n<meta property=\"og:description\" content=\"En respuesta a nuestra exigencia de establecer una mesa de di\u00e1logo sobre el futuro laboral de Telef\u00f3nica Espa\u00f1a (Plan Social de Empleo),...\" \/>\n<meta property=\"og:url\" content=\"https:\/\/www.ugtcomunicaciones.es\/wordpress\/el-proximo-23-de-noviembre-nos-reuniremos-para-hablar-de-futuro\/\" \/>\n<meta property=\"og:site_name\" content=\"UGT Comunicaciones\" \/>\n<meta property=\"article:publisher\" content=\"https:\/\/www.facebook.com\/ugt.comunicaciones\/\" \/>\n<meta property=\"article:published_time\" content=\"2021-11-17T11:59:29+00:00\" \/>\n<meta property=\"article:modified_time\" content=\"2021-11-17T15:23:18+00:00\" \/>\n<meta property=\"og:image\" content=\"https:\/\/www.ugtcomunicaciones.es\/wordpress\/wp-content\/uploads\/2021\/11\/20211116_103932594_iOS.jpeg\" \/>\n\t<meta property=\"og:image:width\" content=\"2030\" \/>\n\t<meta property=\"og:image:height\" content=\"1353\" \/>\n\t<meta property=\"og:image:type\" content=\"image\/jpeg\" \/>\n<meta name=\"author\" content=\"UGT\" \/>\n<meta name=\"twitter:card\" content=\"summary_large_image\" \/>\n<meta name=\"twitter:creator\" content=\"@ugtcom\" \/>\n<meta name=\"twitter:site\" content=\"@ugtcom\" \/>\n<meta name=\"twitter:label1\" content=\"Escrito por\" \/>\n\t<meta name=\"twitter:data1\" content=\"UGT\" \/>\n\t<meta name=\"twitter:label2\" content=\"Tiempo de lectura\" \/>\n\t<meta name=\"twitter:data2\" content=\"2 minutos\" \/>\n<script type=\"application\/ld+json\" class=\"yoast-schema-graph\">{\"@context\":\"https:\\\/\\\/schema.org\",\"@graph\":[{\"@type\":\"Article\",\"@id\":\"https:\\\/\\\/www.ugtcomunicaciones.es\\\/wordpress\\\/el-proximo-23-de-noviembre-nos-reuniremos-para-hablar-de-futuro\\\/#article\",\"isPartOf\":{\"@id\":\"https:\\\/\\\/www.ugtcomunicaciones.es\\\/wordpress\\\/el-proximo-23-de-noviembre-nos-reuniremos-para-hablar-de-futuro\\\/\"},\"author\":{\"name\":\"UGT\",\"@id\":\"https:\\\/\\\/www.ugtcomunicaciones.es\\\/wordpress\\\/#\\\/schema\\\/person\\\/eba0fc3fe5b444531d94d4368cba89ed\"},\"headline\":\"El pr\u00f3ximo 23 de noviembre nos reuniremos para hablar de futuro\",\"datePublished\":\"2021-11-17T11:59:29+00:00\",\"dateModified\":\"2021-11-17T15:23:18+00:00\",\"mainEntityOfPage\":{\"@id\":\"https:\\\/\\\/www.ugtcomunicaciones.es\\\/wordpress\\\/el-proximo-23-de-noviembre-nos-reuniremos-para-hablar-de-futuro\\\/\"},\"wordCount\":380,\"publisher\":{\"@id\":\"https:\\\/\\\/www.ugtcomunicaciones.es\\\/wordpress\\\/#organization\"},\"image\":{\"@id\":\"https:\\\/\\\/www.ugtcomunicaciones.es\\\/wordpress\\\/el-proximo-23-de-noviembre-nos-reuniremos-para-hablar-de-futuro\\\/#primaryimage\"},\"thumbnailUrl\":\"https:\\\/\\\/www.ugtcomunicaciones.es\\\/wordpress\\\/wp-content\\\/uploads\\\/2021\\\/11\\\/20211116_103932594_iOS.jpeg\",\"articleSection\":[\"Telef\u00f3nica CEV\",\"Telef\u00f3nica de Espa\u00f1a\",\"Telef\u00f3nica M\u00f3viles\",\"Telef\u00f3nica Soluciones\"],\"inLanguage\":\"es\"},{\"@type\":\"WebPage\",\"@id\":\"https:\\\/\\\/www.ugtcomunicaciones.es\\\/wordpress\\\/el-proximo-23-de-noviembre-nos-reuniremos-para-hablar-de-futuro\\\/\",\"url\":\"https:\\\/\\\/www.ugtcomunicaciones.es\\\/wordpress\\\/el-proximo-23-de-noviembre-nos-reuniremos-para-hablar-de-futuro\\\/\",\"name\":\"El pr\u00f3ximo 23 de noviembre nos reuniremos para hablar de futuro - UGT Comunicaciones\",\"isPartOf\":{\"@id\":\"https:\\\/\\\/www.ugtcomunicaciones.es\\\/wordpress\\\/#website\"},\"primaryImageOfPage\":{\"@id\":\"https:\\\/\\\/www.ugtcomunicaciones.es\\\/wordpress\\\/el-proximo-23-de-noviembre-nos-reuniremos-para-hablar-de-futuro\\\/#primaryimage\"},\"image\":{\"@id\":\"https:\\\/\\\/www.ugtcomunicaciones.es\\\/wordpress\\\/el-proximo-23-de-noviembre-nos-reuniremos-para-hablar-de-futuro\\\/#primaryimage\"},\"thumbnailUrl\":\"https:\\\/\\\/www.ugtcomunicaciones.es\\\/wordpress\\\/wp-content\\\/uploads\\\/2021\\\/11\\\/20211116_103932594_iOS.jpeg\",\"datePublished\":\"2021-11-17T11:59:29+00:00\",\"dateModified\":\"2021-11-17T15:23:18+00:00\",\"description\":\"En respuesta a nuestra exigencia de establecer una mesa de di\u00e1logo sobre el futuro laboral de Telef\u00f3nica Espa\u00f1a (Plan Social de Empleo),...\",\"breadcrumb\":{\"@id\":\"https:\\\/\\\/www.ugtcomunicaciones.es\\\/wordpress\\\/el-proximo-23-de-noviembre-nos-reuniremos-para-hablar-de-futuro\\\/#breadcrumb\"},\"inLanguage\":\"es\",\"potentialAction\":[{\"@type\":\"ReadAction\",\"target\":[\"https:\\\/\\\/www.ugtcomunicaciones.es\\\/wordpress\\\/el-proximo-23-de-noviembre-nos-reuniremos-para-hablar-de-futuro\\\/\"]}]},{\"@type\":\"ImageObject\",\"inLanguage\":\"es\",\"@id\":\"https:\\\/\\\/www.ugtcomunicaciones.es\\\/wordpress\\\/el-proximo-23-de-noviembre-nos-reuniremos-para-hablar-de-futuro\\\/#primaryimage\",\"url\":\"https:\\\/\\\/www.ugtcomunicaciones.es\\\/wordpress\\\/wp-content\\\/uploads\\\/2021\\\/11\\\/20211116_103932594_iOS.jpeg\",\"contentUrl\":\"https:\\\/\\\/www.ugtcomunicaciones.es\\\/wordpress\\\/wp-content\\\/uploads\\\/2021\\\/11\\\/20211116_103932594_iOS.jpeg\",\"width\":2030,\"height\":1353},{\"@type\":\"BreadcrumbList\",\"@id\":\"https:\\\/\\\/www.ugtcomunicaciones.es\\\/wordpress\\\/el-proximo-23-de-noviembre-nos-reuniremos-para-hablar-de-futuro\\\/#breadcrumb\",\"itemListElement\":[{\"@type\":\"ListItem\",\"position\":1,\"name\":\"Portada\",\"item\":\"https:\\\/\\\/www.ugtcomunicaciones.es\\\/wordpress\\\/\"},{\"@type\":\"ListItem\",\"position\":2,\"name\":\"El pr\u00f3ximo 23 de noviembre nos reuniremos para hablar de futuro\"}]},{\"@type\":\"WebSite\",\"@id\":\"https:\\\/\\\/www.ugtcomunicaciones.es\\\/wordpress\\\/#website\",\"url\":\"https:\\\/\\\/www.ugtcomunicaciones.es\\\/wordpress\\\/\",\"name\":\"UGT Comunicaciones\",\"description\":\"Sindicato de Telecomunicaciones\",\"publisher\":{\"@id\":\"https:\\\/\\\/www.ugtcomunicaciones.es\\\/wordpress\\\/#organization\"},\"potentialAction\":[{\"@type\":\"SearchAction\",\"target\":{\"@type\":\"EntryPoint\",\"urlTemplate\":\"https:\\\/\\\/www.ugtcomunicaciones.es\\\/wordpress\\\/?s={search_term_string}\"},\"query-input\":{\"@type\":\"PropertyValueSpecification\",\"valueRequired\":true,\"valueName\":\"search_term_string\"}}],\"inLanguage\":\"es\"},{\"@type\":\"Organization\",\"@id\":\"https:\\\/\\\/www.ugtcomunicaciones.es\\\/wordpress\\\/#organization\",\"name\":\"UGT Comunicaciones\",\"url\":\"https:\\\/\\\/www.ugtcomunicaciones.es\\\/wordpress\\\/\",\"logo\":{\"@type\":\"ImageObject\",\"inLanguage\":\"es\",\"@id\":\"https:\\\/\\\/www.ugtcomunicaciones.es\\\/wordpress\\\/#\\\/schema\\\/logo\\\/image\\\/\",\"url\":\"https:\\\/\\\/www.ugtcomunicaciones.es\\\/wordpress\\\/wp-content\\\/uploads\\\/2024\\\/04\\\/comunicaciones_logo.png\",\"contentUrl\":\"https:\\\/\\\/www.ugtcomunicaciones.es\\\/wordpress\\\/wp-content\\\/uploads\\\/2024\\\/04\\\/comunicaciones_logo.png\",\"width\":298,\"height\":81,\"caption\":\"UGT Comunicaciones\"},\"image\":{\"@id\":\"https:\\\/\\\/www.ugtcomunicaciones.es\\\/wordpress\\\/#\\\/schema\\\/logo\\\/image\\\/\"},\"sameAs\":[\"https:\\\/\\\/www.facebook.com\\\/ugt.comunicaciones\\\/\",\"https:\\\/\\\/x.com\\\/ugtcom\"]},{\"@type\":\"Person\",\"@id\":\"https:\\\/\\\/www.ugtcomunicaciones.es\\\/wordpress\\\/#\\\/schema\\\/person\\\/eba0fc3fe5b444531d94d4368cba89ed\",\"name\":\"UGT\",\"image\":{\"@type\":\"ImageObject\",\"inLanguage\":\"es\",\"@id\":\"https:\\\/\\\/secure.gravatar.com\\\/avatar\\\/2a16057d620a4c646bcfc171c4f23030879ebbdd346f0525bd5d4a564e57e13d?s=96&d=mm&r=g\",\"url\":\"https:\\\/\\\/secure.gravatar.com\\\/avatar\\\/2a16057d620a4c646bcfc171c4f23030879ebbdd346f0525bd5d4a564e57e13d?s=96&d=mm&r=g\",\"contentUrl\":\"https:\\\/\\\/secure.gravatar.com\\\/avatar\\\/2a16057d620a4c646bcfc171c4f23030879ebbdd346f0525bd5d4a564e57e13d?s=96&d=mm&r=g\",\"caption\":\"UGT\"}}]}<\/script>\n<!-- \/ Yoast SEO Premium plugin. -->","yoast_head_json":{"title":"El pr\u00f3ximo 23 de noviembre nos reuniremos para hablar de futuro - UGT Comunicaciones","description":"En respuesta a nuestra exigencia de establecer una mesa de di\u00e1logo sobre el futuro laboral de Telef\u00f3nica Espa\u00f1a (Plan Social de Empleo),...","robots":{"index":"index","follow":"follow","max-snippet":"max-snippet:-1","max-image-preview":"max-image-preview:large","max-video-preview":"max-video-preview:-1"},"canonical":"https:\/\/www.ugtcomunicaciones.es\/wordpress\/el-proximo-23-de-noviembre-nos-reuniremos-para-hablar-de-futuro\/","og_locale":"es_ES","og_type":"article","og_title":"El pr\u00f3ximo 23 de noviembre nos reuniremos para hablar de futuro","og_description":"En respuesta a nuestra exigencia de establecer una mesa de di\u00e1logo sobre el futuro laboral de Telef\u00f3nica Espa\u00f1a (Plan Social de Empleo),...","og_url":"https:\/\/www.ugtcomunicaciones.es\/wordpress\/el-proximo-23-de-noviembre-nos-reuniremos-para-hablar-de-futuro\/","og_site_name":"UGT Comunicaciones","article_publisher":"https:\/\/www.facebook.com\/ugt.comunicaciones\/","article_published_time":"2021-11-17T11:59:29+00:00","article_modified_time":"2021-11-17T15:23:18+00:00","og_image":[{"width":2030,"height":1353,"url":"https:\/\/www.ugtcomunicaciones.es\/wordpress\/wp-content\/uploads\/2021\/11\/20211116_103932594_iOS.jpeg","type":"image\/jpeg"}],"author":"UGT","twitter_card":"summary_large_image","twitter_creator":"@ugtcom","twitter_site":"@ugtcom","twitter_misc":{"Escrito por":"UGT","Tiempo de lectura":"2 minutos"},"schema":{"@context":"https:\/\/schema.org","@graph":[{"@type":"Article","@id":"https:\/\/www.ugtcomunicaciones.es\/wordpress\/el-proximo-23-de-noviembre-nos-reuniremos-para-hablar-de-futuro\/#article","isPartOf":{"@id":"https:\/\/www.ugtcomunicaciones.es\/wordpress\/el-proximo-23-de-noviembre-nos-reuniremos-para-hablar-de-futuro\/"},"author":{"name":"UGT","@id":"https:\/\/www.ugtcomunicaciones.es\/wordpress\/#\/schema\/person\/eba0fc3fe5b444531d94d4368cba89ed"},"headline":"El pr\u00f3ximo 23 de noviembre nos reuniremos para hablar de futuro","datePublished":"2021-11-17T11:59:29+00:00","dateModified":"2021-11-17T15:23:18+00:00","mainEntityOfPage":{"@id":"https:\/\/www.ugtcomunicaciones.es\/wordpress\/el-proximo-23-de-noviembre-nos-reuniremos-para-hablar-de-futuro\/"},"wordCount":380,"publisher":{"@id":"https:\/\/www.ugtcomunicaciones.es\/wordpress\/#organization"},"image":{"@id":"https:\/\/www.ugtcomunicaciones.es\/wordpress\/el-proximo-23-de-noviembre-nos-reuniremos-para-hablar-de-futuro\/#primaryimage"},"thumbnailUrl":"https:\/\/www.ugtcomunicaciones.es\/wordpress\/wp-content\/uploads\/2021\/11\/20211116_103932594_iOS.jpeg","articleSection":["Telef\u00f3nica CEV","Telef\u00f3nica de Espa\u00f1a","Telef\u00f3nica M\u00f3viles","Telef\u00f3nica Soluciones"],"inLanguage":"es"},{"@type":"WebPage","@id":"https:\/\/www.ugtcomunicaciones.es\/wordpress\/el-proximo-23-de-noviembre-nos-reuniremos-para-hablar-de-futuro\/","url":"https:\/\/www.ugtcomunicaciones.es\/wordpress\/el-proximo-23-de-noviembre-nos-reuniremos-para-hablar-de-futuro\/","name":"El pr\u00f3ximo 23 de noviembre nos reuniremos para hablar de futuro - UGT Comunicaciones","isPartOf":{"@id":"https:\/\/www.ugtcomunicaciones.es\/wordpress\/#website"},"primaryImageOfPage":{"@id":"https:\/\/www.ugtcomunicaciones.es\/wordpress\/el-proximo-23-de-noviembre-nos-reuniremos-para-hablar-de-futuro\/#primaryimage"},"image":{"@id":"https:\/\/www.ugtcomunicaciones.es\/wordpress\/el-proximo-23-de-noviembre-nos-reuniremos-para-hablar-de-futuro\/#primaryimage"},"thumbnailUrl":"https:\/\/www.ugtcomunicaciones.es\/wordpress\/wp-content\/uploads\/2021\/11\/20211116_103932594_iOS.jpeg","datePublished":"2021-11-17T11:59:29+00:00","dateModified":"2021-11-17T15:23:18+00:00","description":"En respuesta a nuestra exigencia de establecer una mesa de di\u00e1logo sobre el futuro laboral de Telef\u00f3nica Espa\u00f1a (Plan Social de Empleo),...","breadcrumb":{"@id":"https:\/\/www.ugtcomunicaciones.es\/wordpress\/el-proximo-23-de-noviembre-nos-reuniremos-para-hablar-de-futuro\/#breadcrumb"},"inLanguage":"es","potentialAction":[{"@type":"ReadAction","target":["https:\/\/www.ugtcomunicaciones.es\/wordpress\/el-proximo-23-de-noviembre-nos-reuniremos-para-hablar-de-futuro\/"]}]},{"@type":"ImageObject","inLanguage":"es","@id":"https:\/\/www.ugtcomunicaciones.es\/wordpress\/el-proximo-23-de-noviembre-nos-reuniremos-para-hablar-de-futuro\/#primaryimage","url":"https:\/\/www.ugtcomunicaciones.es\/wordpress\/wp-content\/uploads\/2021\/11\/20211116_103932594_iOS.jpeg","contentUrl":"https:\/\/www.ugtcomunicaciones.es\/wordpress\/wp-content\/uploads\/2021\/11\/20211116_103932594_iOS.jpeg","width":2030,"height":1353},{"@type":"BreadcrumbList","@id":"https:\/\/www.ugtcomunicaciones.es\/wordpress\/el-proximo-23-de-noviembre-nos-reuniremos-para-hablar-de-futuro\/#breadcrumb","itemListElement":[{"@type":"ListItem","position":1,"name":"Portada","item":"https:\/\/www.ugtcomunicaciones.es\/wordpress\/"},{"@type":"ListItem","position":2,"name":"El pr\u00f3ximo 23 de noviembre nos reuniremos para hablar de futuro"}]},{"@type":"WebSite","@id":"https:\/\/www.ugtcomunicaciones.es\/wordpress\/#website","url":"https:\/\/www.ugtcomunicaciones.es\/wordpress\/","name":"UGT Comunicaciones","description":"Sindicato de Telecomunicaciones","publisher":{"@id":"https:\/\/www.ugtcomunicaciones.es\/wordpress\/#organization"},"potentialAction":[{"@type":"SearchAction","target":{"@type":"EntryPoint","urlTemplate":"https:\/\/www.ugtcomunicaciones.es\/wordpress\/?s={search_term_string}"},"query-input":{"@type":"PropertyValueSpecification","valueRequired":true,"valueName":"search_term_string"}}],"inLanguage":"es"},{"@type":"Organization","@id":"https:\/\/www.ugtcomunicaciones.es\/wordpress\/#organization","name":"UGT Comunicaciones","url":"https:\/\/www.ugtcomunicaciones.es\/wordpress\/","logo":{"@type":"ImageObject","inLanguage":"es","@id":"https:\/\/www.ugtcomunicaciones.es\/wordpress\/#\/schema\/logo\/image\/","url":"https:\/\/www.ugtcomunicaciones.es\/wordpress\/wp-content\/uploads\/2024\/04\/comunicaciones_logo.png","contentUrl":"https:\/\/www.ugtcomunicaciones.es\/wordpress\/wp-content\/uploads\/2024\/04\/comunicaciones_logo.png","width":298,"height":81,"caption":"UGT Comunicaciones"},"image":{"@id":"https:\/\/www.ugtcomunicaciones.es\/wordpress\/#\/schema\/logo\/image\/"},"sameAs":["https:\/\/www.facebook.com\/ugt.comunicaciones\/","https:\/\/x.com\/ugtcom"]},{"@type":"Person","@id":"https:\/\/www.ugtcomunicaciones.es\/wordpress\/#\/schema\/person\/eba0fc3fe5b444531d94d4368cba89ed","name":"UGT","image":{"@type":"ImageObject","inLanguage":"es","@id":"https:\/\/secure.gravatar.com\/avatar\/2a16057d620a4c646bcfc171c4f23030879ebbdd346f0525bd5d4a564e57e13d?s=96&d=mm&r=g","url":"https:\/\/secure.gravatar.com\/avatar\/2a16057d620a4c646bcfc171c4f23030879ebbdd346f0525bd5d4a564e57e13d?s=96&d=mm&r=g","contentUrl":"https:\/\/secure.gravatar.com\/avatar\/2a16057d620a4c646bcfc171c4f23030879ebbdd346f0525bd5d4a564e57e13d?s=96&d=mm&r=g","caption":"UGT"}}]}},"_links":{"self":[{"href":"https:\/\/www.ugtcomunicaciones.es\/wordpress\/wp-json\/wp\/v2\/posts\/935043","targetHints":{"allow":["GET"]}}],"collection":[{"href":"https:\/\/www.ugtcomunicaciones.es\/wordpress\/wp-json\/wp\/v2\/posts"}],"about":[{"href":"https:\/\/www.ugtcomunicaciones.es\/wordpress\/wp-json\/wp\/v2\/types\/post"}],"author":[{"embeddable":true,"href":"https:\/\/www.ugtcomunicaciones.es\/wordpress\/wp-json\/wp\/v2\/users\/3"}],"replies":[{"embeddable":true,"href":"https:\/\/www.ugtcomunicaciones.es\/wordpress\/wp-json\/wp\/v2\/comments?post=935043"}],"version-history":[{"count":0,"href":"https:\/\/www.ugtcomunicaciones.es\/wordpress\/wp-json\/wp\/v2\/posts\/935043\/revisions"}],"wp:featuredmedia":[{"embeddable":true,"href":"https:\/\/www.ugtcomunicaciones.es\/wordpress\/wp-json\/wp\/v2\/media\/935067"}],"wp:attachment":[{"href":"https:\/\/www.ugtcomunicaciones.es\/wordpress\/wp-json\/wp\/v2\/media?parent=935043"}],"wp:term":[{"taxonomy":"category","embeddable":true,"href":"https:\/\/www.ugtcomunicaciones.es\/wordpress\/wp-json\/wp\/v2\/categories?post=935043"},{"taxonomy":"post_tag","embeddable":true,"href":"https:\/\/www.ugtcomunicaciones.es\/wordpress\/wp-json\/wp\/v2\/tags?post=935043"}],"curies":[{"name":"wp","href":"https:\/\/api.w.org\/{rel}","templated":true}]}}