{"id":935372,"date":"2021-11-18T16:11:56","date_gmt":"2021-11-18T14:11:56","guid":{"rendered":"https:\/\/www.ugtcomunicaciones.es\/wordpress\/?p=935372"},"modified":"2021-11-18T16:24:54","modified_gmt":"2021-11-18T14:24:54","slug":"adolescencia-siglo-xxi","status":"publish","type":"post","link":"https:\/\/www.ugtcomunicaciones.es\/wordpress\/adolescencia-siglo-xxi\/","title":{"rendered":"TRIC or treat? Ciberacoso, adicci\u00f3n y poca supervisi\u00f3n. La adolescencia en el siglo XXI"},"content":{"rendered":"<h4>Los j\u00f3venes no son nativos digitales.<\/h4>\n<p>El pasado martes 16 de noviembre de 2021, UNICEF hizo p\u00fablico su estudio sobre c\u00f3mo afectan las tecnolog\u00edas en la adolescencia.<\/p>\n<p>En este estudio han participado 50.000 adolescentes, siendo analizadas m\u00e1s de 40.000 encuestas, es considerado como el mayor estudio sobre este \u00e1mbito en Espa\u00f1a y Europa, conformando unos resultados que no nos pueden dejar indiferentes.<\/p>\n<p>Lo que hacemos en la red impacta en nuestras vidas anal\u00f3gicas y viceversa.<\/p>\n<p>El estudio relata c\u00f3mo es convivir con las TRIC (Tecnolog\u00edas para la Relaci\u00f3n, la Informaci\u00f3n y la Comunicaci\u00f3n)<em>, <\/em>en edades comprendidas entre 11 y 18 a\u00f1os. Somos conscientes de que la tecnolog\u00eda forma una parte inseparable de las y los adolescentes, siendo estos la primera generaci\u00f3n afectada por estas circunstancias. Crecen conectados\/as a internet y a las redes sociales y cada vez m\u00e1s, somos conscientes de los riesgos que pueden desentra\u00f1ar un uso descontrolado de estos medios. Recientes filtraciones sobre un estudio interno de la red social Instagram, dieron a conocer que esta red era \u201ctoxica\u201d para los adolescentes y conclu\u00edan que \u201cLas comparaciones con lo que ven en Instagram pueden alterar el modo en que las j\u00f3venes se perciben y describen a s\u00ed mismas, seg\u00fan indica <em>The Wall Street Journal<\/em>.<\/p>\n<blockquote><p>1 de cada 3 estudiantes espa\u00f1oles de la ESO podr\u00edan tener ya un \u201cUSO PROBLEM\u00c1TICO DE INTERNET\u201d y 1 de cada 5 podr\u00edan tener ya ciertos niveles de adicci\u00f3n a los videojuegos.<\/p><\/blockquote>\n<p>El estudio relata que el uso de las pantallas y las TRIC entre las y los adolescentes esta claramente generalizado desde edades tempranas, aunque en muchos casos se trata de un uso intensivo y sin supervisi\u00f3n el que pueda acarrear futuros problemas de convivencia.<\/p>\n<p>El estudio tambi\u00e9n refleja el d\u00eda a d\u00eda de nuestros menores y como utilizan para su beneficio la existente brecha digital. Casi 2 de cada 3 adolescentes que est\u00e1n registrados en una red social disponen de m\u00e1s de un perfil en la misma. Un perfil blanco para pap\u00e1, mam\u00e1 y familiares y otro en el que se muestran como desean ser vistos. Obviar este dato implica a menudo que los progenitores puedan llegar a tener una falsa sensaci\u00f3n de control.<\/p>\n<p><img decoding=\"async\" class=\"aligncenter wp-image-935373 size-large lazyload\" data-src=\"https:\/\/www.ugtcomunicaciones.es\/wordpress\/wp-content\/uploads\/2021\/11\/GRAFICO-UNICEF-1-1024x471.jpg\" alt=\"\" width=\"640\" height=\"294\" data-srcset=\"https:\/\/www.ugtcomunicaciones.es\/wordpress\/wp-content\/uploads\/2021\/11\/GRAFICO-UNICEF-1-1024x471.jpg 1024w, https:\/\/www.ugtcomunicaciones.es\/wordpress\/wp-content\/uploads\/2021\/11\/GRAFICO-UNICEF-1-300x138.jpg 300w, https:\/\/www.ugtcomunicaciones.es\/wordpress\/wp-content\/uploads\/2021\/11\/GRAFICO-UNICEF-1-768x353.jpg 768w, https:\/\/www.ugtcomunicaciones.es\/wordpress\/wp-content\/uploads\/2021\/11\/GRAFICO-UNICEF-1-913x420.jpg 913w, https:\/\/www.ugtcomunicaciones.es\/wordpress\/wp-content\/uploads\/2021\/11\/GRAFICO-UNICEF-1-640x295.jpg 640w, https:\/\/www.ugtcomunicaciones.es\/wordpress\/wp-content\/uploads\/2021\/11\/GRAFICO-UNICEF-1-681x313.jpg 681w, https:\/\/www.ugtcomunicaciones.es\/wordpress\/wp-content\/uploads\/2021\/11\/GRAFICO-UNICEF-1.jpg 1080w\" data-sizes=\"(max-width: 640px) 100vw, 640px\" src=\"data:image\/svg+xml;base64,PHN2ZyB3aWR0aD0iMSIgaGVpZ2h0PSIxIiB4bWxucz0iaHR0cDovL3d3dy53My5vcmcvMjAwMC9zdmciPjwvc3ZnPg==\" style=\"--smush-placeholder-width: 640px; --smush-placeholder-aspect-ratio: 640\/294;\" \/><\/p>\n<p>Al margen de los beneficios que ofrecen las TRIC la red comporta riesgos para nuestros adolescentes y los hace especialmente vulnerables.<\/p>\n<p>El estudio constata que casi la mitad de las y los adolescentes han recibido en alguna ocasi\u00f3n mensajes de contenido er\u00f3tico\/sexual. La pr\u00e1ctica del sexting (env\u00edo por medios digitales de contenidos personales de car\u00e1cter er\u00f3tico o sexual) es cada vez m\u00e1s habitual siendo un 8% los que han participado alguna vez de forma activa y un 26.8% de forma pasiva.<\/p>\n<p><img decoding=\"async\" class=\"aligncenter wp-image-935375 size-large lazyload\" data-src=\"https:\/\/www.ugtcomunicaciones.es\/wordpress\/wp-content\/uploads\/2021\/11\/GRAFICO-UNICEF-2-1024x273.jpg\" alt=\"\" width=\"640\" height=\"171\" data-srcset=\"https:\/\/www.ugtcomunicaciones.es\/wordpress\/wp-content\/uploads\/2021\/11\/GRAFICO-UNICEF-2-1024x273.jpg 1024w, https:\/\/www.ugtcomunicaciones.es\/wordpress\/wp-content\/uploads\/2021\/11\/GRAFICO-UNICEF-2-300x80.jpg 300w, https:\/\/www.ugtcomunicaciones.es\/wordpress\/wp-content\/uploads\/2021\/11\/GRAFICO-UNICEF-2-768x205.jpg 768w, https:\/\/www.ugtcomunicaciones.es\/wordpress\/wp-content\/uploads\/2021\/11\/GRAFICO-UNICEF-2-640x171.jpg 640w, https:\/\/www.ugtcomunicaciones.es\/wordpress\/wp-content\/uploads\/2021\/11\/GRAFICO-UNICEF-2-681x182.jpg 681w, https:\/\/www.ugtcomunicaciones.es\/wordpress\/wp-content\/uploads\/2021\/11\/GRAFICO-UNICEF-2.jpg 1079w\" data-sizes=\"(max-width: 640px) 100vw, 640px\" src=\"data:image\/svg+xml;base64,PHN2ZyB3aWR0aD0iMSIgaGVpZ2h0PSIxIiB4bWxucz0iaHR0cDovL3d3dy53My5vcmcvMjAwMC9zdmciPjwvc3ZnPg==\" style=\"--smush-placeholder-width: 640px; --smush-placeholder-aspect-ratio: 640\/171;\" \/><\/p>\n<p>Tambi\u00e9n nos alerta sobre el aumento del grooming (nueva forma de pederastia, puede definirse como una serie de pr\u00e1cticas llevadas a cabo por personas adultas en Internet, para ganarse la confianza de menores, fingiendo empat\u00eda y adapt\u00e1ndose a su lenguaje, con fines sexuales).<\/p>\n<p>Las tasas de ciber acoso reflejan un cambio en roles al que habitualmente est\u00e1bamos acostumbrados. Las cifras se sit\u00faan en un 22.5%, de las cuales un 10.7% son victimas y un 11.8% agresoras, por lo que podr\u00edamos afirmar que en la red lo habitual es compartir ambos roles el de v\u00edctima y agresor. Con estos cambios de roles y como padres no solo deber\u00edamos preguntarnos si nuestro menor esta siendo acosado\/a, sino si son ellos los acosadores.<\/p>\n<p>Cada vez m\u00e1s se discute en el \u00e1mbito familiar por el uso del m\u00f3vil o de las pantallas, el an\u00e1lisis indica que 1 de cada 4 familias tiene problemas de convivencia.<\/p>\n<p>El estudio culmina con la intenci\u00f3n de no demonizar las nuevas tecnolog\u00edas, pero si quiere abrir la puerta a un debate social. Debemos ser conscientes en el punto que nos encontramos y debemos proponer un cambio. Los j\u00f3venes no son nativos digitales como nos han hecho creer las grandes tecnol\u00f3gicas. La educaci\u00f3n, la formaci\u00f3n y la concienciaci\u00f3n son absolutamente fundamentales para abordar esta nueva era y el peso no solo debe recaer en las familias, sino que las entidades formativas tienen que compartir este nuevo reto.<\/p>\n<p>A d\u00eda de hoy son muchas las incertidumbres sobre el uso de las nuevas tecnolog\u00edas y en este estudio sobre las TRIC observamos que hay muchas facetas de nuestra vida como la falta de formaci\u00f3n, el cambio constante y la brecha generacional o digital, que no siempre nos permite acompa\u00f1ar a nuestros menores de una manera eficaz.<\/p>\n<p>La tecnolog\u00eda debe ser inclusiva y no excluyente, por esto es necesario un pacto entre todos, sector p\u00fablico, sector privado, agentes sociales y sector educativo para construir unos pilares robustos y definir como desarrollaremos la sociedad del siglo XXI.<\/p>\n<p>Fuente:\u00a0 <a href=\"https:\/\/www.unicef.es\/sites\/unicef.es\/files\/comunicacion\/Informe%20Impacto%20de%20la%20tecnolog%C3%ADa%20en%20la%20adolescencia.pdf\" target=\"_blank\" rel=\"noopener\">IMPACTO DE LA TECNOLOG\u00cdA EN LA ADOLESCENCIA<\/a> elaborado por UNICEF.<\/p>\n<p>Redacci\u00f3n: Josep Reina.<\/p>\n<p>&nbsp;<\/p>\n","protected":false},"excerpt":{"rendered":"<p>Los j\u00f3venes no son nativos digitales. El pasado martes 16 de noviembre de 2021, UNICEF hizo p\u00fablico su estudio sobre c\u00f3mo afectan las tecnolog\u00edas en la adolescencia. En este estudio han participado 50.000 adolescentes, siendo analizadas m\u00e1s de 40.000 encuestas, es considerado como el mayor estudio sobre este \u00e1mbito en Espa\u00f1a y Europa, conformando unos [&hellip;]<\/p>\n","protected":false},"author":3,"featured_media":935374,"comment_status":"closed","ping_status":"closed","sticky":false,"template":"","format":"standard","meta":{"footnotes":""},"categories":[16,12],"tags":[],"class_list":["post-935372","post","type-post","status-publish","format-standard","has-post-thumbnail","hentry","category-internet","category-regulacion"],"yoast_head":"<!-- This site is optimized with the Yoast SEO Premium plugin v27.3 (Yoast SEO v27.4) - https:\/\/yoast.com\/product\/yoast-seo-premium-wordpress\/ -->\n<title>TRIC or treat? Ciberacoso, adicci\u00f3n y poca supervisi\u00f3n. La adolescencia en el siglo XXI - UGT Comunicaciones<\/title>\n<meta name=\"robots\" content=\"index, follow, max-snippet:-1, max-image-preview:large, max-video-preview:-1\" \/>\n<link rel=\"canonical\" href=\"https:\/\/www.ugtcomunicaciones.es\/wordpress\/adolescencia-siglo-xxi\/\" \/>\n<meta property=\"og:locale\" content=\"es_ES\" \/>\n<meta property=\"og:type\" content=\"article\" \/>\n<meta property=\"og:title\" content=\"TRIC or treat? Ciberacoso, adicci\u00f3n y poca supervisi\u00f3n. La adolescencia en el siglo XXI\" \/>\n<meta property=\"og:description\" content=\"Los j\u00f3venes no son nativos digitales. El pasado martes 16 de noviembre de 2021, UNICEF hizo p\u00fablico su estudio sobre c\u00f3mo afectan las tecnolog\u00edas en la adolescencia. En este estudio han participado 50.000 adolescentes, siendo analizadas m\u00e1s de 40.000 encuestas, es considerado como el mayor estudio sobre este \u00e1mbito en Espa\u00f1a y Europa, conformando unos [&hellip;]\" \/>\n<meta property=\"og:url\" content=\"https:\/\/www.ugtcomunicaciones.es\/wordpress\/adolescencia-siglo-xxi\/\" \/>\n<meta property=\"og:site_name\" content=\"UGT Comunicaciones\" \/>\n<meta property=\"article:publisher\" content=\"https:\/\/www.facebook.com\/ugt.comunicaciones\/\" \/>\n<meta property=\"article:published_time\" content=\"2021-11-18T14:11:56+00:00\" \/>\n<meta property=\"article:modified_time\" content=\"2021-11-18T14:24:54+00:00\" \/>\n<meta property=\"og:image\" content=\"https:\/\/www.ugtcomunicaciones.es\/wordpress\/wp-content\/uploads\/2021\/11\/pokemon-g876ad67d2_1920.jpg\" \/>\n\t<meta property=\"og:image:width\" content=\"1445\" \/>\n\t<meta property=\"og:image:height\" content=\"862\" \/>\n\t<meta property=\"og:image:type\" content=\"image\/jpeg\" \/>\n<meta name=\"author\" content=\"UGT\" \/>\n<meta name=\"twitter:card\" content=\"summary_large_image\" \/>\n<meta name=\"twitter:creator\" content=\"@ugtcom\" \/>\n<meta name=\"twitter:site\" content=\"@ugtcom\" \/>\n<meta name=\"twitter:label1\" content=\"Escrito por\" \/>\n\t<meta name=\"twitter:data1\" content=\"UGT\" \/>\n\t<meta name=\"twitter:label2\" content=\"Tiempo de lectura\" \/>\n\t<meta name=\"twitter:data2\" content=\"4 minutos\" \/>\n<script type=\"application\/ld+json\" class=\"yoast-schema-graph\">{\"@context\":\"https:\\\/\\\/schema.org\",\"@graph\":[{\"@type\":\"Article\",\"@id\":\"https:\\\/\\\/www.ugtcomunicaciones.es\\\/wordpress\\\/adolescencia-siglo-xxi\\\/#article\",\"isPartOf\":{\"@id\":\"https:\\\/\\\/www.ugtcomunicaciones.es\\\/wordpress\\\/adolescencia-siglo-xxi\\\/\"},\"author\":{\"name\":\"UGT\",\"@id\":\"https:\\\/\\\/www.ugtcomunicaciones.es\\\/wordpress\\\/#\\\/schema\\\/person\\\/eba0fc3fe5b444531d94d4368cba89ed\"},\"headline\":\"TRIC or treat? Ciberacoso, adicci\u00f3n y poca supervisi\u00f3n. La adolescencia en el siglo XXI\",\"datePublished\":\"2021-11-18T14:11:56+00:00\",\"dateModified\":\"2021-11-18T14:24:54+00:00\",\"mainEntityOfPage\":{\"@id\":\"https:\\\/\\\/www.ugtcomunicaciones.es\\\/wordpress\\\/adolescencia-siglo-xxi\\\/\"},\"wordCount\":857,\"publisher\":{\"@id\":\"https:\\\/\\\/www.ugtcomunicaciones.es\\\/wordpress\\\/#organization\"},\"image\":{\"@id\":\"https:\\\/\\\/www.ugtcomunicaciones.es\\\/wordpress\\\/adolescencia-siglo-xxi\\\/#primaryimage\"},\"thumbnailUrl\":\"https:\\\/\\\/www.ugtcomunicaciones.es\\\/wordpress\\\/wp-content\\\/uploads\\\/2021\\\/11\\\/pokemon-g876ad67d2_1920.jpg\",\"articleSection\":[\"Internet\",\"Regulaci\u00f3n\"],\"inLanguage\":\"es\"},{\"@type\":\"WebPage\",\"@id\":\"https:\\\/\\\/www.ugtcomunicaciones.es\\\/wordpress\\\/adolescencia-siglo-xxi\\\/\",\"url\":\"https:\\\/\\\/www.ugtcomunicaciones.es\\\/wordpress\\\/adolescencia-siglo-xxi\\\/\",\"name\":\"TRIC or treat? Ciberacoso, adicci\u00f3n y poca supervisi\u00f3n. La adolescencia en el siglo XXI - UGT Comunicaciones\",\"isPartOf\":{\"@id\":\"https:\\\/\\\/www.ugtcomunicaciones.es\\\/wordpress\\\/#website\"},\"primaryImageOfPage\":{\"@id\":\"https:\\\/\\\/www.ugtcomunicaciones.es\\\/wordpress\\\/adolescencia-siglo-xxi\\\/#primaryimage\"},\"image\":{\"@id\":\"https:\\\/\\\/www.ugtcomunicaciones.es\\\/wordpress\\\/adolescencia-siglo-xxi\\\/#primaryimage\"},\"thumbnailUrl\":\"https:\\\/\\\/www.ugtcomunicaciones.es\\\/wordpress\\\/wp-content\\\/uploads\\\/2021\\\/11\\\/pokemon-g876ad67d2_1920.jpg\",\"datePublished\":\"2021-11-18T14:11:56+00:00\",\"dateModified\":\"2021-11-18T14:24:54+00:00\",\"breadcrumb\":{\"@id\":\"https:\\\/\\\/www.ugtcomunicaciones.es\\\/wordpress\\\/adolescencia-siglo-xxi\\\/#breadcrumb\"},\"inLanguage\":\"es\",\"potentialAction\":[{\"@type\":\"ReadAction\",\"target\":[\"https:\\\/\\\/www.ugtcomunicaciones.es\\\/wordpress\\\/adolescencia-siglo-xxi\\\/\"]}]},{\"@type\":\"ImageObject\",\"inLanguage\":\"es\",\"@id\":\"https:\\\/\\\/www.ugtcomunicaciones.es\\\/wordpress\\\/adolescencia-siglo-xxi\\\/#primaryimage\",\"url\":\"https:\\\/\\\/www.ugtcomunicaciones.es\\\/wordpress\\\/wp-content\\\/uploads\\\/2021\\\/11\\\/pokemon-g876ad67d2_1920.jpg\",\"contentUrl\":\"https:\\\/\\\/www.ugtcomunicaciones.es\\\/wordpress\\\/wp-content\\\/uploads\\\/2021\\\/11\\\/pokemon-g876ad67d2_1920.jpg\",\"width\":1445,\"height\":862},{\"@type\":\"BreadcrumbList\",\"@id\":\"https:\\\/\\\/www.ugtcomunicaciones.es\\\/wordpress\\\/adolescencia-siglo-xxi\\\/#breadcrumb\",\"itemListElement\":[{\"@type\":\"ListItem\",\"position\":1,\"name\":\"Portada\",\"item\":\"https:\\\/\\\/www.ugtcomunicaciones.es\\\/wordpress\\\/\"},{\"@type\":\"ListItem\",\"position\":2,\"name\":\"TRIC or treat? Ciberacoso, adicci\u00f3n y poca supervisi\u00f3n. La adolescencia en el siglo XXI\"}]},{\"@type\":\"WebSite\",\"@id\":\"https:\\\/\\\/www.ugtcomunicaciones.es\\\/wordpress\\\/#website\",\"url\":\"https:\\\/\\\/www.ugtcomunicaciones.es\\\/wordpress\\\/\",\"name\":\"UGT Comunicaciones\",\"description\":\"Sindicato de Telecomunicaciones\",\"publisher\":{\"@id\":\"https:\\\/\\\/www.ugtcomunicaciones.es\\\/wordpress\\\/#organization\"},\"potentialAction\":[{\"@type\":\"SearchAction\",\"target\":{\"@type\":\"EntryPoint\",\"urlTemplate\":\"https:\\\/\\\/www.ugtcomunicaciones.es\\\/wordpress\\\/?s={search_term_string}\"},\"query-input\":{\"@type\":\"PropertyValueSpecification\",\"valueRequired\":true,\"valueName\":\"search_term_string\"}}],\"inLanguage\":\"es\"},{\"@type\":\"Organization\",\"@id\":\"https:\\\/\\\/www.ugtcomunicaciones.es\\\/wordpress\\\/#organization\",\"name\":\"UGT Comunicaciones\",\"url\":\"https:\\\/\\\/www.ugtcomunicaciones.es\\\/wordpress\\\/\",\"logo\":{\"@type\":\"ImageObject\",\"inLanguage\":\"es\",\"@id\":\"https:\\\/\\\/www.ugtcomunicaciones.es\\\/wordpress\\\/#\\\/schema\\\/logo\\\/image\\\/\",\"url\":\"https:\\\/\\\/www.ugtcomunicaciones.es\\\/wordpress\\\/wp-content\\\/uploads\\\/2024\\\/04\\\/comunicaciones_logo.png\",\"contentUrl\":\"https:\\\/\\\/www.ugtcomunicaciones.es\\\/wordpress\\\/wp-content\\\/uploads\\\/2024\\\/04\\\/comunicaciones_logo.png\",\"width\":298,\"height\":81,\"caption\":\"UGT Comunicaciones\"},\"image\":{\"@id\":\"https:\\\/\\\/www.ugtcomunicaciones.es\\\/wordpress\\\/#\\\/schema\\\/logo\\\/image\\\/\"},\"sameAs\":[\"https:\\\/\\\/www.facebook.com\\\/ugt.comunicaciones\\\/\",\"https:\\\/\\\/x.com\\\/ugtcom\"]},{\"@type\":\"Person\",\"@id\":\"https:\\\/\\\/www.ugtcomunicaciones.es\\\/wordpress\\\/#\\\/schema\\\/person\\\/eba0fc3fe5b444531d94d4368cba89ed\",\"name\":\"UGT\",\"image\":{\"@type\":\"ImageObject\",\"inLanguage\":\"es\",\"@id\":\"https:\\\/\\\/secure.gravatar.com\\\/avatar\\\/2a16057d620a4c646bcfc171c4f23030879ebbdd346f0525bd5d4a564e57e13d?s=96&d=mm&r=g\",\"url\":\"https:\\\/\\\/secure.gravatar.com\\\/avatar\\\/2a16057d620a4c646bcfc171c4f23030879ebbdd346f0525bd5d4a564e57e13d?s=96&d=mm&r=g\",\"contentUrl\":\"https:\\\/\\\/secure.gravatar.com\\\/avatar\\\/2a16057d620a4c646bcfc171c4f23030879ebbdd346f0525bd5d4a564e57e13d?s=96&d=mm&r=g\",\"caption\":\"UGT\"}}]}<\/script>\n<!-- \/ Yoast SEO Premium plugin. -->","yoast_head_json":{"title":"TRIC or treat? Ciberacoso, adicci\u00f3n y poca supervisi\u00f3n. La adolescencia en el siglo XXI - UGT Comunicaciones","robots":{"index":"index","follow":"follow","max-snippet":"max-snippet:-1","max-image-preview":"max-image-preview:large","max-video-preview":"max-video-preview:-1"},"canonical":"https:\/\/www.ugtcomunicaciones.es\/wordpress\/adolescencia-siglo-xxi\/","og_locale":"es_ES","og_type":"article","og_title":"TRIC or treat? Ciberacoso, adicci\u00f3n y poca supervisi\u00f3n. La adolescencia en el siglo XXI","og_description":"Los j\u00f3venes no son nativos digitales. El pasado martes 16 de noviembre de 2021, UNICEF hizo p\u00fablico su estudio sobre c\u00f3mo afectan las tecnolog\u00edas en la adolescencia. En este estudio han participado 50.000 adolescentes, siendo analizadas m\u00e1s de 40.000 encuestas, es considerado como el mayor estudio sobre este \u00e1mbito en Espa\u00f1a y Europa, conformando unos [&hellip;]","og_url":"https:\/\/www.ugtcomunicaciones.es\/wordpress\/adolescencia-siglo-xxi\/","og_site_name":"UGT Comunicaciones","article_publisher":"https:\/\/www.facebook.com\/ugt.comunicaciones\/","article_published_time":"2021-11-18T14:11:56+00:00","article_modified_time":"2021-11-18T14:24:54+00:00","og_image":[{"width":1445,"height":862,"url":"https:\/\/www.ugtcomunicaciones.es\/wordpress\/wp-content\/uploads\/2021\/11\/pokemon-g876ad67d2_1920.jpg","type":"image\/jpeg"}],"author":"UGT","twitter_card":"summary_large_image","twitter_creator":"@ugtcom","twitter_site":"@ugtcom","twitter_misc":{"Escrito por":"UGT","Tiempo de lectura":"4 minutos"},"schema":{"@context":"https:\/\/schema.org","@graph":[{"@type":"Article","@id":"https:\/\/www.ugtcomunicaciones.es\/wordpress\/adolescencia-siglo-xxi\/#article","isPartOf":{"@id":"https:\/\/www.ugtcomunicaciones.es\/wordpress\/adolescencia-siglo-xxi\/"},"author":{"name":"UGT","@id":"https:\/\/www.ugtcomunicaciones.es\/wordpress\/#\/schema\/person\/eba0fc3fe5b444531d94d4368cba89ed"},"headline":"TRIC or treat? Ciberacoso, adicci\u00f3n y poca supervisi\u00f3n. La adolescencia en el siglo XXI","datePublished":"2021-11-18T14:11:56+00:00","dateModified":"2021-11-18T14:24:54+00:00","mainEntityOfPage":{"@id":"https:\/\/www.ugtcomunicaciones.es\/wordpress\/adolescencia-siglo-xxi\/"},"wordCount":857,"publisher":{"@id":"https:\/\/www.ugtcomunicaciones.es\/wordpress\/#organization"},"image":{"@id":"https:\/\/www.ugtcomunicaciones.es\/wordpress\/adolescencia-siglo-xxi\/#primaryimage"},"thumbnailUrl":"https:\/\/www.ugtcomunicaciones.es\/wordpress\/wp-content\/uploads\/2021\/11\/pokemon-g876ad67d2_1920.jpg","articleSection":["Internet","Regulaci\u00f3n"],"inLanguage":"es"},{"@type":"WebPage","@id":"https:\/\/www.ugtcomunicaciones.es\/wordpress\/adolescencia-siglo-xxi\/","url":"https:\/\/www.ugtcomunicaciones.es\/wordpress\/adolescencia-siglo-xxi\/","name":"TRIC or treat? Ciberacoso, adicci\u00f3n y poca supervisi\u00f3n. La adolescencia en el siglo XXI - UGT Comunicaciones","isPartOf":{"@id":"https:\/\/www.ugtcomunicaciones.es\/wordpress\/#website"},"primaryImageOfPage":{"@id":"https:\/\/www.ugtcomunicaciones.es\/wordpress\/adolescencia-siglo-xxi\/#primaryimage"},"image":{"@id":"https:\/\/www.ugtcomunicaciones.es\/wordpress\/adolescencia-siglo-xxi\/#primaryimage"},"thumbnailUrl":"https:\/\/www.ugtcomunicaciones.es\/wordpress\/wp-content\/uploads\/2021\/11\/pokemon-g876ad67d2_1920.jpg","datePublished":"2021-11-18T14:11:56+00:00","dateModified":"2021-11-18T14:24:54+00:00","breadcrumb":{"@id":"https:\/\/www.ugtcomunicaciones.es\/wordpress\/adolescencia-siglo-xxi\/#breadcrumb"},"inLanguage":"es","potentialAction":[{"@type":"ReadAction","target":["https:\/\/www.ugtcomunicaciones.es\/wordpress\/adolescencia-siglo-xxi\/"]}]},{"@type":"ImageObject","inLanguage":"es","@id":"https:\/\/www.ugtcomunicaciones.es\/wordpress\/adolescencia-siglo-xxi\/#primaryimage","url":"https:\/\/www.ugtcomunicaciones.es\/wordpress\/wp-content\/uploads\/2021\/11\/pokemon-g876ad67d2_1920.jpg","contentUrl":"https:\/\/www.ugtcomunicaciones.es\/wordpress\/wp-content\/uploads\/2021\/11\/pokemon-g876ad67d2_1920.jpg","width":1445,"height":862},{"@type":"BreadcrumbList","@id":"https:\/\/www.ugtcomunicaciones.es\/wordpress\/adolescencia-siglo-xxi\/#breadcrumb","itemListElement":[{"@type":"ListItem","position":1,"name":"Portada","item":"https:\/\/www.ugtcomunicaciones.es\/wordpress\/"},{"@type":"ListItem","position":2,"name":"TRIC or treat? Ciberacoso, adicci\u00f3n y poca supervisi\u00f3n. La adolescencia en el siglo XXI"}]},{"@type":"WebSite","@id":"https:\/\/www.ugtcomunicaciones.es\/wordpress\/#website","url":"https:\/\/www.ugtcomunicaciones.es\/wordpress\/","name":"UGT Comunicaciones","description":"Sindicato de Telecomunicaciones","publisher":{"@id":"https:\/\/www.ugtcomunicaciones.es\/wordpress\/#organization"},"potentialAction":[{"@type":"SearchAction","target":{"@type":"EntryPoint","urlTemplate":"https:\/\/www.ugtcomunicaciones.es\/wordpress\/?s={search_term_string}"},"query-input":{"@type":"PropertyValueSpecification","valueRequired":true,"valueName":"search_term_string"}}],"inLanguage":"es"},{"@type":"Organization","@id":"https:\/\/www.ugtcomunicaciones.es\/wordpress\/#organization","name":"UGT Comunicaciones","url":"https:\/\/www.ugtcomunicaciones.es\/wordpress\/","logo":{"@type":"ImageObject","inLanguage":"es","@id":"https:\/\/www.ugtcomunicaciones.es\/wordpress\/#\/schema\/logo\/image\/","url":"https:\/\/www.ugtcomunicaciones.es\/wordpress\/wp-content\/uploads\/2024\/04\/comunicaciones_logo.png","contentUrl":"https:\/\/www.ugtcomunicaciones.es\/wordpress\/wp-content\/uploads\/2024\/04\/comunicaciones_logo.png","width":298,"height":81,"caption":"UGT Comunicaciones"},"image":{"@id":"https:\/\/www.ugtcomunicaciones.es\/wordpress\/#\/schema\/logo\/image\/"},"sameAs":["https:\/\/www.facebook.com\/ugt.comunicaciones\/","https:\/\/x.com\/ugtcom"]},{"@type":"Person","@id":"https:\/\/www.ugtcomunicaciones.es\/wordpress\/#\/schema\/person\/eba0fc3fe5b444531d94d4368cba89ed","name":"UGT","image":{"@type":"ImageObject","inLanguage":"es","@id":"https:\/\/secure.gravatar.com\/avatar\/2a16057d620a4c646bcfc171c4f23030879ebbdd346f0525bd5d4a564e57e13d?s=96&d=mm&r=g","url":"https:\/\/secure.gravatar.com\/avatar\/2a16057d620a4c646bcfc171c4f23030879ebbdd346f0525bd5d4a564e57e13d?s=96&d=mm&r=g","contentUrl":"https:\/\/secure.gravatar.com\/avatar\/2a16057d620a4c646bcfc171c4f23030879ebbdd346f0525bd5d4a564e57e13d?s=96&d=mm&r=g","caption":"UGT"}}]}},"_links":{"self":[{"href":"https:\/\/www.ugtcomunicaciones.es\/wordpress\/wp-json\/wp\/v2\/posts\/935372","targetHints":{"allow":["GET"]}}],"collection":[{"href":"https:\/\/www.ugtcomunicaciones.es\/wordpress\/wp-json\/wp\/v2\/posts"}],"about":[{"href":"https:\/\/www.ugtcomunicaciones.es\/wordpress\/wp-json\/wp\/v2\/types\/post"}],"author":[{"embeddable":true,"href":"https:\/\/www.ugtcomunicaciones.es\/wordpress\/wp-json\/wp\/v2\/users\/3"}],"replies":[{"embeddable":true,"href":"https:\/\/www.ugtcomunicaciones.es\/wordpress\/wp-json\/wp\/v2\/comments?post=935372"}],"version-history":[{"count":0,"href":"https:\/\/www.ugtcomunicaciones.es\/wordpress\/wp-json\/wp\/v2\/posts\/935372\/revisions"}],"wp:featuredmedia":[{"embeddable":true,"href":"https:\/\/www.ugtcomunicaciones.es\/wordpress\/wp-json\/wp\/v2\/media\/935374"}],"wp:attachment":[{"href":"https:\/\/www.ugtcomunicaciones.es\/wordpress\/wp-json\/wp\/v2\/media?parent=935372"}],"wp:term":[{"taxonomy":"category","embeddable":true,"href":"https:\/\/www.ugtcomunicaciones.es\/wordpress\/wp-json\/wp\/v2\/categories?post=935372"},{"taxonomy":"post_tag","embeddable":true,"href":"https:\/\/www.ugtcomunicaciones.es\/wordpress\/wp-json\/wp\/v2\/tags?post=935372"}],"curies":[{"name":"wp","href":"https:\/\/api.w.org\/{rel}","templated":true}]}}