{"id":943308,"date":"2021-12-10T13:54:49","date_gmt":"2021-12-10T11:54:49","guid":{"rendered":"https:\/\/www.ugtcomunicaciones.es\/wordpress\/?p=943308"},"modified":"2021-12-10T13:54:49","modified_gmt":"2021-12-10T11:54:49","slug":"quinta-reunion-negociacion-prorroga-convenio-telyco","status":"publish","type":"post","link":"https:\/\/www.ugtcomunicaciones.es\/wordpress\/quinta-reunion-negociacion-prorroga-convenio-telyco\/","title":{"rendered":"Quinta reuni\u00f3n negociaci\u00f3n prorroga convenio Telyco"},"content":{"rendered":"<p>Hoy se ha llevado a cabo la quinta reuni\u00f3n de negociaci\u00f3n de la prorroga del Convenio en la que \u00a0 <strong>UGT<\/strong>, <strong>ha vuelto a expresar de nuevo la necesidad de realizar una mejora salarial que garantice el poder adquisitivo de la plantilla de Telyco.<\/strong><\/p>\n<p><strong>UGT<\/strong>, solicita un mayor impulso por parte de la empresa para poder alcanzar un acuerdo satisfactorio para las partes. La compa\u00f1\u00eda nos ha trasladado una nueva propuesta, \u00a0ofreciendo, el 1% de subida salarial, tal y como se ha acordado en el resto de empresas del Grupo , una paga compensatoria de 200\u20ac, y 150 \u20ac consolidados en Tablas Salariales.<\/p>\n<p><strong>UGT<\/strong>, <strong>insiste que es insuficiente<\/strong>, pero agradecemos a la empresa el esfuerzo que est\u00e1 realizando, en un escenario de incertidumbre por los cambios que se avecinan en el seno del Grupo, ya que desconocemos su alcance y si nos afectar\u00e1 a futuro. Tambi\u00e9n somos conscientes del impacto negativo que est\u00e1 provocando la pandemia en la totalidad de las distintas unidades de negocio del Operador.\u00a0 Pero, como hemos apuntado en las negociaciones, no queremos ser menos que el resto de empresas que componemos el Grupo.<\/p>\n<p><strong>UGT<\/strong>, Nuevamente est\u00e1 soportando toda la carga en estas negociaciones, de manera responsable, como siempre lo hacemos, sabiendo a priori que los acuerdos nunca satisfacen a todo el personal. Pero no por ello, vamos a dejar de luchar por lo que consideramos justo y por vuestras reivindicaciones.<\/p>\n<p><strong>Seguimos luchando y reivindicando:<\/strong><\/p>\n<ul>\n<li><strong>Paga compensatoria <\/strong>para este a\u00f1o similar a la acordada\u00a0 en CEV para paliar los efectos negativos del IPC.<\/li>\n<li><strong>Cl\u00e1usula de garant\u00eda salarial, que nos permita no perder poder adquisitivo.<\/strong><\/li>\n<li><strong>Garant\u00eda de empleo, <\/strong>en defensa de nuestras tiendas y de la plantilla de Telyco.<\/li>\n<\/ul>\n<p><strong>En materia de teletrabajo,<\/strong> estamos muy cerca de lograr un acuerdo. Os recordamos que el teletrabajo va unido a la pr\u00f3rroga. Seg\u00fan la empresa, las dotaciones para el personal ha supuesto un coste econ\u00f3mico adicional elevado, as\u00ed como la entrada inminente del Seguro M\u00e9dico gratuito, logro de <strong>UGT<\/strong> en las negociaciones del actual Convenio Colectivo.<\/p>\n<p>Os recordamos lo tratado en materia de teletrabajo.<\/p>\n<ul>\n<li>Voluntariedad y<\/li>\n<li>Tiempo de teletrabajo no menos del 30%. 2 d\u00edas semanales como m\u00ednimo,<\/li>\n<li>Dos domicilios para<\/li>\n<li>Medios y compensaci\u00f3n de .<\/li>\n<li>Condiciones econ\u00f3micas<\/li>\n<li>PRL, registro de jornada y desconexi\u00f3n<\/li>\n<li>Flex work o Smart Work, dirigida a determinados colectivos como pueden ser el personal fuera de convenio que no pueda acogerse al teletrabajo y a los comerciales VV.,Task Force y PTC.<\/li>\n<li>Con respecto a SAV\/SAV, SAI Resolutor e Inside Sales, personal que teletrabaja habitualmente en su domicilio no sufrir\u00e1n cambios, exceptuando el personal de OOCC Madrid que, a partir de la firma del acuerdo, podr\u00e1 solicitar acogerse a la nueva regulaci\u00f3n y ordenaci\u00f3n del trabajo.<\/li>\n<\/ul>\n<p><strong>UGT<\/strong>, valora positivamente la nueva oferta de la empresa y que comencemos a acercar posturas. Estamos cerca.\u00a0 Instamos a la empresa a que de un peque\u00f1o paso m\u00e1s e iguale las condiciones que estamos solicitando, a sabiendas de la dificultad que entra\u00f1a.<\/p>\n<p><strong>No pedimos m\u00e1s de lo que consideramos justo, ni menos de lo que han pactado otras empresas del Grupo<\/strong>.<\/p>\n","protected":false},"excerpt":{"rendered":"<p>Hoy se ha llevado a cabo la quinta reuni\u00f3n de negociaci\u00f3n de la prorroga del Convenio en la que \u00a0 UGT, ha vuelto a expresar de nuevo la necesidad de realizar una mejora salarial que garantice el poder adquisitivo de la plantilla de Telyco. UGT, solicita un mayor impulso por parte de la empresa para [&hellip;]<\/p>\n","protected":false},"author":3,"featured_media":764558,"comment_status":"closed","ping_status":"closed","sticky":false,"template":"","format":"standard","meta":{"footnotes":""},"categories":[31],"tags":[],"class_list":["post-943308","post","type-post","status-publish","format-standard","has-post-thumbnail","hentry","category-telyco"],"yoast_head":"<!-- This site is optimized with the Yoast SEO Premium plugin v27.3 (Yoast SEO v27.4) - https:\/\/yoast.com\/product\/yoast-seo-premium-wordpress\/ -->\n<title>Quinta reuni\u00f3n negociaci\u00f3n prorroga convenio Telyco - UGT Comunicaciones<\/title>\n<meta name=\"robots\" content=\"index, follow, max-snippet:-1, max-image-preview:large, max-video-preview:-1\" \/>\n<link rel=\"canonical\" href=\"https:\/\/www.ugtcomunicaciones.es\/wordpress\/quinta-reunion-negociacion-prorroga-convenio-telyco\/\" \/>\n<meta property=\"og:locale\" content=\"es_ES\" \/>\n<meta property=\"og:type\" content=\"article\" \/>\n<meta property=\"og:title\" content=\"Quinta reuni\u00f3n negociaci\u00f3n prorroga convenio Telyco\" \/>\n<meta property=\"og:description\" content=\"Hoy se ha llevado a cabo la quinta reuni\u00f3n de negociaci\u00f3n de la prorroga del Convenio en la que \u00a0 UGT, ha vuelto a expresar de nuevo la necesidad de realizar una mejora salarial que garantice el poder adquisitivo de la plantilla de Telyco. UGT, solicita un mayor impulso por parte de la empresa para [&hellip;]\" \/>\n<meta property=\"og:url\" content=\"https:\/\/www.ugtcomunicaciones.es\/wordpress\/quinta-reunion-negociacion-prorroga-convenio-telyco\/\" \/>\n<meta property=\"og:site_name\" content=\"UGT Comunicaciones\" \/>\n<meta property=\"article:publisher\" content=\"https:\/\/www.facebook.com\/ugt.comunicaciones\/\" \/>\n<meta property=\"article:published_time\" content=\"2021-12-10T11:54:49+00:00\" \/>\n<meta property=\"og:image\" content=\"https:\/\/www.ugtcomunicaciones.es\/wordpress\/wp-content\/uploads\/2021\/02\/20200817.MovistarStore1_NoticiaAmpliada.jpg\" \/>\n\t<meta property=\"og:image:width\" content=\"639\" \/>\n\t<meta property=\"og:image:height\" content=\"360\" \/>\n\t<meta property=\"og:image:type\" content=\"image\/jpeg\" \/>\n<meta name=\"author\" content=\"UGT\" \/>\n<meta name=\"twitter:card\" content=\"summary_large_image\" \/>\n<meta name=\"twitter:creator\" content=\"@ugtcom\" \/>\n<meta name=\"twitter:site\" content=\"@ugtcom\" \/>\n<meta name=\"twitter:label1\" content=\"Escrito por\" \/>\n\t<meta name=\"twitter:data1\" content=\"UGT\" \/>\n\t<meta name=\"twitter:label2\" content=\"Tiempo de lectura\" \/>\n\t<meta name=\"twitter:data2\" content=\"3 minutos\" \/>\n<script type=\"application\/ld+json\" class=\"yoast-schema-graph\">{\"@context\":\"https:\\\/\\\/schema.org\",\"@graph\":[{\"@type\":\"Article\",\"@id\":\"https:\\\/\\\/www.ugtcomunicaciones.es\\\/wordpress\\\/quinta-reunion-negociacion-prorroga-convenio-telyco\\\/#article\",\"isPartOf\":{\"@id\":\"https:\\\/\\\/www.ugtcomunicaciones.es\\\/wordpress\\\/quinta-reunion-negociacion-prorroga-convenio-telyco\\\/\"},\"author\":{\"name\":\"UGT\",\"@id\":\"https:\\\/\\\/www.ugtcomunicaciones.es\\\/wordpress\\\/#\\\/schema\\\/person\\\/eba0fc3fe5b444531d94d4368cba89ed\"},\"headline\":\"Quinta reuni\u00f3n negociaci\u00f3n prorroga convenio Telyco\",\"datePublished\":\"2021-12-10T11:54:49+00:00\",\"mainEntityOfPage\":{\"@id\":\"https:\\\/\\\/www.ugtcomunicaciones.es\\\/wordpress\\\/quinta-reunion-negociacion-prorroga-convenio-telyco\\\/\"},\"wordCount\":535,\"publisher\":{\"@id\":\"https:\\\/\\\/www.ugtcomunicaciones.es\\\/wordpress\\\/#organization\"},\"image\":{\"@id\":\"https:\\\/\\\/www.ugtcomunicaciones.es\\\/wordpress\\\/quinta-reunion-negociacion-prorroga-convenio-telyco\\\/#primaryimage\"},\"thumbnailUrl\":\"https:\\\/\\\/www.ugtcomunicaciones.es\\\/wordpress\\\/wp-content\\\/uploads\\\/2021\\\/02\\\/20200817.MovistarStore1_NoticiaAmpliada.jpg\",\"articleSection\":[\"Telyco\"],\"inLanguage\":\"es\"},{\"@type\":\"WebPage\",\"@id\":\"https:\\\/\\\/www.ugtcomunicaciones.es\\\/wordpress\\\/quinta-reunion-negociacion-prorroga-convenio-telyco\\\/\",\"url\":\"https:\\\/\\\/www.ugtcomunicaciones.es\\\/wordpress\\\/quinta-reunion-negociacion-prorroga-convenio-telyco\\\/\",\"name\":\"Quinta reuni\u00f3n negociaci\u00f3n prorroga convenio Telyco - UGT Comunicaciones\",\"isPartOf\":{\"@id\":\"https:\\\/\\\/www.ugtcomunicaciones.es\\\/wordpress\\\/#website\"},\"primaryImageOfPage\":{\"@id\":\"https:\\\/\\\/www.ugtcomunicaciones.es\\\/wordpress\\\/quinta-reunion-negociacion-prorroga-convenio-telyco\\\/#primaryimage\"},\"image\":{\"@id\":\"https:\\\/\\\/www.ugtcomunicaciones.es\\\/wordpress\\\/quinta-reunion-negociacion-prorroga-convenio-telyco\\\/#primaryimage\"},\"thumbnailUrl\":\"https:\\\/\\\/www.ugtcomunicaciones.es\\\/wordpress\\\/wp-content\\\/uploads\\\/2021\\\/02\\\/20200817.MovistarStore1_NoticiaAmpliada.jpg\",\"datePublished\":\"2021-12-10T11:54:49+00:00\",\"breadcrumb\":{\"@id\":\"https:\\\/\\\/www.ugtcomunicaciones.es\\\/wordpress\\\/quinta-reunion-negociacion-prorroga-convenio-telyco\\\/#breadcrumb\"},\"inLanguage\":\"es\",\"potentialAction\":[{\"@type\":\"ReadAction\",\"target\":[\"https:\\\/\\\/www.ugtcomunicaciones.es\\\/wordpress\\\/quinta-reunion-negociacion-prorroga-convenio-telyco\\\/\"]}]},{\"@type\":\"ImageObject\",\"inLanguage\":\"es\",\"@id\":\"https:\\\/\\\/www.ugtcomunicaciones.es\\\/wordpress\\\/quinta-reunion-negociacion-prorroga-convenio-telyco\\\/#primaryimage\",\"url\":\"https:\\\/\\\/www.ugtcomunicaciones.es\\\/wordpress\\\/wp-content\\\/uploads\\\/2021\\\/02\\\/20200817.MovistarStore1_NoticiaAmpliada.jpg\",\"contentUrl\":\"https:\\\/\\\/www.ugtcomunicaciones.es\\\/wordpress\\\/wp-content\\\/uploads\\\/2021\\\/02\\\/20200817.MovistarStore1_NoticiaAmpliada.jpg\",\"width\":639,\"height\":360},{\"@type\":\"BreadcrumbList\",\"@id\":\"https:\\\/\\\/www.ugtcomunicaciones.es\\\/wordpress\\\/quinta-reunion-negociacion-prorroga-convenio-telyco\\\/#breadcrumb\",\"itemListElement\":[{\"@type\":\"ListItem\",\"position\":1,\"name\":\"Portada\",\"item\":\"https:\\\/\\\/www.ugtcomunicaciones.es\\\/wordpress\\\/\"},{\"@type\":\"ListItem\",\"position\":2,\"name\":\"Quinta reuni\u00f3n negociaci\u00f3n prorroga convenio Telyco\"}]},{\"@type\":\"WebSite\",\"@id\":\"https:\\\/\\\/www.ugtcomunicaciones.es\\\/wordpress\\\/#website\",\"url\":\"https:\\\/\\\/www.ugtcomunicaciones.es\\\/wordpress\\\/\",\"name\":\"UGT Comunicaciones\",\"description\":\"Sindicato de Telecomunicaciones\",\"publisher\":{\"@id\":\"https:\\\/\\\/www.ugtcomunicaciones.es\\\/wordpress\\\/#organization\"},\"potentialAction\":[{\"@type\":\"SearchAction\",\"target\":{\"@type\":\"EntryPoint\",\"urlTemplate\":\"https:\\\/\\\/www.ugtcomunicaciones.es\\\/wordpress\\\/?s={search_term_string}\"},\"query-input\":{\"@type\":\"PropertyValueSpecification\",\"valueRequired\":true,\"valueName\":\"search_term_string\"}}],\"inLanguage\":\"es\"},{\"@type\":\"Organization\",\"@id\":\"https:\\\/\\\/www.ugtcomunicaciones.es\\\/wordpress\\\/#organization\",\"name\":\"UGT Comunicaciones\",\"url\":\"https:\\\/\\\/www.ugtcomunicaciones.es\\\/wordpress\\\/\",\"logo\":{\"@type\":\"ImageObject\",\"inLanguage\":\"es\",\"@id\":\"https:\\\/\\\/www.ugtcomunicaciones.es\\\/wordpress\\\/#\\\/schema\\\/logo\\\/image\\\/\",\"url\":\"https:\\\/\\\/www.ugtcomunicaciones.es\\\/wordpress\\\/wp-content\\\/uploads\\\/2024\\\/04\\\/comunicaciones_logo.png\",\"contentUrl\":\"https:\\\/\\\/www.ugtcomunicaciones.es\\\/wordpress\\\/wp-content\\\/uploads\\\/2024\\\/04\\\/comunicaciones_logo.png\",\"width\":298,\"height\":81,\"caption\":\"UGT Comunicaciones\"},\"image\":{\"@id\":\"https:\\\/\\\/www.ugtcomunicaciones.es\\\/wordpress\\\/#\\\/schema\\\/logo\\\/image\\\/\"},\"sameAs\":[\"https:\\\/\\\/www.facebook.com\\\/ugt.comunicaciones\\\/\",\"https:\\\/\\\/x.com\\\/ugtcom\"]},{\"@type\":\"Person\",\"@id\":\"https:\\\/\\\/www.ugtcomunicaciones.es\\\/wordpress\\\/#\\\/schema\\\/person\\\/eba0fc3fe5b444531d94d4368cba89ed\",\"name\":\"UGT\",\"image\":{\"@type\":\"ImageObject\",\"inLanguage\":\"es\",\"@id\":\"https:\\\/\\\/secure.gravatar.com\\\/avatar\\\/2a16057d620a4c646bcfc171c4f23030879ebbdd346f0525bd5d4a564e57e13d?s=96&d=mm&r=g\",\"url\":\"https:\\\/\\\/secure.gravatar.com\\\/avatar\\\/2a16057d620a4c646bcfc171c4f23030879ebbdd346f0525bd5d4a564e57e13d?s=96&d=mm&r=g\",\"contentUrl\":\"https:\\\/\\\/secure.gravatar.com\\\/avatar\\\/2a16057d620a4c646bcfc171c4f23030879ebbdd346f0525bd5d4a564e57e13d?s=96&d=mm&r=g\",\"caption\":\"UGT\"}}]}<\/script>\n<!-- \/ Yoast SEO Premium plugin. -->","yoast_head_json":{"title":"Quinta reuni\u00f3n negociaci\u00f3n prorroga convenio Telyco - UGT Comunicaciones","robots":{"index":"index","follow":"follow","max-snippet":"max-snippet:-1","max-image-preview":"max-image-preview:large","max-video-preview":"max-video-preview:-1"},"canonical":"https:\/\/www.ugtcomunicaciones.es\/wordpress\/quinta-reunion-negociacion-prorroga-convenio-telyco\/","og_locale":"es_ES","og_type":"article","og_title":"Quinta reuni\u00f3n negociaci\u00f3n prorroga convenio Telyco","og_description":"Hoy se ha llevado a cabo la quinta reuni\u00f3n de negociaci\u00f3n de la prorroga del Convenio en la que \u00a0 UGT, ha vuelto a expresar de nuevo la necesidad de realizar una mejora salarial que garantice el poder adquisitivo de la plantilla de Telyco. UGT, solicita un mayor impulso por parte de la empresa para [&hellip;]","og_url":"https:\/\/www.ugtcomunicaciones.es\/wordpress\/quinta-reunion-negociacion-prorroga-convenio-telyco\/","og_site_name":"UGT Comunicaciones","article_publisher":"https:\/\/www.facebook.com\/ugt.comunicaciones\/","article_published_time":"2021-12-10T11:54:49+00:00","og_image":[{"width":639,"height":360,"url":"https:\/\/www.ugtcomunicaciones.es\/wordpress\/wp-content\/uploads\/2021\/02\/20200817.MovistarStore1_NoticiaAmpliada.jpg","type":"image\/jpeg"}],"author":"UGT","twitter_card":"summary_large_image","twitter_creator":"@ugtcom","twitter_site":"@ugtcom","twitter_misc":{"Escrito por":"UGT","Tiempo de lectura":"3 minutos"},"schema":{"@context":"https:\/\/schema.org","@graph":[{"@type":"Article","@id":"https:\/\/www.ugtcomunicaciones.es\/wordpress\/quinta-reunion-negociacion-prorroga-convenio-telyco\/#article","isPartOf":{"@id":"https:\/\/www.ugtcomunicaciones.es\/wordpress\/quinta-reunion-negociacion-prorroga-convenio-telyco\/"},"author":{"name":"UGT","@id":"https:\/\/www.ugtcomunicaciones.es\/wordpress\/#\/schema\/person\/eba0fc3fe5b444531d94d4368cba89ed"},"headline":"Quinta reuni\u00f3n negociaci\u00f3n prorroga convenio Telyco","datePublished":"2021-12-10T11:54:49+00:00","mainEntityOfPage":{"@id":"https:\/\/www.ugtcomunicaciones.es\/wordpress\/quinta-reunion-negociacion-prorroga-convenio-telyco\/"},"wordCount":535,"publisher":{"@id":"https:\/\/www.ugtcomunicaciones.es\/wordpress\/#organization"},"image":{"@id":"https:\/\/www.ugtcomunicaciones.es\/wordpress\/quinta-reunion-negociacion-prorroga-convenio-telyco\/#primaryimage"},"thumbnailUrl":"https:\/\/www.ugtcomunicaciones.es\/wordpress\/wp-content\/uploads\/2021\/02\/20200817.MovistarStore1_NoticiaAmpliada.jpg","articleSection":["Telyco"],"inLanguage":"es"},{"@type":"WebPage","@id":"https:\/\/www.ugtcomunicaciones.es\/wordpress\/quinta-reunion-negociacion-prorroga-convenio-telyco\/","url":"https:\/\/www.ugtcomunicaciones.es\/wordpress\/quinta-reunion-negociacion-prorroga-convenio-telyco\/","name":"Quinta reuni\u00f3n negociaci\u00f3n prorroga convenio Telyco - UGT Comunicaciones","isPartOf":{"@id":"https:\/\/www.ugtcomunicaciones.es\/wordpress\/#website"},"primaryImageOfPage":{"@id":"https:\/\/www.ugtcomunicaciones.es\/wordpress\/quinta-reunion-negociacion-prorroga-convenio-telyco\/#primaryimage"},"image":{"@id":"https:\/\/www.ugtcomunicaciones.es\/wordpress\/quinta-reunion-negociacion-prorroga-convenio-telyco\/#primaryimage"},"thumbnailUrl":"https:\/\/www.ugtcomunicaciones.es\/wordpress\/wp-content\/uploads\/2021\/02\/20200817.MovistarStore1_NoticiaAmpliada.jpg","datePublished":"2021-12-10T11:54:49+00:00","breadcrumb":{"@id":"https:\/\/www.ugtcomunicaciones.es\/wordpress\/quinta-reunion-negociacion-prorroga-convenio-telyco\/#breadcrumb"},"inLanguage":"es","potentialAction":[{"@type":"ReadAction","target":["https:\/\/www.ugtcomunicaciones.es\/wordpress\/quinta-reunion-negociacion-prorroga-convenio-telyco\/"]}]},{"@type":"ImageObject","inLanguage":"es","@id":"https:\/\/www.ugtcomunicaciones.es\/wordpress\/quinta-reunion-negociacion-prorroga-convenio-telyco\/#primaryimage","url":"https:\/\/www.ugtcomunicaciones.es\/wordpress\/wp-content\/uploads\/2021\/02\/20200817.MovistarStore1_NoticiaAmpliada.jpg","contentUrl":"https:\/\/www.ugtcomunicaciones.es\/wordpress\/wp-content\/uploads\/2021\/02\/20200817.MovistarStore1_NoticiaAmpliada.jpg","width":639,"height":360},{"@type":"BreadcrumbList","@id":"https:\/\/www.ugtcomunicaciones.es\/wordpress\/quinta-reunion-negociacion-prorroga-convenio-telyco\/#breadcrumb","itemListElement":[{"@type":"ListItem","position":1,"name":"Portada","item":"https:\/\/www.ugtcomunicaciones.es\/wordpress\/"},{"@type":"ListItem","position":2,"name":"Quinta reuni\u00f3n negociaci\u00f3n prorroga convenio Telyco"}]},{"@type":"WebSite","@id":"https:\/\/www.ugtcomunicaciones.es\/wordpress\/#website","url":"https:\/\/www.ugtcomunicaciones.es\/wordpress\/","name":"UGT Comunicaciones","description":"Sindicato de Telecomunicaciones","publisher":{"@id":"https:\/\/www.ugtcomunicaciones.es\/wordpress\/#organization"},"potentialAction":[{"@type":"SearchAction","target":{"@type":"EntryPoint","urlTemplate":"https:\/\/www.ugtcomunicaciones.es\/wordpress\/?s={search_term_string}"},"query-input":{"@type":"PropertyValueSpecification","valueRequired":true,"valueName":"search_term_string"}}],"inLanguage":"es"},{"@type":"Organization","@id":"https:\/\/www.ugtcomunicaciones.es\/wordpress\/#organization","name":"UGT Comunicaciones","url":"https:\/\/www.ugtcomunicaciones.es\/wordpress\/","logo":{"@type":"ImageObject","inLanguage":"es","@id":"https:\/\/www.ugtcomunicaciones.es\/wordpress\/#\/schema\/logo\/image\/","url":"https:\/\/www.ugtcomunicaciones.es\/wordpress\/wp-content\/uploads\/2024\/04\/comunicaciones_logo.png","contentUrl":"https:\/\/www.ugtcomunicaciones.es\/wordpress\/wp-content\/uploads\/2024\/04\/comunicaciones_logo.png","width":298,"height":81,"caption":"UGT Comunicaciones"},"image":{"@id":"https:\/\/www.ugtcomunicaciones.es\/wordpress\/#\/schema\/logo\/image\/"},"sameAs":["https:\/\/www.facebook.com\/ugt.comunicaciones\/","https:\/\/x.com\/ugtcom"]},{"@type":"Person","@id":"https:\/\/www.ugtcomunicaciones.es\/wordpress\/#\/schema\/person\/eba0fc3fe5b444531d94d4368cba89ed","name":"UGT","image":{"@type":"ImageObject","inLanguage":"es","@id":"https:\/\/secure.gravatar.com\/avatar\/2a16057d620a4c646bcfc171c4f23030879ebbdd346f0525bd5d4a564e57e13d?s=96&d=mm&r=g","url":"https:\/\/secure.gravatar.com\/avatar\/2a16057d620a4c646bcfc171c4f23030879ebbdd346f0525bd5d4a564e57e13d?s=96&d=mm&r=g","contentUrl":"https:\/\/secure.gravatar.com\/avatar\/2a16057d620a4c646bcfc171c4f23030879ebbdd346f0525bd5d4a564e57e13d?s=96&d=mm&r=g","caption":"UGT"}}]}},"_links":{"self":[{"href":"https:\/\/www.ugtcomunicaciones.es\/wordpress\/wp-json\/wp\/v2\/posts\/943308","targetHints":{"allow":["GET"]}}],"collection":[{"href":"https:\/\/www.ugtcomunicaciones.es\/wordpress\/wp-json\/wp\/v2\/posts"}],"about":[{"href":"https:\/\/www.ugtcomunicaciones.es\/wordpress\/wp-json\/wp\/v2\/types\/post"}],"author":[{"embeddable":true,"href":"https:\/\/www.ugtcomunicaciones.es\/wordpress\/wp-json\/wp\/v2\/users\/3"}],"replies":[{"embeddable":true,"href":"https:\/\/www.ugtcomunicaciones.es\/wordpress\/wp-json\/wp\/v2\/comments?post=943308"}],"version-history":[{"count":0,"href":"https:\/\/www.ugtcomunicaciones.es\/wordpress\/wp-json\/wp\/v2\/posts\/943308\/revisions"}],"wp:featuredmedia":[{"embeddable":true,"href":"https:\/\/www.ugtcomunicaciones.es\/wordpress\/wp-json\/wp\/v2\/media\/764558"}],"wp:attachment":[{"href":"https:\/\/www.ugtcomunicaciones.es\/wordpress\/wp-json\/wp\/v2\/media?parent=943308"}],"wp:term":[{"taxonomy":"category","embeddable":true,"href":"https:\/\/www.ugtcomunicaciones.es\/wordpress\/wp-json\/wp\/v2\/categories?post=943308"},{"taxonomy":"post_tag","embeddable":true,"href":"https:\/\/www.ugtcomunicaciones.es\/wordpress\/wp-json\/wp\/v2\/tags?post=943308"}],"curies":[{"name":"wp","href":"https:\/\/api.w.org\/{rel}","templated":true}]}}