{"id":947776,"date":"2021-12-27T07:00:40","date_gmt":"2021-12-27T05:00:40","guid":{"rendered":"https:\/\/www.ugtcomunicaciones.es\/wordpress\/?p=947776"},"modified":"2021-12-21T14:08:43","modified_gmt":"2021-12-21T12:08:43","slug":"espana-y-las-tic-2t2021-ii-la-fibra-dobla-ya-al-adsl-en-las-poblaciones-mas-pequenas","status":"publish","type":"post","link":"https:\/\/www.ugtcomunicaciones.es\/wordpress\/espana-y-las-tic-2t2021-ii-la-fibra-dobla-ya-al-adsl-en-las-poblaciones-mas-pequenas\/","title":{"rendered":"Espa\u00f1a y las TIC  2T2021 (II): la fibra dobla ya al ADSL en las poblaciones m\u00e1s peque\u00f1as"},"content":{"rendered":"<p style=\"text-align: justify;\">Pasamos a compartir un nuevo an\u00e1lisis del Panel de Hogares de la CNMC sobre uso y penetraci\u00f3n de las TIC; en esta ocasi\u00f3n, concerniente al segundo trimestre de 2021.<\/p>\n<p style=\"text-align: justify;\">Los hogares con telefon\u00eda fija no hacen m\u00e1s que descender desde 2016, acumulando casi 12 puntos de ca\u00edda. En sentido contrario van los hogares con Internet, que ya superan el 91%. La telefon\u00eda m\u00f3vil se estabiliza en torno al 99%, al igual que la TV de pago, que lleva un a\u00f1o en su techo hist\u00f3rico del 45%:<\/p>\n<p><img decoding=\"async\" class=\"aligncenter wp-image-947789 size-full lazyload\" data-src=\"https:\/\/www.ugtcomunicaciones.es\/wordpress\/wp-content\/uploads\/2021\/12\/Espa-01.jpg\" alt=\"\" width=\"643\" height=\"569\" data-srcset=\"https:\/\/www.ugtcomunicaciones.es\/wordpress\/wp-content\/uploads\/2021\/12\/Espa-01.jpg 643w, https:\/\/www.ugtcomunicaciones.es\/wordpress\/wp-content\/uploads\/2021\/12\/Espa-01-300x265.jpg 300w, https:\/\/www.ugtcomunicaciones.es\/wordpress\/wp-content\/uploads\/2021\/12\/Espa-01-475x420.jpg 475w, https:\/\/www.ugtcomunicaciones.es\/wordpress\/wp-content\/uploads\/2021\/12\/Espa-01-640x566.jpg 640w\" data-sizes=\"(max-width: 643px) 100vw, 643px\" src=\"data:image\/svg+xml;base64,PHN2ZyB3aWR0aD0iMSIgaGVpZ2h0PSIxIiB4bWxucz0iaHR0cDovL3d3dy53My5vcmcvMjAwMC9zdmciPjwvc3ZnPg==\" style=\"--smush-placeholder-width: 643px; --smush-placeholder-aspect-ratio: 643\/569;\" \/><\/p>\n<p style=\"text-align: justify;\">En cuanto al equipamiento de dispositivos TIC, 6 de cada 10 hogares ya disponen de una Smart TV y los altavoces inteligentes cada vez tienen m\u00e1s presencia (un 15%). En el terreno negativo, a\u00fan se registra un 18% de hogares sin ordenador:<\/p>\n<p style=\"text-align: justify;\"><strong>Disponibilidad de equipamientos tecnol\u00f3gicos (porcentaje de hogares)<\/strong><\/p>\n<p style=\"text-align: justify;\"><img decoding=\"async\" class=\"aligncenter wp-image-947793 size-full lazyload\" data-src=\"https:\/\/www.ugtcomunicaciones.es\/wordpress\/wp-content\/uploads\/2021\/12\/Espa-02-1.jpg\" alt=\"\" width=\"643\" height=\"432\" data-srcset=\"https:\/\/www.ugtcomunicaciones.es\/wordpress\/wp-content\/uploads\/2021\/12\/Espa-02-1.jpg 643w, https:\/\/www.ugtcomunicaciones.es\/wordpress\/wp-content\/uploads\/2021\/12\/Espa-02-1-300x202.jpg 300w, https:\/\/www.ugtcomunicaciones.es\/wordpress\/wp-content\/uploads\/2021\/12\/Espa-02-1-625x420.jpg 625w, https:\/\/www.ugtcomunicaciones.es\/wordpress\/wp-content\/uploads\/2021\/12\/Espa-02-1-537x360.jpg 537w, https:\/\/www.ugtcomunicaciones.es\/wordpress\/wp-content\/uploads\/2021\/12\/Espa-02-1-640x430.jpg 640w\" data-sizes=\"(max-width: 643px) 100vw, 643px\" src=\"data:image\/svg+xml;base64,PHN2ZyB3aWR0aD0iMSIgaGVpZ2h0PSIxIiB4bWxucz0iaHR0cDovL3d3dy53My5vcmcvMjAwMC9zdmciPjwvc3ZnPg==\" style=\"--smush-placeholder-width: 643px; --smush-placeholder-aspect-ratio: 643\/432;\" \/><\/p>\n<p style=\"text-align: justify;\">Pasamos ahora a analizar los datos de despliegue de redes de telecomunicaciones. Seg\u00fan este Panel de la CNMC, tres de cada cuatro conexiones de banda ancha en Espa\u00f1a son por fibra. Sin embargo, su huella no es homog\u00e9nea cuando se examina desde una perspectiva territorial.<\/p>\n<p style=\"text-align: justify;\">Como en todos las series de datos precedentes, se observa como cuanto mayor es la poblaci\u00f3n mayor porcentaje de servicios de adquiere. Una constante que se repite en todos los servicios: telefon\u00eda fija, m\u00f3vil, TV de pago e Internet:<\/p>\n<p style=\"text-align: justify;\"><strong>Disponibilidad de servicios de comunicaciones electr\u00f3nicas seg\u00fan poblaci\u00f3n del municipio (porcentaje de hogares)<\/strong><\/p>\n<p><img decoding=\"async\" class=\"aligncenter wp-image-947792 size-full lazyload\" data-src=\"https:\/\/www.ugtcomunicaciones.es\/wordpress\/wp-content\/uploads\/2021\/12\/Espa-03-1.jpg\" alt=\"\" width=\"643\" height=\"509\" data-srcset=\"https:\/\/www.ugtcomunicaciones.es\/wordpress\/wp-content\/uploads\/2021\/12\/Espa-03-1.jpg 643w, https:\/\/www.ugtcomunicaciones.es\/wordpress\/wp-content\/uploads\/2021\/12\/Espa-03-1-300x237.jpg 300w, https:\/\/www.ugtcomunicaciones.es\/wordpress\/wp-content\/uploads\/2021\/12\/Espa-03-1-531x420.jpg 531w, https:\/\/www.ugtcomunicaciones.es\/wordpress\/wp-content\/uploads\/2021\/12\/Espa-03-1-640x507.jpg 640w\" data-sizes=\"(max-width: 643px) 100vw, 643px\" src=\"data:image\/svg+xml;base64,PHN2ZyB3aWR0aD0iMSIgaGVpZ2h0PSIxIiB4bWxucz0iaHR0cDovL3d3dy53My5vcmcvMjAwMC9zdmciPjwvc3ZnPg==\" style=\"--smush-placeholder-width: 643px; --smush-placeholder-aspect-ratio: 643\/509;\" \/><\/p>\n<p style=\"text-align: justify;\">De nuevo queremos destacar la primac\u00eda del FTTH en las poblaciones de menos de 5.000 habitantes: ya dobla al ADSL. Como ya hemos indicado en ocasiones anteriores, se trata de un dato que muy pocos pa\u00edses de mundo pueden replicar ahora mismo:<\/p>\n<p style=\"text-align: justify;\"><strong>Tipos de banda ancha fija seg\u00fan poblaci\u00f3n del municipio (% de hogares)<\/strong><\/p>\n<p><img decoding=\"async\" class=\"aligncenter wp-image-947791 size-full lazyload\" data-src=\"https:\/\/www.ugtcomunicaciones.es\/wordpress\/wp-content\/uploads\/2021\/12\/Espa-04-1.jpg\" alt=\"\" width=\"643\" height=\"282\" data-srcset=\"https:\/\/www.ugtcomunicaciones.es\/wordpress\/wp-content\/uploads\/2021\/12\/Espa-04-1.jpg 643w, https:\/\/www.ugtcomunicaciones.es\/wordpress\/wp-content\/uploads\/2021\/12\/Espa-04-1-300x132.jpg 300w, https:\/\/www.ugtcomunicaciones.es\/wordpress\/wp-content\/uploads\/2021\/12\/Espa-04-1-640x282.jpg 640w\" data-sizes=\"(max-width: 643px) 100vw, 643px\" src=\"data:image\/svg+xml;base64,PHN2ZyB3aWR0aD0iMSIgaGVpZ2h0PSIxIiB4bWxucz0iaHR0cDovL3d3dy53My5vcmcvMjAwMC9zdmciPjwvc3ZnPg==\" style=\"--smush-placeholder-width: 643px; --smush-placeholder-aspect-ratio: 643\/282;\" \/><\/p>\n<p style=\"text-align: justify;\">Finalizamos con una referencia a las razones para tener TV de pago: las series y las pel\u00edculas han ido ganando peso en detrimento de los deportes y los contenidos infantiles.<\/p>\n<p style=\"text-align: justify;\"><strong>Raz\u00f3n principal para tener televisi\u00f3n de pago en el hogar (% de\u00a0 hogares)<\/strong><\/p>\n<p><img decoding=\"async\" class=\"aligncenter wp-image-947790 size-full lazyload\" data-src=\"https:\/\/www.ugtcomunicaciones.es\/wordpress\/wp-content\/uploads\/2021\/12\/Espa-05-1.jpg\" alt=\"\" width=\"616\" height=\"352\" data-srcset=\"https:\/\/www.ugtcomunicaciones.es\/wordpress\/wp-content\/uploads\/2021\/12\/Espa-05-1.jpg 616w, https:\/\/www.ugtcomunicaciones.es\/wordpress\/wp-content\/uploads\/2021\/12\/Espa-05-1-300x171.jpg 300w\" data-sizes=\"(max-width: 616px) 100vw, 616px\" src=\"data:image\/svg+xml;base64,PHN2ZyB3aWR0aD0iMSIgaGVpZ2h0PSIxIiB4bWxucz0iaHR0cDovL3d3dy53My5vcmcvMjAwMC9zdmciPjwvc3ZnPg==\" style=\"--smush-placeholder-width: 616px; --smush-placeholder-aspect-ratio: 616\/352;\" \/><\/p>\n<h4 style=\"text-align: right;\"><span style=\"color: #ff0000;\"><strong>UGT<\/strong><\/span><strong> Comunicaciones<\/strong><\/h4>\n","protected":false},"excerpt":{"rendered":"<p>Pasamos a compartir un nuevo an\u00e1lisis del Panel de Hogares de la CNMC sobre uso y penetraci\u00f3n de las TIC; en esta ocasi\u00f3n, concerniente al segundo trimestre de 2021. Los hogares con telefon\u00eda fija no hacen m\u00e1s que descender desde 2016, acumulando casi 12 puntos de ca\u00edda. En sentido contrario van los hogares con Internet, [&hellip;]<\/p>\n","protected":false},"author":3,"featured_media":901270,"comment_status":"closed","ping_status":"closed","sticky":false,"template":"","format":"standard","meta":{"footnotes":""},"categories":[16,12],"tags":[],"class_list":["post-947776","post","type-post","status-publish","format-standard","has-post-thumbnail","hentry","category-internet","category-regulacion"],"yoast_head":"<!-- This site is optimized with the Yoast SEO Premium plugin v27.3 (Yoast SEO v27.4) - https:\/\/yoast.com\/product\/yoast-seo-premium-wordpress\/ -->\n<title>Espa\u00f1a y las TIC 2T2021 (II): la fibra dobla ya al ADSL en las poblaciones m\u00e1s peque\u00f1as - UGT Comunicaciones<\/title>\n<meta name=\"robots\" content=\"index, follow, max-snippet:-1, max-image-preview:large, max-video-preview:-1\" \/>\n<link rel=\"canonical\" href=\"https:\/\/www.ugtcomunicaciones.es\/wordpress\/espana-y-las-tic-2t2021-ii-la-fibra-dobla-ya-al-adsl-en-las-poblaciones-mas-pequenas\/\" \/>\n<meta property=\"og:locale\" content=\"es_ES\" \/>\n<meta property=\"og:type\" content=\"article\" \/>\n<meta property=\"og:title\" content=\"Espa\u00f1a y las TIC 2T2021 (II): la fibra dobla ya al ADSL en las poblaciones m\u00e1s peque\u00f1as\" \/>\n<meta property=\"og:description\" content=\"Pasamos a compartir un nuevo an\u00e1lisis del Panel de Hogares de la CNMC sobre uso y penetraci\u00f3n de las TIC; en esta ocasi\u00f3n, concerniente al segundo trimestre de 2021. Los hogares con telefon\u00eda fija no hacen m\u00e1s que descender desde 2016, acumulando casi 12 puntos de ca\u00edda. En sentido contrario van los hogares con Internet, [&hellip;]\" \/>\n<meta property=\"og:url\" content=\"https:\/\/www.ugtcomunicaciones.es\/wordpress\/espana-y-las-tic-2t2021-ii-la-fibra-dobla-ya-al-adsl-en-las-poblaciones-mas-pequenas\/\" \/>\n<meta property=\"og:site_name\" content=\"UGT Comunicaciones\" \/>\n<meta property=\"article:publisher\" content=\"https:\/\/www.facebook.com\/ugt.comunicaciones\/\" \/>\n<meta property=\"article:published_time\" content=\"2021-12-27T05:00:40+00:00\" \/>\n<meta property=\"og:image\" content=\"https:\/\/www.ugtcomunicaciones.es\/wordpress\/wp-content\/uploads\/2021\/09\/espana-fibra-optica-oscura.jpg\" \/>\n\t<meta property=\"og:image:width\" content=\"600\" \/>\n\t<meta property=\"og:image:height\" content=\"314\" \/>\n\t<meta property=\"og:image:type\" content=\"image\/jpeg\" \/>\n<meta name=\"author\" content=\"UGT\" \/>\n<meta name=\"twitter:card\" content=\"summary_large_image\" \/>\n<meta name=\"twitter:creator\" content=\"@ugtcom\" \/>\n<meta name=\"twitter:site\" content=\"@ugtcom\" \/>\n<meta name=\"twitter:label1\" content=\"Escrito por\" \/>\n\t<meta name=\"twitter:data1\" content=\"UGT\" \/>\n\t<meta name=\"twitter:label2\" content=\"Tiempo de lectura\" \/>\n\t<meta name=\"twitter:data2\" content=\"3 minutos\" \/>\n<script type=\"application\/ld+json\" class=\"yoast-schema-graph\">{\"@context\":\"https:\\\/\\\/schema.org\",\"@graph\":[{\"@type\":\"Article\",\"@id\":\"https:\\\/\\\/www.ugtcomunicaciones.es\\\/wordpress\\\/espana-y-las-tic-2t2021-ii-la-fibra-dobla-ya-al-adsl-en-las-poblaciones-mas-pequenas\\\/#article\",\"isPartOf\":{\"@id\":\"https:\\\/\\\/www.ugtcomunicaciones.es\\\/wordpress\\\/espana-y-las-tic-2t2021-ii-la-fibra-dobla-ya-al-adsl-en-las-poblaciones-mas-pequenas\\\/\"},\"author\":{\"name\":\"UGT\",\"@id\":\"https:\\\/\\\/www.ugtcomunicaciones.es\\\/wordpress\\\/#\\\/schema\\\/person\\\/eba0fc3fe5b444531d94d4368cba89ed\"},\"headline\":\"Espa\u00f1a y las TIC 2T2021 (II): la fibra dobla ya al ADSL en las poblaciones m\u00e1s peque\u00f1as\",\"datePublished\":\"2021-12-27T05:00:40+00:00\",\"mainEntityOfPage\":{\"@id\":\"https:\\\/\\\/www.ugtcomunicaciones.es\\\/wordpress\\\/espana-y-las-tic-2t2021-ii-la-fibra-dobla-ya-al-adsl-en-las-poblaciones-mas-pequenas\\\/\"},\"wordCount\":367,\"publisher\":{\"@id\":\"https:\\\/\\\/www.ugtcomunicaciones.es\\\/wordpress\\\/#organization\"},\"image\":{\"@id\":\"https:\\\/\\\/www.ugtcomunicaciones.es\\\/wordpress\\\/espana-y-las-tic-2t2021-ii-la-fibra-dobla-ya-al-adsl-en-las-poblaciones-mas-pequenas\\\/#primaryimage\"},\"thumbnailUrl\":\"https:\\\/\\\/www.ugtcomunicaciones.es\\\/wordpress\\\/wp-content\\\/uploads\\\/2021\\\/09\\\/espana-fibra-optica-oscura.jpg\",\"articleSection\":[\"Internet\",\"Regulaci\u00f3n\"],\"inLanguage\":\"es\"},{\"@type\":\"WebPage\",\"@id\":\"https:\\\/\\\/www.ugtcomunicaciones.es\\\/wordpress\\\/espana-y-las-tic-2t2021-ii-la-fibra-dobla-ya-al-adsl-en-las-poblaciones-mas-pequenas\\\/\",\"url\":\"https:\\\/\\\/www.ugtcomunicaciones.es\\\/wordpress\\\/espana-y-las-tic-2t2021-ii-la-fibra-dobla-ya-al-adsl-en-las-poblaciones-mas-pequenas\\\/\",\"name\":\"Espa\u00f1a y las TIC 2T2021 (II): la fibra dobla ya al ADSL en las poblaciones m\u00e1s peque\u00f1as - UGT Comunicaciones\",\"isPartOf\":{\"@id\":\"https:\\\/\\\/www.ugtcomunicaciones.es\\\/wordpress\\\/#website\"},\"primaryImageOfPage\":{\"@id\":\"https:\\\/\\\/www.ugtcomunicaciones.es\\\/wordpress\\\/espana-y-las-tic-2t2021-ii-la-fibra-dobla-ya-al-adsl-en-las-poblaciones-mas-pequenas\\\/#primaryimage\"},\"image\":{\"@id\":\"https:\\\/\\\/www.ugtcomunicaciones.es\\\/wordpress\\\/espana-y-las-tic-2t2021-ii-la-fibra-dobla-ya-al-adsl-en-las-poblaciones-mas-pequenas\\\/#primaryimage\"},\"thumbnailUrl\":\"https:\\\/\\\/www.ugtcomunicaciones.es\\\/wordpress\\\/wp-content\\\/uploads\\\/2021\\\/09\\\/espana-fibra-optica-oscura.jpg\",\"datePublished\":\"2021-12-27T05:00:40+00:00\",\"breadcrumb\":{\"@id\":\"https:\\\/\\\/www.ugtcomunicaciones.es\\\/wordpress\\\/espana-y-las-tic-2t2021-ii-la-fibra-dobla-ya-al-adsl-en-las-poblaciones-mas-pequenas\\\/#breadcrumb\"},\"inLanguage\":\"es\",\"potentialAction\":[{\"@type\":\"ReadAction\",\"target\":[\"https:\\\/\\\/www.ugtcomunicaciones.es\\\/wordpress\\\/espana-y-las-tic-2t2021-ii-la-fibra-dobla-ya-al-adsl-en-las-poblaciones-mas-pequenas\\\/\"]}]},{\"@type\":\"ImageObject\",\"inLanguage\":\"es\",\"@id\":\"https:\\\/\\\/www.ugtcomunicaciones.es\\\/wordpress\\\/espana-y-las-tic-2t2021-ii-la-fibra-dobla-ya-al-adsl-en-las-poblaciones-mas-pequenas\\\/#primaryimage\",\"url\":\"https:\\\/\\\/www.ugtcomunicaciones.es\\\/wordpress\\\/wp-content\\\/uploads\\\/2021\\\/09\\\/espana-fibra-optica-oscura.jpg\",\"contentUrl\":\"https:\\\/\\\/www.ugtcomunicaciones.es\\\/wordpress\\\/wp-content\\\/uploads\\\/2021\\\/09\\\/espana-fibra-optica-oscura.jpg\",\"width\":600,\"height\":314},{\"@type\":\"BreadcrumbList\",\"@id\":\"https:\\\/\\\/www.ugtcomunicaciones.es\\\/wordpress\\\/espana-y-las-tic-2t2021-ii-la-fibra-dobla-ya-al-adsl-en-las-poblaciones-mas-pequenas\\\/#breadcrumb\",\"itemListElement\":[{\"@type\":\"ListItem\",\"position\":1,\"name\":\"Portada\",\"item\":\"https:\\\/\\\/www.ugtcomunicaciones.es\\\/wordpress\\\/\"},{\"@type\":\"ListItem\",\"position\":2,\"name\":\"Espa\u00f1a y las TIC 2T2021 (II): la fibra dobla ya al ADSL en las poblaciones m\u00e1s peque\u00f1as\"}]},{\"@type\":\"WebSite\",\"@id\":\"https:\\\/\\\/www.ugtcomunicaciones.es\\\/wordpress\\\/#website\",\"url\":\"https:\\\/\\\/www.ugtcomunicaciones.es\\\/wordpress\\\/\",\"name\":\"UGT Comunicaciones\",\"description\":\"Sindicato de Telecomunicaciones\",\"publisher\":{\"@id\":\"https:\\\/\\\/www.ugtcomunicaciones.es\\\/wordpress\\\/#organization\"},\"potentialAction\":[{\"@type\":\"SearchAction\",\"target\":{\"@type\":\"EntryPoint\",\"urlTemplate\":\"https:\\\/\\\/www.ugtcomunicaciones.es\\\/wordpress\\\/?s={search_term_string}\"},\"query-input\":{\"@type\":\"PropertyValueSpecification\",\"valueRequired\":true,\"valueName\":\"search_term_string\"}}],\"inLanguage\":\"es\"},{\"@type\":\"Organization\",\"@id\":\"https:\\\/\\\/www.ugtcomunicaciones.es\\\/wordpress\\\/#organization\",\"name\":\"UGT Comunicaciones\",\"url\":\"https:\\\/\\\/www.ugtcomunicaciones.es\\\/wordpress\\\/\",\"logo\":{\"@type\":\"ImageObject\",\"inLanguage\":\"es\",\"@id\":\"https:\\\/\\\/www.ugtcomunicaciones.es\\\/wordpress\\\/#\\\/schema\\\/logo\\\/image\\\/\",\"url\":\"https:\\\/\\\/www.ugtcomunicaciones.es\\\/wordpress\\\/wp-content\\\/uploads\\\/2024\\\/04\\\/comunicaciones_logo.png\",\"contentUrl\":\"https:\\\/\\\/www.ugtcomunicaciones.es\\\/wordpress\\\/wp-content\\\/uploads\\\/2024\\\/04\\\/comunicaciones_logo.png\",\"width\":298,\"height\":81,\"caption\":\"UGT Comunicaciones\"},\"image\":{\"@id\":\"https:\\\/\\\/www.ugtcomunicaciones.es\\\/wordpress\\\/#\\\/schema\\\/logo\\\/image\\\/\"},\"sameAs\":[\"https:\\\/\\\/www.facebook.com\\\/ugt.comunicaciones\\\/\",\"https:\\\/\\\/x.com\\\/ugtcom\"]},{\"@type\":\"Person\",\"@id\":\"https:\\\/\\\/www.ugtcomunicaciones.es\\\/wordpress\\\/#\\\/schema\\\/person\\\/eba0fc3fe5b444531d94d4368cba89ed\",\"name\":\"UGT\",\"image\":{\"@type\":\"ImageObject\",\"inLanguage\":\"es\",\"@id\":\"https:\\\/\\\/secure.gravatar.com\\\/avatar\\\/2a16057d620a4c646bcfc171c4f23030879ebbdd346f0525bd5d4a564e57e13d?s=96&d=mm&r=g\",\"url\":\"https:\\\/\\\/secure.gravatar.com\\\/avatar\\\/2a16057d620a4c646bcfc171c4f23030879ebbdd346f0525bd5d4a564e57e13d?s=96&d=mm&r=g\",\"contentUrl\":\"https:\\\/\\\/secure.gravatar.com\\\/avatar\\\/2a16057d620a4c646bcfc171c4f23030879ebbdd346f0525bd5d4a564e57e13d?s=96&d=mm&r=g\",\"caption\":\"UGT\"}}]}<\/script>\n<!-- \/ Yoast SEO Premium plugin. -->","yoast_head_json":{"title":"Espa\u00f1a y las TIC 2T2021 (II): la fibra dobla ya al ADSL en las poblaciones m\u00e1s peque\u00f1as - UGT Comunicaciones","robots":{"index":"index","follow":"follow","max-snippet":"max-snippet:-1","max-image-preview":"max-image-preview:large","max-video-preview":"max-video-preview:-1"},"canonical":"https:\/\/www.ugtcomunicaciones.es\/wordpress\/espana-y-las-tic-2t2021-ii-la-fibra-dobla-ya-al-adsl-en-las-poblaciones-mas-pequenas\/","og_locale":"es_ES","og_type":"article","og_title":"Espa\u00f1a y las TIC 2T2021 (II): la fibra dobla ya al ADSL en las poblaciones m\u00e1s peque\u00f1as","og_description":"Pasamos a compartir un nuevo an\u00e1lisis del Panel de Hogares de la CNMC sobre uso y penetraci\u00f3n de las TIC; en esta ocasi\u00f3n, concerniente al segundo trimestre de 2021. Los hogares con telefon\u00eda fija no hacen m\u00e1s que descender desde 2016, acumulando casi 12 puntos de ca\u00edda. En sentido contrario van los hogares con Internet, [&hellip;]","og_url":"https:\/\/www.ugtcomunicaciones.es\/wordpress\/espana-y-las-tic-2t2021-ii-la-fibra-dobla-ya-al-adsl-en-las-poblaciones-mas-pequenas\/","og_site_name":"UGT Comunicaciones","article_publisher":"https:\/\/www.facebook.com\/ugt.comunicaciones\/","article_published_time":"2021-12-27T05:00:40+00:00","og_image":[{"width":600,"height":314,"url":"https:\/\/www.ugtcomunicaciones.es\/wordpress\/wp-content\/uploads\/2021\/09\/espana-fibra-optica-oscura.jpg","type":"image\/jpeg"}],"author":"UGT","twitter_card":"summary_large_image","twitter_creator":"@ugtcom","twitter_site":"@ugtcom","twitter_misc":{"Escrito por":"UGT","Tiempo de lectura":"3 minutos"},"schema":{"@context":"https:\/\/schema.org","@graph":[{"@type":"Article","@id":"https:\/\/www.ugtcomunicaciones.es\/wordpress\/espana-y-las-tic-2t2021-ii-la-fibra-dobla-ya-al-adsl-en-las-poblaciones-mas-pequenas\/#article","isPartOf":{"@id":"https:\/\/www.ugtcomunicaciones.es\/wordpress\/espana-y-las-tic-2t2021-ii-la-fibra-dobla-ya-al-adsl-en-las-poblaciones-mas-pequenas\/"},"author":{"name":"UGT","@id":"https:\/\/www.ugtcomunicaciones.es\/wordpress\/#\/schema\/person\/eba0fc3fe5b444531d94d4368cba89ed"},"headline":"Espa\u00f1a y las TIC 2T2021 (II): la fibra dobla ya al ADSL en las poblaciones m\u00e1s peque\u00f1as","datePublished":"2021-12-27T05:00:40+00:00","mainEntityOfPage":{"@id":"https:\/\/www.ugtcomunicaciones.es\/wordpress\/espana-y-las-tic-2t2021-ii-la-fibra-dobla-ya-al-adsl-en-las-poblaciones-mas-pequenas\/"},"wordCount":367,"publisher":{"@id":"https:\/\/www.ugtcomunicaciones.es\/wordpress\/#organization"},"image":{"@id":"https:\/\/www.ugtcomunicaciones.es\/wordpress\/espana-y-las-tic-2t2021-ii-la-fibra-dobla-ya-al-adsl-en-las-poblaciones-mas-pequenas\/#primaryimage"},"thumbnailUrl":"https:\/\/www.ugtcomunicaciones.es\/wordpress\/wp-content\/uploads\/2021\/09\/espana-fibra-optica-oscura.jpg","articleSection":["Internet","Regulaci\u00f3n"],"inLanguage":"es"},{"@type":"WebPage","@id":"https:\/\/www.ugtcomunicaciones.es\/wordpress\/espana-y-las-tic-2t2021-ii-la-fibra-dobla-ya-al-adsl-en-las-poblaciones-mas-pequenas\/","url":"https:\/\/www.ugtcomunicaciones.es\/wordpress\/espana-y-las-tic-2t2021-ii-la-fibra-dobla-ya-al-adsl-en-las-poblaciones-mas-pequenas\/","name":"Espa\u00f1a y las TIC 2T2021 (II): la fibra dobla ya al ADSL en las poblaciones m\u00e1s peque\u00f1as - UGT Comunicaciones","isPartOf":{"@id":"https:\/\/www.ugtcomunicaciones.es\/wordpress\/#website"},"primaryImageOfPage":{"@id":"https:\/\/www.ugtcomunicaciones.es\/wordpress\/espana-y-las-tic-2t2021-ii-la-fibra-dobla-ya-al-adsl-en-las-poblaciones-mas-pequenas\/#primaryimage"},"image":{"@id":"https:\/\/www.ugtcomunicaciones.es\/wordpress\/espana-y-las-tic-2t2021-ii-la-fibra-dobla-ya-al-adsl-en-las-poblaciones-mas-pequenas\/#primaryimage"},"thumbnailUrl":"https:\/\/www.ugtcomunicaciones.es\/wordpress\/wp-content\/uploads\/2021\/09\/espana-fibra-optica-oscura.jpg","datePublished":"2021-12-27T05:00:40+00:00","breadcrumb":{"@id":"https:\/\/www.ugtcomunicaciones.es\/wordpress\/espana-y-las-tic-2t2021-ii-la-fibra-dobla-ya-al-adsl-en-las-poblaciones-mas-pequenas\/#breadcrumb"},"inLanguage":"es","potentialAction":[{"@type":"ReadAction","target":["https:\/\/www.ugtcomunicaciones.es\/wordpress\/espana-y-las-tic-2t2021-ii-la-fibra-dobla-ya-al-adsl-en-las-poblaciones-mas-pequenas\/"]}]},{"@type":"ImageObject","inLanguage":"es","@id":"https:\/\/www.ugtcomunicaciones.es\/wordpress\/espana-y-las-tic-2t2021-ii-la-fibra-dobla-ya-al-adsl-en-las-poblaciones-mas-pequenas\/#primaryimage","url":"https:\/\/www.ugtcomunicaciones.es\/wordpress\/wp-content\/uploads\/2021\/09\/espana-fibra-optica-oscura.jpg","contentUrl":"https:\/\/www.ugtcomunicaciones.es\/wordpress\/wp-content\/uploads\/2021\/09\/espana-fibra-optica-oscura.jpg","width":600,"height":314},{"@type":"BreadcrumbList","@id":"https:\/\/www.ugtcomunicaciones.es\/wordpress\/espana-y-las-tic-2t2021-ii-la-fibra-dobla-ya-al-adsl-en-las-poblaciones-mas-pequenas\/#breadcrumb","itemListElement":[{"@type":"ListItem","position":1,"name":"Portada","item":"https:\/\/www.ugtcomunicaciones.es\/wordpress\/"},{"@type":"ListItem","position":2,"name":"Espa\u00f1a y las TIC 2T2021 (II): la fibra dobla ya al ADSL en las poblaciones m\u00e1s peque\u00f1as"}]},{"@type":"WebSite","@id":"https:\/\/www.ugtcomunicaciones.es\/wordpress\/#website","url":"https:\/\/www.ugtcomunicaciones.es\/wordpress\/","name":"UGT Comunicaciones","description":"Sindicato de Telecomunicaciones","publisher":{"@id":"https:\/\/www.ugtcomunicaciones.es\/wordpress\/#organization"},"potentialAction":[{"@type":"SearchAction","target":{"@type":"EntryPoint","urlTemplate":"https:\/\/www.ugtcomunicaciones.es\/wordpress\/?s={search_term_string}"},"query-input":{"@type":"PropertyValueSpecification","valueRequired":true,"valueName":"search_term_string"}}],"inLanguage":"es"},{"@type":"Organization","@id":"https:\/\/www.ugtcomunicaciones.es\/wordpress\/#organization","name":"UGT Comunicaciones","url":"https:\/\/www.ugtcomunicaciones.es\/wordpress\/","logo":{"@type":"ImageObject","inLanguage":"es","@id":"https:\/\/www.ugtcomunicaciones.es\/wordpress\/#\/schema\/logo\/image\/","url":"https:\/\/www.ugtcomunicaciones.es\/wordpress\/wp-content\/uploads\/2024\/04\/comunicaciones_logo.png","contentUrl":"https:\/\/www.ugtcomunicaciones.es\/wordpress\/wp-content\/uploads\/2024\/04\/comunicaciones_logo.png","width":298,"height":81,"caption":"UGT Comunicaciones"},"image":{"@id":"https:\/\/www.ugtcomunicaciones.es\/wordpress\/#\/schema\/logo\/image\/"},"sameAs":["https:\/\/www.facebook.com\/ugt.comunicaciones\/","https:\/\/x.com\/ugtcom"]},{"@type":"Person","@id":"https:\/\/www.ugtcomunicaciones.es\/wordpress\/#\/schema\/person\/eba0fc3fe5b444531d94d4368cba89ed","name":"UGT","image":{"@type":"ImageObject","inLanguage":"es","@id":"https:\/\/secure.gravatar.com\/avatar\/2a16057d620a4c646bcfc171c4f23030879ebbdd346f0525bd5d4a564e57e13d?s=96&d=mm&r=g","url":"https:\/\/secure.gravatar.com\/avatar\/2a16057d620a4c646bcfc171c4f23030879ebbdd346f0525bd5d4a564e57e13d?s=96&d=mm&r=g","contentUrl":"https:\/\/secure.gravatar.com\/avatar\/2a16057d620a4c646bcfc171c4f23030879ebbdd346f0525bd5d4a564e57e13d?s=96&d=mm&r=g","caption":"UGT"}}]}},"_links":{"self":[{"href":"https:\/\/www.ugtcomunicaciones.es\/wordpress\/wp-json\/wp\/v2\/posts\/947776","targetHints":{"allow":["GET"]}}],"collection":[{"href":"https:\/\/www.ugtcomunicaciones.es\/wordpress\/wp-json\/wp\/v2\/posts"}],"about":[{"href":"https:\/\/www.ugtcomunicaciones.es\/wordpress\/wp-json\/wp\/v2\/types\/post"}],"author":[{"embeddable":true,"href":"https:\/\/www.ugtcomunicaciones.es\/wordpress\/wp-json\/wp\/v2\/users\/3"}],"replies":[{"embeddable":true,"href":"https:\/\/www.ugtcomunicaciones.es\/wordpress\/wp-json\/wp\/v2\/comments?post=947776"}],"version-history":[{"count":0,"href":"https:\/\/www.ugtcomunicaciones.es\/wordpress\/wp-json\/wp\/v2\/posts\/947776\/revisions"}],"wp:featuredmedia":[{"embeddable":true,"href":"https:\/\/www.ugtcomunicaciones.es\/wordpress\/wp-json\/wp\/v2\/media\/901270"}],"wp:attachment":[{"href":"https:\/\/www.ugtcomunicaciones.es\/wordpress\/wp-json\/wp\/v2\/media?parent=947776"}],"wp:term":[{"taxonomy":"category","embeddable":true,"href":"https:\/\/www.ugtcomunicaciones.es\/wordpress\/wp-json\/wp\/v2\/categories?post=947776"},{"taxonomy":"post_tag","embeddable":true,"href":"https:\/\/www.ugtcomunicaciones.es\/wordpress\/wp-json\/wp\/v2\/tags?post=947776"}],"curies":[{"name":"wp","href":"https:\/\/api.w.org\/{rel}","templated":true}]}}