{"id":947905,"date":"2021-12-21T19:07:05","date_gmt":"2021-12-21T17:07:05","guid":{"rendered":"https:\/\/www.ugtcomunicaciones.es\/wordpress\/?p=947905"},"modified":"2021-12-21T19:11:40","modified_gmt":"2021-12-21T17:11:40","slug":"retomamos-las-medidas-extraordinarias-100-teletrabajo-voluntario-hasta-el-9-de-enero","status":"publish","type":"post","link":"https:\/\/www.ugtcomunicaciones.es\/wordpress\/retomamos-las-medidas-extraordinarias-100-teletrabajo-voluntario-hasta-el-9-de-enero\/","title":{"rendered":"Retomamos las medidas extraordinarias: 100 % Teletrabajo voluntario hasta el 9 de enero."},"content":{"rendered":"<p style=\"text-align: justify;\">Tras la convocatoria de\u00a0<span style=\"color: #ff0000;\"><strong>UGT<\/strong><\/span>\u00a0de la Comisi\u00f3n de Seguimiento de la Covid-19\u00a0en Telef\u00f3nica de Espa\u00f1a, de forma\u00a0urgente, para evaluar<strong> la situaci\u00f3n actual<\/strong>\u00a0de la pandemia a fin de\u00a0<strong>adaptar las medidas de flexibilidad vigentes\u00a0<\/strong>a las circunstancias del\u00a0momento, en<strong>\u00a0el d\u00eda de hoy se ha reunido dicha Comisi\u00f3n<\/strong>.<\/p>\n<p style=\"text-align: justify;\">Recordemos que, desde el inicio de la pandemia\u00a0<span style=\"color: #ff0000;\"><strong>UGT<\/strong><\/span>\u00a0ha\u00a0venido insistiendo ante la empresa que, por encima de cualquier otro inter\u00e9s, est\u00e1\u00a0<strong>la seguridad y la salud de todas las personas trabajadoras<\/strong>\u00a0y, por supuesto, de sus familias y de la sociedad en general, siendo necesario el esfuerzo y la solidaridad colectiva para superar esta grave crisis sanitaria.<\/p>\n<p style=\"text-align: justify;\">A fecha de hoy, los principales indicadores de la evoluci\u00f3n de la pandemia,\u00a0incidencia acumulada, presi\u00f3n hospitalaria, saturaci\u00f3n de los centros de salud etc., se est\u00e1n\u00a0disparando\u00a0de forma exponencial.\u00a0 <strong>Aprovechando la experiencia adquirida<\/strong>\u00a0en las anteriores olas, <span style=\"color: #ff0000;\"><strong>UGT<\/strong><\/span> considera imprescindible\u00a0adoptar medidas\u00a0que\u00a0incidan en\u00a0la disminuci\u00f3n de la exposici\u00f3n\u00a0al virus.<\/p>\n<p style=\"text-align: justify;\">As\u00ed, en la reuni\u00f3n de\u00a0hoy se ha acordado\u00a0<strong>conceder el\u00a0100% de flexibilidad\u00a0voluntaria para teletrabajar<\/strong>, prolongando dicha situaci\u00f3n\u00a0<strong>hasta el pr\u00f3ximo 9 de enero<\/strong>,\u00a0retomando posteriormente a esta\u00a0fecha los\u00a0actuales 2 d\u00edas de Teletrabajo regulado m\u00e1s uno adicional flexible.<\/p>\n<p style=\"text-align: justify;\">Asimismo, se adquiere el <strong>compromiso <\/strong>de celebrar una nueva reuni\u00f3n de la Comisi\u00f3n de Seguimiento para <strong>adoptar las medidas que se estimasen precisas en ese momento<\/strong>, incluida la posibilidad de ampliar en el tiempo la citada flexibilidad si la <strong>incidencia del\u00a0Covid\u00a0persistiera<\/strong>.<\/p>\n<p style=\"text-align: justify;\">Continuaran <strong>las medidas actualmente vigentes, personas que \u00fanicamente disponen de PC de sobremesa hasta que dispongan de los equipos adecuados<\/strong>, <strong>aquellas con hijos\/as que cursen hasta 4\u00ba de la ESO y sean declarados en cuarentena, personas que sean contacto estrecho, personal sensible\u2026\u00a0etc.<\/strong><\/p>\n<p style=\"text-align: justify;\">A petici\u00f3n de <span style=\"color: #ff0000;\"><strong>UGT<\/strong><\/span>, en el caso de la <strong>utilizaci\u00f3n de veh\u00edculos<\/strong> se va a promover la <strong>minimizaci\u00f3n<\/strong> de su uso y en aquellos casos que sea posible se facilitar\u00e1 que sea de <strong>manera individual<\/strong>. Adem\u00e1s, se reforzar\u00e1 y recordar\u00e1 el protocolo de limpieza establecido.<strong>\u00a0<\/strong><\/p>\n<p style=\"text-align: justify;\"><span style=\"color: #ff0000;\"><strong>UGT <\/strong><\/span>tambi\u00e9n ha solicitado prestar especial atenci\u00f3n a los puntos de venta, reforzando las medidas de profilaxis.<\/p>\n<p style=\"text-align: justify;\"><span style=\"color: #ff0000;\"><strong>UGT<\/strong><\/span>, conscientes del cansancio y la presi\u00f3n que esta larga crisis viene provocando en el conjunto de nuestra sociedad, hacemos un llamamiento para que <strong>las personas trabajadoras de nuestra empresa mantengan la responsabilidad individual y social demostrada hasta la fecha<\/strong>, atendiendo y exigiendo las medidas higi\u00e9nicas y sanitarias que hemos acordado en nuestra empresa <strong>para la seguridad de todos<\/strong>, para poder retomar nuestras vidas cuanto antes.<\/p>\n<h4 style=\"text-align: right;\"><strong><span style=\"color: #ff0000;\">UGT<\/span> Comunicaciones<\/strong><\/h4>\n","protected":false},"excerpt":{"rendered":"<p>Tras la convocatoria de\u00a0UGT\u00a0de la Comisi\u00f3n de Seguimiento de la Covid-19\u00a0en Telef\u00f3nica de Espa\u00f1a, de forma\u00a0urgente, para evaluar la situaci\u00f3n actual\u00a0de la pandemia a fin de\u00a0adaptar las medidas de flexibilidad vigentes\u00a0a las circunstancias del\u00a0momento, en\u00a0el d\u00eda de hoy se ha reunido dicha Comisi\u00f3n. Recordemos que, desde el inicio de la pandemia\u00a0UGT\u00a0ha\u00a0venido insistiendo ante la empresa [&hellip;]<\/p>\n","protected":false},"author":3,"featured_media":662368,"comment_status":"closed","ping_status":"closed","sticky":false,"template":"","format":"standard","meta":{"footnotes":""},"categories":[8,25,7,26],"tags":[],"class_list":["post-947905","post","type-post","status-publish","format-standard","has-post-thumbnail","hentry","category-telefonica-cev","category-telefonica","category-telefonica-moviles","category-telefonica-soluciones"],"yoast_head":"<!-- This site is optimized with the Yoast SEO Premium plugin v27.3 (Yoast SEO v27.4) - https:\/\/yoast.com\/product\/yoast-seo-premium-wordpress\/ -->\n<title>Retomamos las medidas extraordinarias: 100 % Teletrabajo voluntario hasta el 9 de enero. - UGT Comunicaciones<\/title>\n<meta name=\"robots\" content=\"index, follow, max-snippet:-1, max-image-preview:large, max-video-preview:-1\" \/>\n<link rel=\"canonical\" href=\"https:\/\/www.ugtcomunicaciones.es\/wordpress\/retomamos-las-medidas-extraordinarias-100-teletrabajo-voluntario-hasta-el-9-de-enero\/\" \/>\n<meta property=\"og:locale\" content=\"es_ES\" \/>\n<meta property=\"og:type\" content=\"article\" \/>\n<meta property=\"og:title\" content=\"Retomamos las medidas extraordinarias: 100 % Teletrabajo voluntario hasta el 9 de enero.\" \/>\n<meta property=\"og:description\" content=\"Tras la convocatoria de\u00a0UGT\u00a0de la Comisi\u00f3n de Seguimiento de la Covid-19\u00a0en Telef\u00f3nica de Espa\u00f1a, de forma\u00a0urgente, para evaluar la situaci\u00f3n actual\u00a0de la pandemia a fin de\u00a0adaptar las medidas de flexibilidad vigentes\u00a0a las circunstancias del\u00a0momento, en\u00a0el d\u00eda de hoy se ha reunido dicha Comisi\u00f3n. Recordemos que, desde el inicio de la pandemia\u00a0UGT\u00a0ha\u00a0venido insistiendo ante la empresa [&hellip;]\" \/>\n<meta property=\"og:url\" content=\"https:\/\/www.ugtcomunicaciones.es\/wordpress\/retomamos-las-medidas-extraordinarias-100-teletrabajo-voluntario-hasta-el-9-de-enero\/\" \/>\n<meta property=\"og:site_name\" content=\"UGT Comunicaciones\" \/>\n<meta property=\"article:publisher\" content=\"https:\/\/www.facebook.com\/ugt.comunicaciones\/\" \/>\n<meta property=\"article:published_time\" content=\"2021-12-21T17:07:05+00:00\" \/>\n<meta property=\"article:modified_time\" content=\"2021-12-21T17:11:40+00:00\" \/>\n<meta property=\"og:image\" content=\"https:\/\/www.ugtcomunicaciones.es\/wordpress\/wp-content\/uploads\/2020\/09\/covid-19-4938932_640.jpg\" \/>\n\t<meta property=\"og:image:width\" content=\"640\" \/>\n\t<meta property=\"og:image:height\" content=\"427\" \/>\n\t<meta property=\"og:image:type\" content=\"image\/jpeg\" \/>\n<meta name=\"author\" content=\"UGT\" \/>\n<meta name=\"twitter:card\" content=\"summary_large_image\" \/>\n<meta name=\"twitter:creator\" content=\"@ugtcom\" \/>\n<meta name=\"twitter:site\" content=\"@ugtcom\" \/>\n<meta name=\"twitter:label1\" content=\"Escrito por\" \/>\n\t<meta name=\"twitter:data1\" content=\"UGT\" \/>\n\t<meta name=\"twitter:label2\" content=\"Tiempo de lectura\" \/>\n\t<meta name=\"twitter:data2\" content=\"2 minutos\" \/>\n<script type=\"application\/ld+json\" class=\"yoast-schema-graph\">{\"@context\":\"https:\\\/\\\/schema.org\",\"@graph\":[{\"@type\":\"Article\",\"@id\":\"https:\\\/\\\/www.ugtcomunicaciones.es\\\/wordpress\\\/retomamos-las-medidas-extraordinarias-100-teletrabajo-voluntario-hasta-el-9-de-enero\\\/#article\",\"isPartOf\":{\"@id\":\"https:\\\/\\\/www.ugtcomunicaciones.es\\\/wordpress\\\/retomamos-las-medidas-extraordinarias-100-teletrabajo-voluntario-hasta-el-9-de-enero\\\/\"},\"author\":{\"name\":\"UGT\",\"@id\":\"https:\\\/\\\/www.ugtcomunicaciones.es\\\/wordpress\\\/#\\\/schema\\\/person\\\/eba0fc3fe5b444531d94d4368cba89ed\"},\"headline\":\"Retomamos las medidas extraordinarias: 100 % Teletrabajo voluntario hasta el 9 de enero.\",\"datePublished\":\"2021-12-21T17:07:05+00:00\",\"dateModified\":\"2021-12-21T17:11:40+00:00\",\"mainEntityOfPage\":{\"@id\":\"https:\\\/\\\/www.ugtcomunicaciones.es\\\/wordpress\\\/retomamos-las-medidas-extraordinarias-100-teletrabajo-voluntario-hasta-el-9-de-enero\\\/\"},\"wordCount\":458,\"publisher\":{\"@id\":\"https:\\\/\\\/www.ugtcomunicaciones.es\\\/wordpress\\\/#organization\"},\"image\":{\"@id\":\"https:\\\/\\\/www.ugtcomunicaciones.es\\\/wordpress\\\/retomamos-las-medidas-extraordinarias-100-teletrabajo-voluntario-hasta-el-9-de-enero\\\/#primaryimage\"},\"thumbnailUrl\":\"https:\\\/\\\/www.ugtcomunicaciones.es\\\/wordpress\\\/wp-content\\\/uploads\\\/2020\\\/09\\\/covid-19-4938932_640.jpg\",\"articleSection\":[\"Telef\u00f3nica CEV\",\"Telef\u00f3nica de Espa\u00f1a\",\"Telef\u00f3nica M\u00f3viles\",\"Telef\u00f3nica Soluciones\"],\"inLanguage\":\"es\"},{\"@type\":\"WebPage\",\"@id\":\"https:\\\/\\\/www.ugtcomunicaciones.es\\\/wordpress\\\/retomamos-las-medidas-extraordinarias-100-teletrabajo-voluntario-hasta-el-9-de-enero\\\/\",\"url\":\"https:\\\/\\\/www.ugtcomunicaciones.es\\\/wordpress\\\/retomamos-las-medidas-extraordinarias-100-teletrabajo-voluntario-hasta-el-9-de-enero\\\/\",\"name\":\"Retomamos las medidas extraordinarias: 100 % Teletrabajo voluntario hasta el 9 de enero. - UGT Comunicaciones\",\"isPartOf\":{\"@id\":\"https:\\\/\\\/www.ugtcomunicaciones.es\\\/wordpress\\\/#website\"},\"primaryImageOfPage\":{\"@id\":\"https:\\\/\\\/www.ugtcomunicaciones.es\\\/wordpress\\\/retomamos-las-medidas-extraordinarias-100-teletrabajo-voluntario-hasta-el-9-de-enero\\\/#primaryimage\"},\"image\":{\"@id\":\"https:\\\/\\\/www.ugtcomunicaciones.es\\\/wordpress\\\/retomamos-las-medidas-extraordinarias-100-teletrabajo-voluntario-hasta-el-9-de-enero\\\/#primaryimage\"},\"thumbnailUrl\":\"https:\\\/\\\/www.ugtcomunicaciones.es\\\/wordpress\\\/wp-content\\\/uploads\\\/2020\\\/09\\\/covid-19-4938932_640.jpg\",\"datePublished\":\"2021-12-21T17:07:05+00:00\",\"dateModified\":\"2021-12-21T17:11:40+00:00\",\"breadcrumb\":{\"@id\":\"https:\\\/\\\/www.ugtcomunicaciones.es\\\/wordpress\\\/retomamos-las-medidas-extraordinarias-100-teletrabajo-voluntario-hasta-el-9-de-enero\\\/#breadcrumb\"},\"inLanguage\":\"es\",\"potentialAction\":[{\"@type\":\"ReadAction\",\"target\":[\"https:\\\/\\\/www.ugtcomunicaciones.es\\\/wordpress\\\/retomamos-las-medidas-extraordinarias-100-teletrabajo-voluntario-hasta-el-9-de-enero\\\/\"]}]},{\"@type\":\"ImageObject\",\"inLanguage\":\"es\",\"@id\":\"https:\\\/\\\/www.ugtcomunicaciones.es\\\/wordpress\\\/retomamos-las-medidas-extraordinarias-100-teletrabajo-voluntario-hasta-el-9-de-enero\\\/#primaryimage\",\"url\":\"https:\\\/\\\/www.ugtcomunicaciones.es\\\/wordpress\\\/wp-content\\\/uploads\\\/2020\\\/09\\\/covid-19-4938932_640.jpg\",\"contentUrl\":\"https:\\\/\\\/www.ugtcomunicaciones.es\\\/wordpress\\\/wp-content\\\/uploads\\\/2020\\\/09\\\/covid-19-4938932_640.jpg\",\"width\":640,\"height\":427},{\"@type\":\"BreadcrumbList\",\"@id\":\"https:\\\/\\\/www.ugtcomunicaciones.es\\\/wordpress\\\/retomamos-las-medidas-extraordinarias-100-teletrabajo-voluntario-hasta-el-9-de-enero\\\/#breadcrumb\",\"itemListElement\":[{\"@type\":\"ListItem\",\"position\":1,\"name\":\"Portada\",\"item\":\"https:\\\/\\\/www.ugtcomunicaciones.es\\\/wordpress\\\/\"},{\"@type\":\"ListItem\",\"position\":2,\"name\":\"Retomamos las medidas extraordinarias: 100 % Teletrabajo voluntario hasta el 9 de enero.\"}]},{\"@type\":\"WebSite\",\"@id\":\"https:\\\/\\\/www.ugtcomunicaciones.es\\\/wordpress\\\/#website\",\"url\":\"https:\\\/\\\/www.ugtcomunicaciones.es\\\/wordpress\\\/\",\"name\":\"UGT Comunicaciones\",\"description\":\"Sindicato de Telecomunicaciones\",\"publisher\":{\"@id\":\"https:\\\/\\\/www.ugtcomunicaciones.es\\\/wordpress\\\/#organization\"},\"potentialAction\":[{\"@type\":\"SearchAction\",\"target\":{\"@type\":\"EntryPoint\",\"urlTemplate\":\"https:\\\/\\\/www.ugtcomunicaciones.es\\\/wordpress\\\/?s={search_term_string}\"},\"query-input\":{\"@type\":\"PropertyValueSpecification\",\"valueRequired\":true,\"valueName\":\"search_term_string\"}}],\"inLanguage\":\"es\"},{\"@type\":\"Organization\",\"@id\":\"https:\\\/\\\/www.ugtcomunicaciones.es\\\/wordpress\\\/#organization\",\"name\":\"UGT Comunicaciones\",\"url\":\"https:\\\/\\\/www.ugtcomunicaciones.es\\\/wordpress\\\/\",\"logo\":{\"@type\":\"ImageObject\",\"inLanguage\":\"es\",\"@id\":\"https:\\\/\\\/www.ugtcomunicaciones.es\\\/wordpress\\\/#\\\/schema\\\/logo\\\/image\\\/\",\"url\":\"https:\\\/\\\/www.ugtcomunicaciones.es\\\/wordpress\\\/wp-content\\\/uploads\\\/2024\\\/04\\\/comunicaciones_logo.png\",\"contentUrl\":\"https:\\\/\\\/www.ugtcomunicaciones.es\\\/wordpress\\\/wp-content\\\/uploads\\\/2024\\\/04\\\/comunicaciones_logo.png\",\"width\":298,\"height\":81,\"caption\":\"UGT Comunicaciones\"},\"image\":{\"@id\":\"https:\\\/\\\/www.ugtcomunicaciones.es\\\/wordpress\\\/#\\\/schema\\\/logo\\\/image\\\/\"},\"sameAs\":[\"https:\\\/\\\/www.facebook.com\\\/ugt.comunicaciones\\\/\",\"https:\\\/\\\/x.com\\\/ugtcom\"]},{\"@type\":\"Person\",\"@id\":\"https:\\\/\\\/www.ugtcomunicaciones.es\\\/wordpress\\\/#\\\/schema\\\/person\\\/eba0fc3fe5b444531d94d4368cba89ed\",\"name\":\"UGT\",\"image\":{\"@type\":\"ImageObject\",\"inLanguage\":\"es\",\"@id\":\"https:\\\/\\\/secure.gravatar.com\\\/avatar\\\/2a16057d620a4c646bcfc171c4f23030879ebbdd346f0525bd5d4a564e57e13d?s=96&d=mm&r=g\",\"url\":\"https:\\\/\\\/secure.gravatar.com\\\/avatar\\\/2a16057d620a4c646bcfc171c4f23030879ebbdd346f0525bd5d4a564e57e13d?s=96&d=mm&r=g\",\"contentUrl\":\"https:\\\/\\\/secure.gravatar.com\\\/avatar\\\/2a16057d620a4c646bcfc171c4f23030879ebbdd346f0525bd5d4a564e57e13d?s=96&d=mm&r=g\",\"caption\":\"UGT\"}}]}<\/script>\n<!-- \/ Yoast SEO Premium plugin. -->","yoast_head_json":{"title":"Retomamos las medidas extraordinarias: 100 % Teletrabajo voluntario hasta el 9 de enero. - UGT Comunicaciones","robots":{"index":"index","follow":"follow","max-snippet":"max-snippet:-1","max-image-preview":"max-image-preview:large","max-video-preview":"max-video-preview:-1"},"canonical":"https:\/\/www.ugtcomunicaciones.es\/wordpress\/retomamos-las-medidas-extraordinarias-100-teletrabajo-voluntario-hasta-el-9-de-enero\/","og_locale":"es_ES","og_type":"article","og_title":"Retomamos las medidas extraordinarias: 100 % Teletrabajo voluntario hasta el 9 de enero.","og_description":"Tras la convocatoria de\u00a0UGT\u00a0de la Comisi\u00f3n de Seguimiento de la Covid-19\u00a0en Telef\u00f3nica de Espa\u00f1a, de forma\u00a0urgente, para evaluar la situaci\u00f3n actual\u00a0de la pandemia a fin de\u00a0adaptar las medidas de flexibilidad vigentes\u00a0a las circunstancias del\u00a0momento, en\u00a0el d\u00eda de hoy se ha reunido dicha Comisi\u00f3n. Recordemos que, desde el inicio de la pandemia\u00a0UGT\u00a0ha\u00a0venido insistiendo ante la empresa [&hellip;]","og_url":"https:\/\/www.ugtcomunicaciones.es\/wordpress\/retomamos-las-medidas-extraordinarias-100-teletrabajo-voluntario-hasta-el-9-de-enero\/","og_site_name":"UGT Comunicaciones","article_publisher":"https:\/\/www.facebook.com\/ugt.comunicaciones\/","article_published_time":"2021-12-21T17:07:05+00:00","article_modified_time":"2021-12-21T17:11:40+00:00","og_image":[{"width":640,"height":427,"url":"https:\/\/www.ugtcomunicaciones.es\/wordpress\/wp-content\/uploads\/2020\/09\/covid-19-4938932_640.jpg","type":"image\/jpeg"}],"author":"UGT","twitter_card":"summary_large_image","twitter_creator":"@ugtcom","twitter_site":"@ugtcom","twitter_misc":{"Escrito por":"UGT","Tiempo de lectura":"2 minutos"},"schema":{"@context":"https:\/\/schema.org","@graph":[{"@type":"Article","@id":"https:\/\/www.ugtcomunicaciones.es\/wordpress\/retomamos-las-medidas-extraordinarias-100-teletrabajo-voluntario-hasta-el-9-de-enero\/#article","isPartOf":{"@id":"https:\/\/www.ugtcomunicaciones.es\/wordpress\/retomamos-las-medidas-extraordinarias-100-teletrabajo-voluntario-hasta-el-9-de-enero\/"},"author":{"name":"UGT","@id":"https:\/\/www.ugtcomunicaciones.es\/wordpress\/#\/schema\/person\/eba0fc3fe5b444531d94d4368cba89ed"},"headline":"Retomamos las medidas extraordinarias: 100 % Teletrabajo voluntario hasta el 9 de enero.","datePublished":"2021-12-21T17:07:05+00:00","dateModified":"2021-12-21T17:11:40+00:00","mainEntityOfPage":{"@id":"https:\/\/www.ugtcomunicaciones.es\/wordpress\/retomamos-las-medidas-extraordinarias-100-teletrabajo-voluntario-hasta-el-9-de-enero\/"},"wordCount":458,"publisher":{"@id":"https:\/\/www.ugtcomunicaciones.es\/wordpress\/#organization"},"image":{"@id":"https:\/\/www.ugtcomunicaciones.es\/wordpress\/retomamos-las-medidas-extraordinarias-100-teletrabajo-voluntario-hasta-el-9-de-enero\/#primaryimage"},"thumbnailUrl":"https:\/\/www.ugtcomunicaciones.es\/wordpress\/wp-content\/uploads\/2020\/09\/covid-19-4938932_640.jpg","articleSection":["Telef\u00f3nica CEV","Telef\u00f3nica de Espa\u00f1a","Telef\u00f3nica M\u00f3viles","Telef\u00f3nica Soluciones"],"inLanguage":"es"},{"@type":"WebPage","@id":"https:\/\/www.ugtcomunicaciones.es\/wordpress\/retomamos-las-medidas-extraordinarias-100-teletrabajo-voluntario-hasta-el-9-de-enero\/","url":"https:\/\/www.ugtcomunicaciones.es\/wordpress\/retomamos-las-medidas-extraordinarias-100-teletrabajo-voluntario-hasta-el-9-de-enero\/","name":"Retomamos las medidas extraordinarias: 100 % Teletrabajo voluntario hasta el 9 de enero. - UGT Comunicaciones","isPartOf":{"@id":"https:\/\/www.ugtcomunicaciones.es\/wordpress\/#website"},"primaryImageOfPage":{"@id":"https:\/\/www.ugtcomunicaciones.es\/wordpress\/retomamos-las-medidas-extraordinarias-100-teletrabajo-voluntario-hasta-el-9-de-enero\/#primaryimage"},"image":{"@id":"https:\/\/www.ugtcomunicaciones.es\/wordpress\/retomamos-las-medidas-extraordinarias-100-teletrabajo-voluntario-hasta-el-9-de-enero\/#primaryimage"},"thumbnailUrl":"https:\/\/www.ugtcomunicaciones.es\/wordpress\/wp-content\/uploads\/2020\/09\/covid-19-4938932_640.jpg","datePublished":"2021-12-21T17:07:05+00:00","dateModified":"2021-12-21T17:11:40+00:00","breadcrumb":{"@id":"https:\/\/www.ugtcomunicaciones.es\/wordpress\/retomamos-las-medidas-extraordinarias-100-teletrabajo-voluntario-hasta-el-9-de-enero\/#breadcrumb"},"inLanguage":"es","potentialAction":[{"@type":"ReadAction","target":["https:\/\/www.ugtcomunicaciones.es\/wordpress\/retomamos-las-medidas-extraordinarias-100-teletrabajo-voluntario-hasta-el-9-de-enero\/"]}]},{"@type":"ImageObject","inLanguage":"es","@id":"https:\/\/www.ugtcomunicaciones.es\/wordpress\/retomamos-las-medidas-extraordinarias-100-teletrabajo-voluntario-hasta-el-9-de-enero\/#primaryimage","url":"https:\/\/www.ugtcomunicaciones.es\/wordpress\/wp-content\/uploads\/2020\/09\/covid-19-4938932_640.jpg","contentUrl":"https:\/\/www.ugtcomunicaciones.es\/wordpress\/wp-content\/uploads\/2020\/09\/covid-19-4938932_640.jpg","width":640,"height":427},{"@type":"BreadcrumbList","@id":"https:\/\/www.ugtcomunicaciones.es\/wordpress\/retomamos-las-medidas-extraordinarias-100-teletrabajo-voluntario-hasta-el-9-de-enero\/#breadcrumb","itemListElement":[{"@type":"ListItem","position":1,"name":"Portada","item":"https:\/\/www.ugtcomunicaciones.es\/wordpress\/"},{"@type":"ListItem","position":2,"name":"Retomamos las medidas extraordinarias: 100 % Teletrabajo voluntario hasta el 9 de enero."}]},{"@type":"WebSite","@id":"https:\/\/www.ugtcomunicaciones.es\/wordpress\/#website","url":"https:\/\/www.ugtcomunicaciones.es\/wordpress\/","name":"UGT Comunicaciones","description":"Sindicato de Telecomunicaciones","publisher":{"@id":"https:\/\/www.ugtcomunicaciones.es\/wordpress\/#organization"},"potentialAction":[{"@type":"SearchAction","target":{"@type":"EntryPoint","urlTemplate":"https:\/\/www.ugtcomunicaciones.es\/wordpress\/?s={search_term_string}"},"query-input":{"@type":"PropertyValueSpecification","valueRequired":true,"valueName":"search_term_string"}}],"inLanguage":"es"},{"@type":"Organization","@id":"https:\/\/www.ugtcomunicaciones.es\/wordpress\/#organization","name":"UGT Comunicaciones","url":"https:\/\/www.ugtcomunicaciones.es\/wordpress\/","logo":{"@type":"ImageObject","inLanguage":"es","@id":"https:\/\/www.ugtcomunicaciones.es\/wordpress\/#\/schema\/logo\/image\/","url":"https:\/\/www.ugtcomunicaciones.es\/wordpress\/wp-content\/uploads\/2024\/04\/comunicaciones_logo.png","contentUrl":"https:\/\/www.ugtcomunicaciones.es\/wordpress\/wp-content\/uploads\/2024\/04\/comunicaciones_logo.png","width":298,"height":81,"caption":"UGT Comunicaciones"},"image":{"@id":"https:\/\/www.ugtcomunicaciones.es\/wordpress\/#\/schema\/logo\/image\/"},"sameAs":["https:\/\/www.facebook.com\/ugt.comunicaciones\/","https:\/\/x.com\/ugtcom"]},{"@type":"Person","@id":"https:\/\/www.ugtcomunicaciones.es\/wordpress\/#\/schema\/person\/eba0fc3fe5b444531d94d4368cba89ed","name":"UGT","image":{"@type":"ImageObject","inLanguage":"es","@id":"https:\/\/secure.gravatar.com\/avatar\/2a16057d620a4c646bcfc171c4f23030879ebbdd346f0525bd5d4a564e57e13d?s=96&d=mm&r=g","url":"https:\/\/secure.gravatar.com\/avatar\/2a16057d620a4c646bcfc171c4f23030879ebbdd346f0525bd5d4a564e57e13d?s=96&d=mm&r=g","contentUrl":"https:\/\/secure.gravatar.com\/avatar\/2a16057d620a4c646bcfc171c4f23030879ebbdd346f0525bd5d4a564e57e13d?s=96&d=mm&r=g","caption":"UGT"}}]}},"_links":{"self":[{"href":"https:\/\/www.ugtcomunicaciones.es\/wordpress\/wp-json\/wp\/v2\/posts\/947905","targetHints":{"allow":["GET"]}}],"collection":[{"href":"https:\/\/www.ugtcomunicaciones.es\/wordpress\/wp-json\/wp\/v2\/posts"}],"about":[{"href":"https:\/\/www.ugtcomunicaciones.es\/wordpress\/wp-json\/wp\/v2\/types\/post"}],"author":[{"embeddable":true,"href":"https:\/\/www.ugtcomunicaciones.es\/wordpress\/wp-json\/wp\/v2\/users\/3"}],"replies":[{"embeddable":true,"href":"https:\/\/www.ugtcomunicaciones.es\/wordpress\/wp-json\/wp\/v2\/comments?post=947905"}],"version-history":[{"count":0,"href":"https:\/\/www.ugtcomunicaciones.es\/wordpress\/wp-json\/wp\/v2\/posts\/947905\/revisions"}],"wp:featuredmedia":[{"embeddable":true,"href":"https:\/\/www.ugtcomunicaciones.es\/wordpress\/wp-json\/wp\/v2\/media\/662368"}],"wp:attachment":[{"href":"https:\/\/www.ugtcomunicaciones.es\/wordpress\/wp-json\/wp\/v2\/media?parent=947905"}],"wp:term":[{"taxonomy":"category","embeddable":true,"href":"https:\/\/www.ugtcomunicaciones.es\/wordpress\/wp-json\/wp\/v2\/categories?post=947905"},{"taxonomy":"post_tag","embeddable":true,"href":"https:\/\/www.ugtcomunicaciones.es\/wordpress\/wp-json\/wp\/v2\/tags?post=947905"}],"curies":[{"name":"wp","href":"https:\/\/api.w.org\/{rel}","templated":true}]}}