{"id":9483,"date":"2017-08-16T08:00:22","date_gmt":"2017-08-16T06:00:22","guid":{"rendered":"http:\/\/ugtcomunicaciones.es\/wordpress\/?p=9483"},"modified":"2017-08-11T12:06:02","modified_gmt":"2017-08-11T10:06:02","slug":"etno-annual-economic-report-2016","status":"publish","type":"post","link":"https:\/\/www.ugtcomunicaciones.es\/wordpress\/etno-annual-economic-report-2016\/","title":{"rendered":"ETNO annual economic report 2016"},"content":{"rendered":"<p style=\"text-align: justify;\"><img decoding=\"async\" class=\"wp-image-9548 alignleft lazyload\" data-src=\"http:\/\/ugtcomunicaciones.es\/wordpress\/wp-content\/uploads\/2017\/08\/etno_logo-1.png\" alt=\"\" width=\"177\" height=\"190\" data-srcset=\"https:\/\/www.ugtcomunicaciones.es\/wordpress\/wp-content\/uploads\/2017\/08\/etno_logo-1.png 600w, https:\/\/www.ugtcomunicaciones.es\/wordpress\/wp-content\/uploads\/2017\/08\/etno_logo-1-281x300.png 281w, https:\/\/www.ugtcomunicaciones.es\/wordpress\/wp-content\/uploads\/2017\/08\/etno_logo-1-394x420.png 394w\" data-sizes=\"(max-width: 177px) 100vw, 177px\" src=\"data:image\/svg+xml;base64,PHN2ZyB3aWR0aD0iMSIgaGVpZ2h0PSIxIiB4bWxucz0iaHR0cDovL3d3dy53My5vcmcvMjAwMC9zdmciPjwvc3ZnPg==\" style=\"--smush-placeholder-width: 177px; --smush-placeholder-aspect-ratio: 177\/190;\" \/>La patronal europea de operadores incumbentes (ETNO), que cuenta entre sus miembros a Telef\u00f3nica, Orange o BT, ha presentado su informe econ\u00f3mico anual<a href=\"#_ftn1\" name=\"_ftnref1\">[1]<\/a>, elaborado en colaboraci\u00f3n con IDATE.<\/p>\n<p style=\"text-align: justify;\">Este informe, aunque es evidente que est\u00e1 orientado a dar una visi\u00f3n \u201cde parte\u201d, ya que elude en muchas ocasiones datos clave de sus competidores, aporta no obstante una perspectiva muy interesante sobre nuestro Sector.<\/p>\n<p style=\"text-align: justify;\">As\u00ed, confirma que 2016 ser\u00e1 el primer a\u00f1o de recuperaci\u00f3n de las telecos europeas, tal y como ya pronosticaron a inicios de ejercicio<a href=\"#_ftn2\" name=\"_ftnref2\">[2]<\/a>, con un leve repunte de un +0,2%, despu\u00e9s de un lustro de fuertes ca\u00eddas en ingresos:<\/p>\n<p><img decoding=\"async\" class=\"aligncenter size-full wp-image-9562 lazyload\" data-src=\"http:\/\/ugtcomunicaciones.es\/wordpress\/wp-content\/uploads\/2017\/08\/etno_1.png\" alt=\"\" width=\"800\" height=\"547\" data-srcset=\"https:\/\/www.ugtcomunicaciones.es\/wordpress\/wp-content\/uploads\/2017\/08\/etno_1.png 800w, https:\/\/www.ugtcomunicaciones.es\/wordpress\/wp-content\/uploads\/2017\/08\/etno_1-300x205.png 300w, https:\/\/www.ugtcomunicaciones.es\/wordpress\/wp-content\/uploads\/2017\/08\/etno_1-768x525.png 768w, https:\/\/www.ugtcomunicaciones.es\/wordpress\/wp-content\/uploads\/2017\/08\/etno_1-614x420.png 614w, https:\/\/www.ugtcomunicaciones.es\/wordpress\/wp-content\/uploads\/2017\/08\/etno_1-640x438.png 640w, https:\/\/www.ugtcomunicaciones.es\/wordpress\/wp-content\/uploads\/2017\/08\/etno_1-681x466.png 681w\" data-sizes=\"(max-width: 800px) 100vw, 800px\" src=\"data:image\/svg+xml;base64,PHN2ZyB3aWR0aD0iMSIgaGVpZ2h0PSIxIiB4bWxucz0iaHR0cDovL3d3dy53My5vcmcvMjAwMC9zdmciPjwvc3ZnPg==\" style=\"--smush-placeholder-width: 800px; --smush-placeholder-aspect-ratio: 800\/547;\" \/><\/p>\n<p style=\"text-align: justify;\">Se constata que las aportaciones de las diferentes l\u00edneas de negocio han ido modific\u00e1ndose de forma muy plausible, tomando protagonismo de los datos en detrimento de la voz fija y m\u00f3vil\u2026<\/p>\n<p style=\"text-align: justify;\"><img decoding=\"async\" class=\"aligncenter size-full wp-image-9561 lazyload\" data-src=\"http:\/\/ugtcomunicaciones.es\/wordpress\/wp-content\/uploads\/2017\/08\/etno_2.png\" alt=\"\" width=\"922\" height=\"854\" data-srcset=\"https:\/\/www.ugtcomunicaciones.es\/wordpress\/wp-content\/uploads\/2017\/08\/etno_2.png 922w, https:\/\/www.ugtcomunicaciones.es\/wordpress\/wp-content\/uploads\/2017\/08\/etno_2-300x278.png 300w, https:\/\/www.ugtcomunicaciones.es\/wordpress\/wp-content\/uploads\/2017\/08\/etno_2-768x711.png 768w, https:\/\/www.ugtcomunicaciones.es\/wordpress\/wp-content\/uploads\/2017\/08\/etno_2-453x420.png 453w, https:\/\/www.ugtcomunicaciones.es\/wordpress\/wp-content\/uploads\/2017\/08\/etno_2-640x593.png 640w, https:\/\/www.ugtcomunicaciones.es\/wordpress\/wp-content\/uploads\/2017\/08\/etno_2-681x631.png 681w\" data-sizes=\"(max-width: 922px) 100vw, 922px\" src=\"data:image\/svg+xml;base64,PHN2ZyB3aWR0aD0iMSIgaGVpZ2h0PSIxIiB4bWxucz0iaHR0cDovL3d3dy53My5vcmcvMjAwMC9zdmciPjwvc3ZnPg==\" style=\"--smush-placeholder-width: 922px; --smush-placeholder-aspect-ratio: 922\/854;\" \/><\/p>\n<p style=\"text-align: justify;\">Hasta el punto de que los ingresos en telefon\u00eda m\u00f3vil se dividen a partes iguales entre voz y datos:<\/p>\n<p style=\"text-align: justify;\"><img decoding=\"async\" class=\"aligncenter size-full wp-image-9560 lazyload\" data-src=\"http:\/\/ugtcomunicaciones.es\/wordpress\/wp-content\/uploads\/2017\/08\/etno_3.png\" alt=\"\" width=\"600\" height=\"121\" data-srcset=\"https:\/\/www.ugtcomunicaciones.es\/wordpress\/wp-content\/uploads\/2017\/08\/etno_3.png 600w, https:\/\/www.ugtcomunicaciones.es\/wordpress\/wp-content\/uploads\/2017\/08\/etno_3-300x61.png 300w\" data-sizes=\"(max-width: 600px) 100vw, 600px\" src=\"data:image\/svg+xml;base64,PHN2ZyB3aWR0aD0iMSIgaGVpZ2h0PSIxIiB4bWxucz0iaHR0cDovL3d3dy53My5vcmcvMjAwMC9zdmciPjwvc3ZnPg==\" style=\"--smush-placeholder-width: 600px; --smush-placeholder-aspect-ratio: 600\/121;\" \/><\/p>\n<p style=\"text-align: justify;\">Mientras que nuevos nichos de negocio cobran mayor importancia, con las l\u00edneas M2M:<\/p>\n<p style=\"text-align: justify;\"><img decoding=\"async\" class=\"aligncenter wp-image-9559 size-full lazyload\" data-src=\"http:\/\/ugtcomunicaciones.es\/wordpress\/wp-content\/uploads\/2017\/08\/etno_4.png\" alt=\"\" width=\"600\" height=\"381\" data-srcset=\"https:\/\/www.ugtcomunicaciones.es\/wordpress\/wp-content\/uploads\/2017\/08\/etno_4.png 600w, https:\/\/www.ugtcomunicaciones.es\/wordpress\/wp-content\/uploads\/2017\/08\/etno_4-300x191.png 300w\" data-sizes=\"(max-width: 600px) 100vw, 600px\" src=\"data:image\/svg+xml;base64,PHN2ZyB3aWR0aD0iMSIgaGVpZ2h0PSIxIiB4bWxucz0iaHR0cDovL3d3dy53My5vcmcvMjAwMC9zdmciPjwvc3ZnPg==\" style=\"--smush-placeholder-width: 600px; --smush-placeholder-aspect-ratio: 600\/381;\" \/><\/p>\n<p style=\"text-align: justify;\">Esta liger\u00edsima recuperaci\u00f3n global en la facturaci\u00f3n no es sim\u00e9trica a las inversiones realizadas, que han tenido que incrementarse de forma casi anual, especialmente en Europa:<\/p>\n<p style=\"text-align: justify;\"><img decoding=\"async\" class=\"aligncenter size-full wp-image-9558 lazyload\" data-src=\"http:\/\/ugtcomunicaciones.es\/wordpress\/wp-content\/uploads\/2017\/08\/etno_5.png\" alt=\"\" width=\"600\" height=\"130\" data-srcset=\"https:\/\/www.ugtcomunicaciones.es\/wordpress\/wp-content\/uploads\/2017\/08\/etno_5.png 600w, https:\/\/www.ugtcomunicaciones.es\/wordpress\/wp-content\/uploads\/2017\/08\/etno_5-300x65.png 300w\" data-sizes=\"(max-width: 600px) 100vw, 600px\" src=\"data:image\/svg+xml;base64,PHN2ZyB3aWR0aD0iMSIgaGVpZ2h0PSIxIiB4bWxucz0iaHR0cDovL3d3dy53My5vcmcvMjAwMC9zdmciPjwvc3ZnPg==\" style=\"--smush-placeholder-width: 600px; --smush-placeholder-aspect-ratio: 600\/130;\" \/><\/p>\n<p style=\"text-align: justify;\">No obstante, este CAPEX no es atribuible al completo a ETNO<a href=\"#_ftn3\" name=\"_ftnref3\">[3]<\/a>. Si bien en telefon\u00eda fija acapara un 70% del gasto en despliegues, en el segmento m\u00f3vil los operadores alternativos invierten algo m\u00e1s:<\/p>\n<p style=\"text-align: justify;\"><img decoding=\"async\" class=\"aligncenter size-full wp-image-9556 lazyload\" data-src=\"http:\/\/ugtcomunicaciones.es\/wordpress\/wp-content\/uploads\/2017\/08\/etno_6.png\" alt=\"\" width=\"600\" height=\"411\" data-srcset=\"https:\/\/www.ugtcomunicaciones.es\/wordpress\/wp-content\/uploads\/2017\/08\/etno_6.png 600w, https:\/\/www.ugtcomunicaciones.es\/wordpress\/wp-content\/uploads\/2017\/08\/etno_6-300x206.png 300w\" data-sizes=\"(max-width: 600px) 100vw, 600px\" src=\"data:image\/svg+xml;base64,PHN2ZyB3aWR0aD0iMSIgaGVpZ2h0PSIxIiB4bWxucz0iaHR0cDovL3d3dy53My5vcmcvMjAwMC9zdmciPjwvc3ZnPg==\" style=\"--smush-placeholder-width: 600px; --smush-placeholder-aspect-ratio: 600\/411;\" \/><\/p>\n<p style=\"text-align: justify;\">La explicaci\u00f3n para esta asimetr\u00eda entre inversi\u00f3n e ingresos est\u00e1 en la alt\u00edsima demanda de los clientes, que exigen cada vez m\u00e1s datos a menor precio y tecnolog\u00edas m\u00e1s avanzadas, eficaces y r\u00e1pidas. Los datos son incontestables: en los pr\u00f3ximos cinco a\u00f1os el tr\u00e1fico fijo se duplicar\u00e1 y el m\u00f3vil se multiplicar\u00e1 por siete:<\/p>\n<p style=\"text-align: justify;\"><img decoding=\"async\" class=\"aligncenter size-full wp-image-9555 lazyload\" data-src=\"http:\/\/ugtcomunicaciones.es\/wordpress\/wp-content\/uploads\/2017\/08\/etno_7.png\" alt=\"\" width=\"600\" height=\"171\" data-srcset=\"https:\/\/www.ugtcomunicaciones.es\/wordpress\/wp-content\/uploads\/2017\/08\/etno_7.png 600w, https:\/\/www.ugtcomunicaciones.es\/wordpress\/wp-content\/uploads\/2017\/08\/etno_7-300x86.png 300w\" data-sizes=\"(max-width: 600px) 100vw, 600px\" src=\"data:image\/svg+xml;base64,PHN2ZyB3aWR0aD0iMSIgaGVpZ2h0PSIxIiB4bWxucz0iaHR0cDovL3d3dy53My5vcmcvMjAwMC9zdmciPjwvc3ZnPg==\" style=\"--smush-placeholder-width: 600px; --smush-placeholder-aspect-ratio: 600\/171;\" \/><\/p>\n<p style=\"text-align: justify;\">Y hablando del presente, la inversi\u00f3n en nuevas redes explica el declive del ADSL y el abrumador crecimiento de tecnolog\u00edas FTTH y DOCSIS en los \u00faltimos cuatro ejercicios:<\/p>\n<p style=\"text-align: justify;\"><img decoding=\"async\" class=\"aligncenter wp-image-9554 size-full lazyload\" data-src=\"http:\/\/ugtcomunicaciones.es\/wordpress\/wp-content\/uploads\/2017\/08\/etno_8.png\" alt=\"\" width=\"600\" height=\"244\" data-srcset=\"https:\/\/www.ugtcomunicaciones.es\/wordpress\/wp-content\/uploads\/2017\/08\/etno_8.png 600w, https:\/\/www.ugtcomunicaciones.es\/wordpress\/wp-content\/uploads\/2017\/08\/etno_8-300x122.png 300w\" data-sizes=\"(max-width: 600px) 100vw, 600px\" src=\"data:image\/svg+xml;base64,PHN2ZyB3aWR0aD0iMSIgaGVpZ2h0PSIxIiB4bWxucz0iaHR0cDovL3d3dy53My5vcmcvMjAwMC9zdmciPjwvc3ZnPg==\" style=\"--smush-placeholder-width: 600px; --smush-placeholder-aspect-ratio: 600\/244;\" \/><\/p>\n<p style=\"text-align: justify;\">Pero esta ingente inversi\u00f3n en redes y servicios no retorna a los operadores, sino que es aprovechada por las OTT, que aumentan sus beneficios anuales a raz\u00f3n de una media del +20%, mientras que los operadores, como ya hemos apuntado al principio, pierden ingresos:<\/p>\n<p style=\"text-align: justify;\"><img decoding=\"async\" class=\"aligncenter size-full wp-image-9553 lazyload\" data-src=\"http:\/\/ugtcomunicaciones.es\/wordpress\/wp-content\/uploads\/2017\/08\/etno_9.png\" alt=\"\" width=\"600\" height=\"437\" data-srcset=\"https:\/\/www.ugtcomunicaciones.es\/wordpress\/wp-content\/uploads\/2017\/08\/etno_9.png 600w, https:\/\/www.ugtcomunicaciones.es\/wordpress\/wp-content\/uploads\/2017\/08\/etno_9-300x219.png 300w, https:\/\/www.ugtcomunicaciones.es\/wordpress\/wp-content\/uploads\/2017\/08\/etno_9-577x420.png 577w\" data-sizes=\"(max-width: 600px) 100vw, 600px\" src=\"data:image\/svg+xml;base64,PHN2ZyB3aWR0aD0iMSIgaGVpZ2h0PSIxIiB4bWxucz0iaHR0cDovL3d3dy53My5vcmcvMjAwMC9zdmciPjwvc3ZnPg==\" style=\"--smush-placeholder-width: 600px; --smush-placeholder-aspect-ratio: 600\/437;\" \/><\/p>\n<p style=\"text-align: justify;\">La debilidad de los operadores europeos frente la fortaleza de los estadounidenses, hecho ya conocido y denunciado en infinidad de ocasiones<a href=\"#_ftn4\" name=\"_ftnref4\">[4]<\/a>, tiene con resultado que el Top 15 en las telecos est\u00e9 copado por empresas americana o asi\u00e1ticas, relegando a las europeas al quinto (DT), octavo (Vodafone), decimoprimero (Telef\u00f3nica), decimosegundo (Orange) y decimoquinto (BT):<\/p>\n<p style=\"text-align: justify;\"><img decoding=\"async\" class=\"aligncenter size-full wp-image-9552 lazyload\" data-src=\"http:\/\/ugtcomunicaciones.es\/wordpress\/wp-content\/uploads\/2017\/08\/etno_10.png\" alt=\"\" width=\"600\" height=\"377\" data-srcset=\"https:\/\/www.ugtcomunicaciones.es\/wordpress\/wp-content\/uploads\/2017\/08\/etno_10.png 600w, https:\/\/www.ugtcomunicaciones.es\/wordpress\/wp-content\/uploads\/2017\/08\/etno_10-300x189.png 300w\" data-sizes=\"(max-width: 600px) 100vw, 600px\" src=\"data:image\/svg+xml;base64,PHN2ZyB3aWR0aD0iMSIgaGVpZ2h0PSIxIiB4bWxucz0iaHR0cDovL3d3dy53My5vcmcvMjAwMC9zdmciPjwvc3ZnPg==\" style=\"--smush-placeholder-width: 600px; --smush-placeholder-aspect-ratio: 600\/377;\" \/><\/p>\n<p style=\"text-align: justify;\">Para finalizar con este breve resumen, abordamos la cuesti\u00f3n fundamental del empleo: la patronal ETNO, al agrupar a los operadores tradicionales<a href=\"#_ftn5\" name=\"_ftnref5\">[5]<\/a>, se distinguen por ser los mayores empleadores del Sector, aglutinando a 670.000 trabajadores\/as en Europa, nada m\u00e1s y nada menos que el 83% de los puestos de trabajo existentes en el Sector de las Comunicaciones:<\/p>\n<p><img decoding=\"async\" class=\"aligncenter size-large wp-image-9549 lazyload\" data-src=\"http:\/\/ugtcomunicaciones.es\/wordpress\/wp-content\/uploads\/2017\/08\/etno_11-579x1024.png\" alt=\"\" width=\"579\" height=\"1024\" data-srcset=\"https:\/\/www.ugtcomunicaciones.es\/wordpress\/wp-content\/uploads\/2017\/08\/etno_11-579x1024.png 579w, https:\/\/www.ugtcomunicaciones.es\/wordpress\/wp-content\/uploads\/2017\/08\/etno_11-169x300.png 169w, https:\/\/www.ugtcomunicaciones.es\/wordpress\/wp-content\/uploads\/2017\/08\/etno_11-237x420.png 237w, https:\/\/www.ugtcomunicaciones.es\/wordpress\/wp-content\/uploads\/2017\/08\/etno_11.png 600w\" data-sizes=\"(max-width: 579px) 100vw, 579px\" src=\"data:image\/svg+xml;base64,PHN2ZyB3aWR0aD0iMSIgaGVpZ2h0PSIxIiB4bWxucz0iaHR0cDovL3d3dy53My5vcmcvMjAwMC9zdmciPjwvc3ZnPg==\" style=\"--smush-placeholder-width: 579px; --smush-placeholder-aspect-ratio: 579\/1024;\" \/><\/p>\n<h4 style=\"text-align: right;\"><strong><span style=\"color: #ff0000;\">UGT<\/span> Comunicaciones<\/strong><\/h4>\n<p><span style=\"font-size: xx-small;\"><br \/>\n<a href=\"#_ftnref1\" name=\"_ftn1\">[1]<\/a> <a href=\"https:\/\/etno.eu\/news\/etno\/2016\/898\">https:\/\/etno.eu\/news\/etno\/2016\/898<\/a><br \/>\n<a href=\"#_ftnref2\" name=\"_ftn2\">[2]<\/a> <a href=\"http:\/\/www.smcugt.org\/noticia\/ano-2016-el-ano-de-la-recuperacion-de-las-telecos-en-europa-id-48404.htm\">http:\/\/www.smcugt.org\/noticia\/ano-2016-el-ano-de-la-recuperacion-de-las-telecos-en-europa-id-48404.htm<\/a><br \/>\n<a href=\"#_ftnref3\" name=\"_ftn3\">[3]<\/a> <a href=\"http:\/\/www.smcugt.org\/archivos\/elementos\/2016\/etno_solicita_a_la_ce_una_regulacion_proinversora_.pdf\">http:\/\/www.smcugt.org\/archivos\/elementos\/2016\/etno_solicita_a_la_ce_una_regulacion_proinversora_.pdf<\/a><br \/>\n<a href=\"#_ftnref4\" name=\"_ftn4\">[4]<\/a> <a href=\"http:\/\/www.smcugt.org\/noticia\/nuestros-reguladores-deberian-hacer-las-americas-id-44245.htm\">http:\/\/www.smcugt.org\/noticia\/nuestros-reguladores-deberian-hacer-las-americas-id-44245.htm<\/a> o <a href=\"http:\/\/www.smcugt.org\/noticia\/un-modelo-de-sector-agotado-e-insostenible-id-45448.htm\">http:\/\/www.smcugt.org\/noticia\/un-modelo-de-sector-agotado-e-insostenible-id-45448.htm<\/a><br \/>\n<a href=\"#_ftnref5\" name=\"_ftn5\">[5]<\/a> <a href=\"http:\/\/ugt-comunicaciones-madrid.es\/wp-content\/uploads\/2016\/03\/UGT-PRESENTA-A-LA-COMISIoN-EUROPEA.pdf\">http:\/\/ugt-comunicaciones-madrid.es\/wp-content\/uploads\/2016\/03\/UGT-PRESENTA-A-LA-COMISIoN-EUROPEA.pdf<\/a><br \/>\n<\/span><\/p>\n","protected":false},"excerpt":{"rendered":"<p>La patronal europea de operadores incumbentes (ETNO), que cuenta entre sus miembros a Telef\u00f3nica, Orange o BT, ha presentado su informe econ\u00f3mico anual[1], elaborado en colaboraci\u00f3n con IDATE. Este informe, aunque es evidente que est\u00e1 orientado a dar una visi\u00f3n \u201cde parte\u201d, ya que elude en muchas ocasiones datos clave de sus competidores, aporta no [&hellip;]<\/p>\n","protected":false},"author":3,"featured_media":9485,"comment_status":"open","ping_status":"closed","sticky":false,"template":"","format":"standard","meta":{"footnotes":""},"categories":[13,12],"tags":[],"class_list":["post-9483","post","type-post","status-publish","format-standard","has-post-thumbnail","hentry","category-mercado-comunicaciones","category-regulacion"],"yoast_head":"<!-- This site is optimized with the Yoast SEO Premium plugin v27.3 (Yoast SEO v27.4) - https:\/\/yoast.com\/product\/yoast-seo-premium-wordpress\/ -->\n<title>ETNO annual economic report 2016 - UGT Comunicaciones<\/title>\n<meta name=\"description\" content=\"La patronal europea de operadores incumbentes ETNO, que cuenta entre sus miembros a Telef\u00f3nica, Orange o BT, ha presentado su informe econ\u00f3mico anual\" \/>\n<meta name=\"robots\" content=\"index, follow, max-snippet:-1, max-image-preview:large, max-video-preview:-1\" \/>\n<link rel=\"canonical\" href=\"https:\/\/www.ugtcomunicaciones.es\/wordpress\/etno-annual-economic-report-2016\/\" \/>\n<meta property=\"og:locale\" content=\"es_ES\" \/>\n<meta property=\"og:type\" content=\"article\" \/>\n<meta property=\"og:title\" content=\"ETNO annual economic report 2016\" \/>\n<meta property=\"og:description\" content=\"La patronal europea de operadores incumbentes ETNO, que cuenta entre sus miembros a Telef\u00f3nica, Orange o BT, ha presentado su informe econ\u00f3mico anual\" \/>\n<meta property=\"og:url\" content=\"https:\/\/www.ugtcomunicaciones.es\/wordpress\/etno-annual-economic-report-2016\/\" \/>\n<meta property=\"og:site_name\" content=\"UGT Comunicaciones\" \/>\n<meta property=\"article:publisher\" content=\"https:\/\/www.facebook.com\/ugt.comunicaciones\/\" \/>\n<meta property=\"article:published_time\" content=\"2017-08-16T06:00:22+00:00\" \/>\n<meta property=\"og:image\" content=\"https:\/\/www.ugtcomunicaciones.es\/wordpress\/wp-content\/uploads\/2017\/08\/etno_logo.png\" \/>\n\t<meta property=\"og:image:width\" content=\"600\" \/>\n\t<meta property=\"og:image:height\" content=\"640\" \/>\n\t<meta property=\"og:image:type\" content=\"image\/png\" \/>\n<meta name=\"author\" content=\"UGT\" \/>\n<meta name=\"twitter:card\" content=\"summary_large_image\" \/>\n<meta name=\"twitter:creator\" content=\"@ugtcom\" \/>\n<meta name=\"twitter:site\" content=\"@ugtcom\" \/>\n<meta name=\"twitter:label1\" content=\"Escrito por\" \/>\n\t<meta name=\"twitter:data1\" content=\"UGT\" \/>\n\t<meta name=\"twitter:label2\" content=\"Tiempo de lectura\" \/>\n\t<meta name=\"twitter:data2\" content=\"3 minutos\" \/>\n<script type=\"application\/ld+json\" class=\"yoast-schema-graph\">{\"@context\":\"https:\\\/\\\/schema.org\",\"@graph\":[{\"@type\":\"Article\",\"@id\":\"https:\\\/\\\/www.ugtcomunicaciones.es\\\/wordpress\\\/etno-annual-economic-report-2016\\\/#article\",\"isPartOf\":{\"@id\":\"https:\\\/\\\/www.ugtcomunicaciones.es\\\/wordpress\\\/etno-annual-economic-report-2016\\\/\"},\"author\":{\"name\":\"UGT\",\"@id\":\"https:\\\/\\\/www.ugtcomunicaciones.es\\\/wordpress\\\/#\\\/schema\\\/person\\\/eba0fc3fe5b444531d94d4368cba89ed\"},\"headline\":\"ETNO annual economic report 2016\",\"datePublished\":\"2017-08-16T06:00:22+00:00\",\"mainEntityOfPage\":{\"@id\":\"https:\\\/\\\/www.ugtcomunicaciones.es\\\/wordpress\\\/etno-annual-economic-report-2016\\\/\"},\"wordCount\":552,\"commentCount\":0,\"publisher\":{\"@id\":\"https:\\\/\\\/www.ugtcomunicaciones.es\\\/wordpress\\\/#organization\"},\"image\":{\"@id\":\"https:\\\/\\\/www.ugtcomunicaciones.es\\\/wordpress\\\/etno-annual-economic-report-2016\\\/#primaryimage\"},\"thumbnailUrl\":\"https:\\\/\\\/www.ugtcomunicaciones.es\\\/wordpress\\\/wp-content\\\/uploads\\\/2017\\\/08\\\/etno_logo.png\",\"articleSection\":[\"Mercado Comunicaciones\",\"Regulaci\u00f3n\"],\"inLanguage\":\"es\",\"potentialAction\":[{\"@type\":\"CommentAction\",\"name\":\"Comment\",\"target\":[\"https:\\\/\\\/www.ugtcomunicaciones.es\\\/wordpress\\\/etno-annual-economic-report-2016\\\/#respond\"]}]},{\"@type\":\"WebPage\",\"@id\":\"https:\\\/\\\/www.ugtcomunicaciones.es\\\/wordpress\\\/etno-annual-economic-report-2016\\\/\",\"url\":\"https:\\\/\\\/www.ugtcomunicaciones.es\\\/wordpress\\\/etno-annual-economic-report-2016\\\/\",\"name\":\"ETNO annual economic report 2016 - UGT Comunicaciones\",\"isPartOf\":{\"@id\":\"https:\\\/\\\/www.ugtcomunicaciones.es\\\/wordpress\\\/#website\"},\"primaryImageOfPage\":{\"@id\":\"https:\\\/\\\/www.ugtcomunicaciones.es\\\/wordpress\\\/etno-annual-economic-report-2016\\\/#primaryimage\"},\"image\":{\"@id\":\"https:\\\/\\\/www.ugtcomunicaciones.es\\\/wordpress\\\/etno-annual-economic-report-2016\\\/#primaryimage\"},\"thumbnailUrl\":\"https:\\\/\\\/www.ugtcomunicaciones.es\\\/wordpress\\\/wp-content\\\/uploads\\\/2017\\\/08\\\/etno_logo.png\",\"datePublished\":\"2017-08-16T06:00:22+00:00\",\"description\":\"La patronal europea de operadores incumbentes ETNO, que cuenta entre sus miembros a Telef\u00f3nica, Orange o BT, ha presentado su informe econ\u00f3mico anual\",\"breadcrumb\":{\"@id\":\"https:\\\/\\\/www.ugtcomunicaciones.es\\\/wordpress\\\/etno-annual-economic-report-2016\\\/#breadcrumb\"},\"inLanguage\":\"es\",\"potentialAction\":[{\"@type\":\"ReadAction\",\"target\":[\"https:\\\/\\\/www.ugtcomunicaciones.es\\\/wordpress\\\/etno-annual-economic-report-2016\\\/\"]}]},{\"@type\":\"ImageObject\",\"inLanguage\":\"es\",\"@id\":\"https:\\\/\\\/www.ugtcomunicaciones.es\\\/wordpress\\\/etno-annual-economic-report-2016\\\/#primaryimage\",\"url\":\"https:\\\/\\\/www.ugtcomunicaciones.es\\\/wordpress\\\/wp-content\\\/uploads\\\/2017\\\/08\\\/etno_logo.png\",\"contentUrl\":\"https:\\\/\\\/www.ugtcomunicaciones.es\\\/wordpress\\\/wp-content\\\/uploads\\\/2017\\\/08\\\/etno_logo.png\",\"width\":600,\"height\":640},{\"@type\":\"BreadcrumbList\",\"@id\":\"https:\\\/\\\/www.ugtcomunicaciones.es\\\/wordpress\\\/etno-annual-economic-report-2016\\\/#breadcrumb\",\"itemListElement\":[{\"@type\":\"ListItem\",\"position\":1,\"name\":\"Portada\",\"item\":\"https:\\\/\\\/www.ugtcomunicaciones.es\\\/wordpress\\\/\"},{\"@type\":\"ListItem\",\"position\":2,\"name\":\"ETNO annual economic report 2016\"}]},{\"@type\":\"WebSite\",\"@id\":\"https:\\\/\\\/www.ugtcomunicaciones.es\\\/wordpress\\\/#website\",\"url\":\"https:\\\/\\\/www.ugtcomunicaciones.es\\\/wordpress\\\/\",\"name\":\"UGT Comunicaciones\",\"description\":\"Sindicato de Telecomunicaciones\",\"publisher\":{\"@id\":\"https:\\\/\\\/www.ugtcomunicaciones.es\\\/wordpress\\\/#organization\"},\"potentialAction\":[{\"@type\":\"SearchAction\",\"target\":{\"@type\":\"EntryPoint\",\"urlTemplate\":\"https:\\\/\\\/www.ugtcomunicaciones.es\\\/wordpress\\\/?s={search_term_string}\"},\"query-input\":{\"@type\":\"PropertyValueSpecification\",\"valueRequired\":true,\"valueName\":\"search_term_string\"}}],\"inLanguage\":\"es\"},{\"@type\":\"Organization\",\"@id\":\"https:\\\/\\\/www.ugtcomunicaciones.es\\\/wordpress\\\/#organization\",\"name\":\"UGT Comunicaciones\",\"url\":\"https:\\\/\\\/www.ugtcomunicaciones.es\\\/wordpress\\\/\",\"logo\":{\"@type\":\"ImageObject\",\"inLanguage\":\"es\",\"@id\":\"https:\\\/\\\/www.ugtcomunicaciones.es\\\/wordpress\\\/#\\\/schema\\\/logo\\\/image\\\/\",\"url\":\"https:\\\/\\\/www.ugtcomunicaciones.es\\\/wordpress\\\/wp-content\\\/uploads\\\/2024\\\/04\\\/comunicaciones_logo.png\",\"contentUrl\":\"https:\\\/\\\/www.ugtcomunicaciones.es\\\/wordpress\\\/wp-content\\\/uploads\\\/2024\\\/04\\\/comunicaciones_logo.png\",\"width\":298,\"height\":81,\"caption\":\"UGT Comunicaciones\"},\"image\":{\"@id\":\"https:\\\/\\\/www.ugtcomunicaciones.es\\\/wordpress\\\/#\\\/schema\\\/logo\\\/image\\\/\"},\"sameAs\":[\"https:\\\/\\\/www.facebook.com\\\/ugt.comunicaciones\\\/\",\"https:\\\/\\\/x.com\\\/ugtcom\"]},{\"@type\":\"Person\",\"@id\":\"https:\\\/\\\/www.ugtcomunicaciones.es\\\/wordpress\\\/#\\\/schema\\\/person\\\/eba0fc3fe5b444531d94d4368cba89ed\",\"name\":\"UGT\",\"image\":{\"@type\":\"ImageObject\",\"inLanguage\":\"es\",\"@id\":\"https:\\\/\\\/secure.gravatar.com\\\/avatar\\\/2a16057d620a4c646bcfc171c4f23030879ebbdd346f0525bd5d4a564e57e13d?s=96&d=mm&r=g\",\"url\":\"https:\\\/\\\/secure.gravatar.com\\\/avatar\\\/2a16057d620a4c646bcfc171c4f23030879ebbdd346f0525bd5d4a564e57e13d?s=96&d=mm&r=g\",\"contentUrl\":\"https:\\\/\\\/secure.gravatar.com\\\/avatar\\\/2a16057d620a4c646bcfc171c4f23030879ebbdd346f0525bd5d4a564e57e13d?s=96&d=mm&r=g\",\"caption\":\"UGT\"}}]}<\/script>\n<!-- \/ Yoast SEO Premium plugin. -->","yoast_head_json":{"title":"ETNO annual economic report 2016 - UGT Comunicaciones","description":"La patronal europea de operadores incumbentes ETNO, que cuenta entre sus miembros a Telef\u00f3nica, Orange o BT, ha presentado su informe econ\u00f3mico anual","robots":{"index":"index","follow":"follow","max-snippet":"max-snippet:-1","max-image-preview":"max-image-preview:large","max-video-preview":"max-video-preview:-1"},"canonical":"https:\/\/www.ugtcomunicaciones.es\/wordpress\/etno-annual-economic-report-2016\/","og_locale":"es_ES","og_type":"article","og_title":"ETNO annual economic report 2016","og_description":"La patronal europea de operadores incumbentes ETNO, que cuenta entre sus miembros a Telef\u00f3nica, Orange o BT, ha presentado su informe econ\u00f3mico anual","og_url":"https:\/\/www.ugtcomunicaciones.es\/wordpress\/etno-annual-economic-report-2016\/","og_site_name":"UGT Comunicaciones","article_publisher":"https:\/\/www.facebook.com\/ugt.comunicaciones\/","article_published_time":"2017-08-16T06:00:22+00:00","og_image":[{"width":600,"height":640,"url":"https:\/\/www.ugtcomunicaciones.es\/wordpress\/wp-content\/uploads\/2017\/08\/etno_logo.png","type":"image\/png"}],"author":"UGT","twitter_card":"summary_large_image","twitter_creator":"@ugtcom","twitter_site":"@ugtcom","twitter_misc":{"Escrito por":"UGT","Tiempo de lectura":"3 minutos"},"schema":{"@context":"https:\/\/schema.org","@graph":[{"@type":"Article","@id":"https:\/\/www.ugtcomunicaciones.es\/wordpress\/etno-annual-economic-report-2016\/#article","isPartOf":{"@id":"https:\/\/www.ugtcomunicaciones.es\/wordpress\/etno-annual-economic-report-2016\/"},"author":{"name":"UGT","@id":"https:\/\/www.ugtcomunicaciones.es\/wordpress\/#\/schema\/person\/eba0fc3fe5b444531d94d4368cba89ed"},"headline":"ETNO annual economic report 2016","datePublished":"2017-08-16T06:00:22+00:00","mainEntityOfPage":{"@id":"https:\/\/www.ugtcomunicaciones.es\/wordpress\/etno-annual-economic-report-2016\/"},"wordCount":552,"commentCount":0,"publisher":{"@id":"https:\/\/www.ugtcomunicaciones.es\/wordpress\/#organization"},"image":{"@id":"https:\/\/www.ugtcomunicaciones.es\/wordpress\/etno-annual-economic-report-2016\/#primaryimage"},"thumbnailUrl":"https:\/\/www.ugtcomunicaciones.es\/wordpress\/wp-content\/uploads\/2017\/08\/etno_logo.png","articleSection":["Mercado Comunicaciones","Regulaci\u00f3n"],"inLanguage":"es","potentialAction":[{"@type":"CommentAction","name":"Comment","target":["https:\/\/www.ugtcomunicaciones.es\/wordpress\/etno-annual-economic-report-2016\/#respond"]}]},{"@type":"WebPage","@id":"https:\/\/www.ugtcomunicaciones.es\/wordpress\/etno-annual-economic-report-2016\/","url":"https:\/\/www.ugtcomunicaciones.es\/wordpress\/etno-annual-economic-report-2016\/","name":"ETNO annual economic report 2016 - UGT Comunicaciones","isPartOf":{"@id":"https:\/\/www.ugtcomunicaciones.es\/wordpress\/#website"},"primaryImageOfPage":{"@id":"https:\/\/www.ugtcomunicaciones.es\/wordpress\/etno-annual-economic-report-2016\/#primaryimage"},"image":{"@id":"https:\/\/www.ugtcomunicaciones.es\/wordpress\/etno-annual-economic-report-2016\/#primaryimage"},"thumbnailUrl":"https:\/\/www.ugtcomunicaciones.es\/wordpress\/wp-content\/uploads\/2017\/08\/etno_logo.png","datePublished":"2017-08-16T06:00:22+00:00","description":"La patronal europea de operadores incumbentes ETNO, que cuenta entre sus miembros a Telef\u00f3nica, Orange o BT, ha presentado su informe econ\u00f3mico anual","breadcrumb":{"@id":"https:\/\/www.ugtcomunicaciones.es\/wordpress\/etno-annual-economic-report-2016\/#breadcrumb"},"inLanguage":"es","potentialAction":[{"@type":"ReadAction","target":["https:\/\/www.ugtcomunicaciones.es\/wordpress\/etno-annual-economic-report-2016\/"]}]},{"@type":"ImageObject","inLanguage":"es","@id":"https:\/\/www.ugtcomunicaciones.es\/wordpress\/etno-annual-economic-report-2016\/#primaryimage","url":"https:\/\/www.ugtcomunicaciones.es\/wordpress\/wp-content\/uploads\/2017\/08\/etno_logo.png","contentUrl":"https:\/\/www.ugtcomunicaciones.es\/wordpress\/wp-content\/uploads\/2017\/08\/etno_logo.png","width":600,"height":640},{"@type":"BreadcrumbList","@id":"https:\/\/www.ugtcomunicaciones.es\/wordpress\/etno-annual-economic-report-2016\/#breadcrumb","itemListElement":[{"@type":"ListItem","position":1,"name":"Portada","item":"https:\/\/www.ugtcomunicaciones.es\/wordpress\/"},{"@type":"ListItem","position":2,"name":"ETNO annual economic report 2016"}]},{"@type":"WebSite","@id":"https:\/\/www.ugtcomunicaciones.es\/wordpress\/#website","url":"https:\/\/www.ugtcomunicaciones.es\/wordpress\/","name":"UGT Comunicaciones","description":"Sindicato de Telecomunicaciones","publisher":{"@id":"https:\/\/www.ugtcomunicaciones.es\/wordpress\/#organization"},"potentialAction":[{"@type":"SearchAction","target":{"@type":"EntryPoint","urlTemplate":"https:\/\/www.ugtcomunicaciones.es\/wordpress\/?s={search_term_string}"},"query-input":{"@type":"PropertyValueSpecification","valueRequired":true,"valueName":"search_term_string"}}],"inLanguage":"es"},{"@type":"Organization","@id":"https:\/\/www.ugtcomunicaciones.es\/wordpress\/#organization","name":"UGT Comunicaciones","url":"https:\/\/www.ugtcomunicaciones.es\/wordpress\/","logo":{"@type":"ImageObject","inLanguage":"es","@id":"https:\/\/www.ugtcomunicaciones.es\/wordpress\/#\/schema\/logo\/image\/","url":"https:\/\/www.ugtcomunicaciones.es\/wordpress\/wp-content\/uploads\/2024\/04\/comunicaciones_logo.png","contentUrl":"https:\/\/www.ugtcomunicaciones.es\/wordpress\/wp-content\/uploads\/2024\/04\/comunicaciones_logo.png","width":298,"height":81,"caption":"UGT Comunicaciones"},"image":{"@id":"https:\/\/www.ugtcomunicaciones.es\/wordpress\/#\/schema\/logo\/image\/"},"sameAs":["https:\/\/www.facebook.com\/ugt.comunicaciones\/","https:\/\/x.com\/ugtcom"]},{"@type":"Person","@id":"https:\/\/www.ugtcomunicaciones.es\/wordpress\/#\/schema\/person\/eba0fc3fe5b444531d94d4368cba89ed","name":"UGT","image":{"@type":"ImageObject","inLanguage":"es","@id":"https:\/\/secure.gravatar.com\/avatar\/2a16057d620a4c646bcfc171c4f23030879ebbdd346f0525bd5d4a564e57e13d?s=96&d=mm&r=g","url":"https:\/\/secure.gravatar.com\/avatar\/2a16057d620a4c646bcfc171c4f23030879ebbdd346f0525bd5d4a564e57e13d?s=96&d=mm&r=g","contentUrl":"https:\/\/secure.gravatar.com\/avatar\/2a16057d620a4c646bcfc171c4f23030879ebbdd346f0525bd5d4a564e57e13d?s=96&d=mm&r=g","caption":"UGT"}}]}},"_links":{"self":[{"href":"https:\/\/www.ugtcomunicaciones.es\/wordpress\/wp-json\/wp\/v2\/posts\/9483","targetHints":{"allow":["GET"]}}],"collection":[{"href":"https:\/\/www.ugtcomunicaciones.es\/wordpress\/wp-json\/wp\/v2\/posts"}],"about":[{"href":"https:\/\/www.ugtcomunicaciones.es\/wordpress\/wp-json\/wp\/v2\/types\/post"}],"author":[{"embeddable":true,"href":"https:\/\/www.ugtcomunicaciones.es\/wordpress\/wp-json\/wp\/v2\/users\/3"}],"replies":[{"embeddable":true,"href":"https:\/\/www.ugtcomunicaciones.es\/wordpress\/wp-json\/wp\/v2\/comments?post=9483"}],"version-history":[{"count":0,"href":"https:\/\/www.ugtcomunicaciones.es\/wordpress\/wp-json\/wp\/v2\/posts\/9483\/revisions"}],"wp:featuredmedia":[{"embeddable":true,"href":"https:\/\/www.ugtcomunicaciones.es\/wordpress\/wp-json\/wp\/v2\/media\/9485"}],"wp:attachment":[{"href":"https:\/\/www.ugtcomunicaciones.es\/wordpress\/wp-json\/wp\/v2\/media?parent=9483"}],"wp:term":[{"taxonomy":"category","embeddable":true,"href":"https:\/\/www.ugtcomunicaciones.es\/wordpress\/wp-json\/wp\/v2\/categories?post=9483"},{"taxonomy":"post_tag","embeddable":true,"href":"https:\/\/www.ugtcomunicaciones.es\/wordpress\/wp-json\/wp\/v2\/tags?post=9483"}],"curies":[{"name":"wp","href":"https:\/\/api.w.org\/{rel}","templated":true}]}}