{"id":967804,"date":"2022-02-11T11:17:18","date_gmt":"2022-02-11T09:17:18","guid":{"rendered":"https:\/\/www.ugtcomunicaciones.es\/wordpress\/?p=967804"},"modified":"2022-02-14T12:00:14","modified_gmt":"2022-02-14T10:00:14","slug":"11-de-febrero-dia-internacional-de-la-mujer-y-la-nina-en-la-ciencia-2","status":"publish","type":"post","link":"https:\/\/www.ugtcomunicaciones.es\/wordpress\/11-de-febrero-dia-internacional-de-la-mujer-y-la-nina-en-la-ciencia-2\/","title":{"rendered":"11 de febrero D\u00eda Internacional de la Mujer y la Ni\u00f1a en la Ciencia"},"content":{"rendered":"<p style=\"text-align: justify;\">Como cada 11 de febrero, D\u00eda Internacional de la Mujer y la Ni\u00f1a en la Ciencia, <span style=\"color: #ff0000;\"><strong>UGT <\/strong><\/span><strong>Comunicaciones y Cultura<\/strong> recuerda el papel fundamental que tienen las mujeres y las ni\u00f1as en las comunidades de ciencia y tecnolog\u00eda y que su participaci\u00f3n debe fortalecerse.<\/p>\n<p style=\"text-align: justify;\"><strong>La ciencia y la igualdad son fundamentales para el desarrollo<\/strong> y el impulso de la revoluci\u00f3n digital y no podemos dejar de lado que las mujeres representamos el 50% de la sociedad y apenas un 30% de la comunidad cient\u00edfica.<\/p>\n<p style=\"text-align: justify;\">Por ello, <strong>debemos fomentar desde todos los \u00e1mbitos la participaci\u00f3n de forma plena y equitativa de las mujeres en campos STEM<\/strong>, ya que las mujeres siguen siendo minor\u00eda en la inform\u00e1tica,\u00a0la tecnolog\u00eda de la informaci\u00f3n digital, la f\u00edsica, las matem\u00e1ticas y la ingenier\u00eda. Esto servir\u00e1 tambi\u00e9n para que las ni\u00f1as dispongan de referentes femeninos que contribuyan a su inter\u00e9s por el mundo cient\u00edfico.<\/p>\n<p style=\"text-align: justify;\">La pandemia ha sido claro ejemplo de la necesidad de invertir en Ciencia y Tecnolog\u00eda, fundamentales para la econom\u00eda y la sociedad. No potenciar la participaci\u00f3n de las mujeres en este terreno es desperdiciar un talento necesario y fundamental para nuestro pa\u00eds. Si continuamos perpetuando la infrarrepresentaci\u00f3n de las mujeres en el \u00e1mbito laboral tecnol\u00f3gico, no solo corremos el riesgo de construir un futuro injusto, sino que adem\u00e1s podemos retroceder a\u00f1os en todo lo conseguido.<\/p>\n<p style=\"text-align: justify;\">La <strong>Alianza STEM por el talento femenino, a la que <span style=\"color: #ff0000;\">UGT<\/span> se ha unido<\/strong>, se cre\u00f3 para <strong>promocionar el talento femenino<\/strong> en las disciplinas de Ciencia y Tecnolog\u00eda, e integra entre otros al Gobierno, las Administraciones, empresas, organizaciones de la sociedad civil, como los sindicatos, centros educativos y medios de comunicaci\u00f3n.<\/p>\n<p style=\"text-align: justify;\">En ella <span style=\"color: #ff0000;\"><strong>UGT<\/strong><\/span> ha aportado distintas propuestas, referidas sobre todo al \u00e1mbito tecnol\u00f3gico. En este sentido, destaca la necesidad de elaborar un plan integral de pol\u00edticas p\u00fablicas y gubernamentales que acaben con el desequilibrio en el \u00e1mbito de la tecnolog\u00eda, como parte integrante de un gran <strong>Plan Transversal de Igualdad<\/strong>, que abarque a todos los sectores econ\u00f3micos, industriales y sociales.<\/p>\n<p style=\"text-align: justify;\"><strong><span style=\"color: #ff0000;\">UGT<\/span><\/strong> apuesta firmemente por el talento femenino, impulsando y negociando Planes de Igualdad que incidan en la importancia de garantizar que todos los procesos sean objetivos y sin sesgos de g\u00e9nero, posibilitando la incorporaci\u00f3n de mujeres en \u00e1reas infrarrepresentadas y promoviendo la formaci\u00f3n y especializaci\u00f3n para alcanzar cuotas de igualdad.<\/p>\n","protected":false},"excerpt":{"rendered":"<p>Como cada 11 de febrero, D\u00eda Internacional de la Mujer y la Ni\u00f1a en la Ciencia, UGT Comunicaciones y Cultura recuerda el papel fundamental que tienen las mujeres y las ni\u00f1as en las comunidades de ciencia y tecnolog\u00eda y que su participaci\u00f3n debe fortalecerse. La ciencia y la igualdad son fundamentales para el desarrollo y [&hellip;]<\/p>\n","protected":false},"author":3,"featured_media":967805,"comment_status":"closed","ping_status":"closed","sticky":false,"template":"","format":"standard","meta":{"footnotes":""},"categories":[89],"tags":[],"class_list":["post-967804","post","type-post","status-publish","format-standard","has-post-thumbnail","hentry","category-feminismo"],"yoast_head":"<!-- This site is optimized with the Yoast SEO Premium plugin v27.3 (Yoast SEO v27.4) - https:\/\/yoast.com\/product\/yoast-seo-premium-wordpress\/ -->\n<title>11 de febrero D\u00eda Internacional de la Mujer y la Ni\u00f1a en la Ciencia - UGT Comunicaciones<\/title>\n<meta name=\"description\" content=\"Como cada 11 de febrero, D\u00eda Internacional de la Mujer y la Ni\u00f1a en la Ciencia, desde UGT Comunicaciones y Cultura recordamos el papel...\" \/>\n<meta name=\"robots\" content=\"index, follow, max-snippet:-1, max-image-preview:large, max-video-preview:-1\" \/>\n<link rel=\"canonical\" href=\"https:\/\/www.ugtcomunicaciones.es\/wordpress\/11-de-febrero-dia-internacional-de-la-mujer-y-la-nina-en-la-ciencia-2\/\" \/>\n<meta property=\"og:locale\" content=\"es_ES\" \/>\n<meta property=\"og:type\" content=\"article\" \/>\n<meta property=\"og:title\" content=\"11 de febrero D\u00eda Internacional de la Mujer y la Ni\u00f1a en la Ciencia\" \/>\n<meta property=\"og:description\" content=\"Como cada 11 de febrero, D\u00eda Internacional de la Mujer y la Ni\u00f1a en la Ciencia, desde UGT Comunicaciones y Cultura recordamos el papel...\" \/>\n<meta property=\"og:url\" content=\"https:\/\/www.ugtcomunicaciones.es\/wordpress\/11-de-febrero-dia-internacional-de-la-mujer-y-la-nina-en-la-ciencia-2\/\" \/>\n<meta property=\"og:site_name\" content=\"UGT Comunicaciones\" \/>\n<meta property=\"article:publisher\" content=\"https:\/\/www.facebook.com\/ugt.comunicaciones\/\" \/>\n<meta property=\"article:published_time\" content=\"2022-02-11T09:17:18+00:00\" \/>\n<meta property=\"article:modified_time\" content=\"2022-02-14T10:00:14+00:00\" \/>\n<meta property=\"og:image\" content=\"https:\/\/www.ugtcomunicaciones.es\/wordpress\/wp-content\/uploads\/2022\/02\/WhatsApp-Image-2022-02-02-at-5.37.55-PM.jpeg\" \/>\n\t<meta property=\"og:image:width\" content=\"662\" \/>\n\t<meta property=\"og:image:height\" content=\"662\" \/>\n\t<meta property=\"og:image:type\" content=\"image\/jpeg\" \/>\n<meta name=\"author\" content=\"UGT\" \/>\n<meta name=\"twitter:card\" content=\"summary_large_image\" \/>\n<meta name=\"twitter:creator\" content=\"@ugtcom\" \/>\n<meta name=\"twitter:site\" content=\"@ugtcom\" \/>\n<meta name=\"twitter:label1\" content=\"Escrito por\" \/>\n\t<meta name=\"twitter:data1\" content=\"UGT\" \/>\n\t<meta name=\"twitter:label2\" content=\"Tiempo de lectura\" \/>\n\t<meta name=\"twitter:data2\" content=\"2 minutos\" \/>\n<script type=\"application\/ld+json\" class=\"yoast-schema-graph\">{\"@context\":\"https:\\\/\\\/schema.org\",\"@graph\":[{\"@type\":\"Article\",\"@id\":\"https:\\\/\\\/www.ugtcomunicaciones.es\\\/wordpress\\\/11-de-febrero-dia-internacional-de-la-mujer-y-la-nina-en-la-ciencia-2\\\/#article\",\"isPartOf\":{\"@id\":\"https:\\\/\\\/www.ugtcomunicaciones.es\\\/wordpress\\\/11-de-febrero-dia-internacional-de-la-mujer-y-la-nina-en-la-ciencia-2\\\/\"},\"author\":{\"name\":\"UGT\",\"@id\":\"https:\\\/\\\/www.ugtcomunicaciones.es\\\/wordpress\\\/#\\\/schema\\\/person\\\/eba0fc3fe5b444531d94d4368cba89ed\"},\"headline\":\"11 de febrero D\u00eda Internacional de la Mujer y la Ni\u00f1a en la Ciencia\",\"datePublished\":\"2022-02-11T09:17:18+00:00\",\"dateModified\":\"2022-02-14T10:00:14+00:00\",\"mainEntityOfPage\":{\"@id\":\"https:\\\/\\\/www.ugtcomunicaciones.es\\\/wordpress\\\/11-de-febrero-dia-internacional-de-la-mujer-y-la-nina-en-la-ciencia-2\\\/\"},\"wordCount\":434,\"publisher\":{\"@id\":\"https:\\\/\\\/www.ugtcomunicaciones.es\\\/wordpress\\\/#organization\"},\"image\":{\"@id\":\"https:\\\/\\\/www.ugtcomunicaciones.es\\\/wordpress\\\/11-de-febrero-dia-internacional-de-la-mujer-y-la-nina-en-la-ciencia-2\\\/#primaryimage\"},\"thumbnailUrl\":\"https:\\\/\\\/www.ugtcomunicaciones.es\\\/wordpress\\\/wp-content\\\/uploads\\\/2022\\\/02\\\/WhatsApp-Image-2022-02-02-at-5.37.55-PM.jpeg\",\"articleSection\":[\"Feminismo\"],\"inLanguage\":\"es\"},{\"@type\":\"WebPage\",\"@id\":\"https:\\\/\\\/www.ugtcomunicaciones.es\\\/wordpress\\\/11-de-febrero-dia-internacional-de-la-mujer-y-la-nina-en-la-ciencia-2\\\/\",\"url\":\"https:\\\/\\\/www.ugtcomunicaciones.es\\\/wordpress\\\/11-de-febrero-dia-internacional-de-la-mujer-y-la-nina-en-la-ciencia-2\\\/\",\"name\":\"11 de febrero D\u00eda Internacional de la Mujer y la Ni\u00f1a en la Ciencia - UGT Comunicaciones\",\"isPartOf\":{\"@id\":\"https:\\\/\\\/www.ugtcomunicaciones.es\\\/wordpress\\\/#website\"},\"primaryImageOfPage\":{\"@id\":\"https:\\\/\\\/www.ugtcomunicaciones.es\\\/wordpress\\\/11-de-febrero-dia-internacional-de-la-mujer-y-la-nina-en-la-ciencia-2\\\/#primaryimage\"},\"image\":{\"@id\":\"https:\\\/\\\/www.ugtcomunicaciones.es\\\/wordpress\\\/11-de-febrero-dia-internacional-de-la-mujer-y-la-nina-en-la-ciencia-2\\\/#primaryimage\"},\"thumbnailUrl\":\"https:\\\/\\\/www.ugtcomunicaciones.es\\\/wordpress\\\/wp-content\\\/uploads\\\/2022\\\/02\\\/WhatsApp-Image-2022-02-02-at-5.37.55-PM.jpeg\",\"datePublished\":\"2022-02-11T09:17:18+00:00\",\"dateModified\":\"2022-02-14T10:00:14+00:00\",\"description\":\"Como cada 11 de febrero, D\u00eda Internacional de la Mujer y la Ni\u00f1a en la Ciencia, desde UGT Comunicaciones y Cultura recordamos el papel...\",\"breadcrumb\":{\"@id\":\"https:\\\/\\\/www.ugtcomunicaciones.es\\\/wordpress\\\/11-de-febrero-dia-internacional-de-la-mujer-y-la-nina-en-la-ciencia-2\\\/#breadcrumb\"},\"inLanguage\":\"es\",\"potentialAction\":[{\"@type\":\"ReadAction\",\"target\":[\"https:\\\/\\\/www.ugtcomunicaciones.es\\\/wordpress\\\/11-de-febrero-dia-internacional-de-la-mujer-y-la-nina-en-la-ciencia-2\\\/\"]}]},{\"@type\":\"ImageObject\",\"inLanguage\":\"es\",\"@id\":\"https:\\\/\\\/www.ugtcomunicaciones.es\\\/wordpress\\\/11-de-febrero-dia-internacional-de-la-mujer-y-la-nina-en-la-ciencia-2\\\/#primaryimage\",\"url\":\"https:\\\/\\\/www.ugtcomunicaciones.es\\\/wordpress\\\/wp-content\\\/uploads\\\/2022\\\/02\\\/WhatsApp-Image-2022-02-02-at-5.37.55-PM.jpeg\",\"contentUrl\":\"https:\\\/\\\/www.ugtcomunicaciones.es\\\/wordpress\\\/wp-content\\\/uploads\\\/2022\\\/02\\\/WhatsApp-Image-2022-02-02-at-5.37.55-PM.jpeg\",\"width\":662,\"height\":662},{\"@type\":\"BreadcrumbList\",\"@id\":\"https:\\\/\\\/www.ugtcomunicaciones.es\\\/wordpress\\\/11-de-febrero-dia-internacional-de-la-mujer-y-la-nina-en-la-ciencia-2\\\/#breadcrumb\",\"itemListElement\":[{\"@type\":\"ListItem\",\"position\":1,\"name\":\"Portada\",\"item\":\"https:\\\/\\\/www.ugtcomunicaciones.es\\\/wordpress\\\/\"},{\"@type\":\"ListItem\",\"position\":2,\"name\":\"11 de febrero D\u00eda Internacional de la Mujer y la Ni\u00f1a en la Ciencia\"}]},{\"@type\":\"WebSite\",\"@id\":\"https:\\\/\\\/www.ugtcomunicaciones.es\\\/wordpress\\\/#website\",\"url\":\"https:\\\/\\\/www.ugtcomunicaciones.es\\\/wordpress\\\/\",\"name\":\"UGT Comunicaciones\",\"description\":\"Sindicato de Telecomunicaciones\",\"publisher\":{\"@id\":\"https:\\\/\\\/www.ugtcomunicaciones.es\\\/wordpress\\\/#organization\"},\"potentialAction\":[{\"@type\":\"SearchAction\",\"target\":{\"@type\":\"EntryPoint\",\"urlTemplate\":\"https:\\\/\\\/www.ugtcomunicaciones.es\\\/wordpress\\\/?s={search_term_string}\"},\"query-input\":{\"@type\":\"PropertyValueSpecification\",\"valueRequired\":true,\"valueName\":\"search_term_string\"}}],\"inLanguage\":\"es\"},{\"@type\":\"Organization\",\"@id\":\"https:\\\/\\\/www.ugtcomunicaciones.es\\\/wordpress\\\/#organization\",\"name\":\"UGT Comunicaciones\",\"url\":\"https:\\\/\\\/www.ugtcomunicaciones.es\\\/wordpress\\\/\",\"logo\":{\"@type\":\"ImageObject\",\"inLanguage\":\"es\",\"@id\":\"https:\\\/\\\/www.ugtcomunicaciones.es\\\/wordpress\\\/#\\\/schema\\\/logo\\\/image\\\/\",\"url\":\"https:\\\/\\\/www.ugtcomunicaciones.es\\\/wordpress\\\/wp-content\\\/uploads\\\/2024\\\/04\\\/comunicaciones_logo.png\",\"contentUrl\":\"https:\\\/\\\/www.ugtcomunicaciones.es\\\/wordpress\\\/wp-content\\\/uploads\\\/2024\\\/04\\\/comunicaciones_logo.png\",\"width\":298,\"height\":81,\"caption\":\"UGT Comunicaciones\"},\"image\":{\"@id\":\"https:\\\/\\\/www.ugtcomunicaciones.es\\\/wordpress\\\/#\\\/schema\\\/logo\\\/image\\\/\"},\"sameAs\":[\"https:\\\/\\\/www.facebook.com\\\/ugt.comunicaciones\\\/\",\"https:\\\/\\\/x.com\\\/ugtcom\"]},{\"@type\":\"Person\",\"@id\":\"https:\\\/\\\/www.ugtcomunicaciones.es\\\/wordpress\\\/#\\\/schema\\\/person\\\/eba0fc3fe5b444531d94d4368cba89ed\",\"name\":\"UGT\",\"image\":{\"@type\":\"ImageObject\",\"inLanguage\":\"es\",\"@id\":\"https:\\\/\\\/secure.gravatar.com\\\/avatar\\\/2a16057d620a4c646bcfc171c4f23030879ebbdd346f0525bd5d4a564e57e13d?s=96&d=mm&r=g\",\"url\":\"https:\\\/\\\/secure.gravatar.com\\\/avatar\\\/2a16057d620a4c646bcfc171c4f23030879ebbdd346f0525bd5d4a564e57e13d?s=96&d=mm&r=g\",\"contentUrl\":\"https:\\\/\\\/secure.gravatar.com\\\/avatar\\\/2a16057d620a4c646bcfc171c4f23030879ebbdd346f0525bd5d4a564e57e13d?s=96&d=mm&r=g\",\"caption\":\"UGT\"}}]}<\/script>\n<!-- \/ Yoast SEO Premium plugin. -->","yoast_head_json":{"title":"11 de febrero D\u00eda Internacional de la Mujer y la Ni\u00f1a en la Ciencia - UGT Comunicaciones","description":"Como cada 11 de febrero, D\u00eda Internacional de la Mujer y la Ni\u00f1a en la Ciencia, desde UGT Comunicaciones y Cultura recordamos el papel...","robots":{"index":"index","follow":"follow","max-snippet":"max-snippet:-1","max-image-preview":"max-image-preview:large","max-video-preview":"max-video-preview:-1"},"canonical":"https:\/\/www.ugtcomunicaciones.es\/wordpress\/11-de-febrero-dia-internacional-de-la-mujer-y-la-nina-en-la-ciencia-2\/","og_locale":"es_ES","og_type":"article","og_title":"11 de febrero D\u00eda Internacional de la Mujer y la Ni\u00f1a en la Ciencia","og_description":"Como cada 11 de febrero, D\u00eda Internacional de la Mujer y la Ni\u00f1a en la Ciencia, desde UGT Comunicaciones y Cultura recordamos el papel...","og_url":"https:\/\/www.ugtcomunicaciones.es\/wordpress\/11-de-febrero-dia-internacional-de-la-mujer-y-la-nina-en-la-ciencia-2\/","og_site_name":"UGT Comunicaciones","article_publisher":"https:\/\/www.facebook.com\/ugt.comunicaciones\/","article_published_time":"2022-02-11T09:17:18+00:00","article_modified_time":"2022-02-14T10:00:14+00:00","og_image":[{"width":662,"height":662,"url":"https:\/\/www.ugtcomunicaciones.es\/wordpress\/wp-content\/uploads\/2022\/02\/WhatsApp-Image-2022-02-02-at-5.37.55-PM.jpeg","type":"image\/jpeg"}],"author":"UGT","twitter_card":"summary_large_image","twitter_creator":"@ugtcom","twitter_site":"@ugtcom","twitter_misc":{"Escrito por":"UGT","Tiempo de lectura":"2 minutos"},"schema":{"@context":"https:\/\/schema.org","@graph":[{"@type":"Article","@id":"https:\/\/www.ugtcomunicaciones.es\/wordpress\/11-de-febrero-dia-internacional-de-la-mujer-y-la-nina-en-la-ciencia-2\/#article","isPartOf":{"@id":"https:\/\/www.ugtcomunicaciones.es\/wordpress\/11-de-febrero-dia-internacional-de-la-mujer-y-la-nina-en-la-ciencia-2\/"},"author":{"name":"UGT","@id":"https:\/\/www.ugtcomunicaciones.es\/wordpress\/#\/schema\/person\/eba0fc3fe5b444531d94d4368cba89ed"},"headline":"11 de febrero D\u00eda Internacional de la Mujer y la Ni\u00f1a en la Ciencia","datePublished":"2022-02-11T09:17:18+00:00","dateModified":"2022-02-14T10:00:14+00:00","mainEntityOfPage":{"@id":"https:\/\/www.ugtcomunicaciones.es\/wordpress\/11-de-febrero-dia-internacional-de-la-mujer-y-la-nina-en-la-ciencia-2\/"},"wordCount":434,"publisher":{"@id":"https:\/\/www.ugtcomunicaciones.es\/wordpress\/#organization"},"image":{"@id":"https:\/\/www.ugtcomunicaciones.es\/wordpress\/11-de-febrero-dia-internacional-de-la-mujer-y-la-nina-en-la-ciencia-2\/#primaryimage"},"thumbnailUrl":"https:\/\/www.ugtcomunicaciones.es\/wordpress\/wp-content\/uploads\/2022\/02\/WhatsApp-Image-2022-02-02-at-5.37.55-PM.jpeg","articleSection":["Feminismo"],"inLanguage":"es"},{"@type":"WebPage","@id":"https:\/\/www.ugtcomunicaciones.es\/wordpress\/11-de-febrero-dia-internacional-de-la-mujer-y-la-nina-en-la-ciencia-2\/","url":"https:\/\/www.ugtcomunicaciones.es\/wordpress\/11-de-febrero-dia-internacional-de-la-mujer-y-la-nina-en-la-ciencia-2\/","name":"11 de febrero D\u00eda Internacional de la Mujer y la Ni\u00f1a en la Ciencia - UGT Comunicaciones","isPartOf":{"@id":"https:\/\/www.ugtcomunicaciones.es\/wordpress\/#website"},"primaryImageOfPage":{"@id":"https:\/\/www.ugtcomunicaciones.es\/wordpress\/11-de-febrero-dia-internacional-de-la-mujer-y-la-nina-en-la-ciencia-2\/#primaryimage"},"image":{"@id":"https:\/\/www.ugtcomunicaciones.es\/wordpress\/11-de-febrero-dia-internacional-de-la-mujer-y-la-nina-en-la-ciencia-2\/#primaryimage"},"thumbnailUrl":"https:\/\/www.ugtcomunicaciones.es\/wordpress\/wp-content\/uploads\/2022\/02\/WhatsApp-Image-2022-02-02-at-5.37.55-PM.jpeg","datePublished":"2022-02-11T09:17:18+00:00","dateModified":"2022-02-14T10:00:14+00:00","description":"Como cada 11 de febrero, D\u00eda Internacional de la Mujer y la Ni\u00f1a en la Ciencia, desde UGT Comunicaciones y Cultura recordamos el papel...","breadcrumb":{"@id":"https:\/\/www.ugtcomunicaciones.es\/wordpress\/11-de-febrero-dia-internacional-de-la-mujer-y-la-nina-en-la-ciencia-2\/#breadcrumb"},"inLanguage":"es","potentialAction":[{"@type":"ReadAction","target":["https:\/\/www.ugtcomunicaciones.es\/wordpress\/11-de-febrero-dia-internacional-de-la-mujer-y-la-nina-en-la-ciencia-2\/"]}]},{"@type":"ImageObject","inLanguage":"es","@id":"https:\/\/www.ugtcomunicaciones.es\/wordpress\/11-de-febrero-dia-internacional-de-la-mujer-y-la-nina-en-la-ciencia-2\/#primaryimage","url":"https:\/\/www.ugtcomunicaciones.es\/wordpress\/wp-content\/uploads\/2022\/02\/WhatsApp-Image-2022-02-02-at-5.37.55-PM.jpeg","contentUrl":"https:\/\/www.ugtcomunicaciones.es\/wordpress\/wp-content\/uploads\/2022\/02\/WhatsApp-Image-2022-02-02-at-5.37.55-PM.jpeg","width":662,"height":662},{"@type":"BreadcrumbList","@id":"https:\/\/www.ugtcomunicaciones.es\/wordpress\/11-de-febrero-dia-internacional-de-la-mujer-y-la-nina-en-la-ciencia-2\/#breadcrumb","itemListElement":[{"@type":"ListItem","position":1,"name":"Portada","item":"https:\/\/www.ugtcomunicaciones.es\/wordpress\/"},{"@type":"ListItem","position":2,"name":"11 de febrero D\u00eda Internacional de la Mujer y la Ni\u00f1a en la Ciencia"}]},{"@type":"WebSite","@id":"https:\/\/www.ugtcomunicaciones.es\/wordpress\/#website","url":"https:\/\/www.ugtcomunicaciones.es\/wordpress\/","name":"UGT Comunicaciones","description":"Sindicato de Telecomunicaciones","publisher":{"@id":"https:\/\/www.ugtcomunicaciones.es\/wordpress\/#organization"},"potentialAction":[{"@type":"SearchAction","target":{"@type":"EntryPoint","urlTemplate":"https:\/\/www.ugtcomunicaciones.es\/wordpress\/?s={search_term_string}"},"query-input":{"@type":"PropertyValueSpecification","valueRequired":true,"valueName":"search_term_string"}}],"inLanguage":"es"},{"@type":"Organization","@id":"https:\/\/www.ugtcomunicaciones.es\/wordpress\/#organization","name":"UGT Comunicaciones","url":"https:\/\/www.ugtcomunicaciones.es\/wordpress\/","logo":{"@type":"ImageObject","inLanguage":"es","@id":"https:\/\/www.ugtcomunicaciones.es\/wordpress\/#\/schema\/logo\/image\/","url":"https:\/\/www.ugtcomunicaciones.es\/wordpress\/wp-content\/uploads\/2024\/04\/comunicaciones_logo.png","contentUrl":"https:\/\/www.ugtcomunicaciones.es\/wordpress\/wp-content\/uploads\/2024\/04\/comunicaciones_logo.png","width":298,"height":81,"caption":"UGT Comunicaciones"},"image":{"@id":"https:\/\/www.ugtcomunicaciones.es\/wordpress\/#\/schema\/logo\/image\/"},"sameAs":["https:\/\/www.facebook.com\/ugt.comunicaciones\/","https:\/\/x.com\/ugtcom"]},{"@type":"Person","@id":"https:\/\/www.ugtcomunicaciones.es\/wordpress\/#\/schema\/person\/eba0fc3fe5b444531d94d4368cba89ed","name":"UGT","image":{"@type":"ImageObject","inLanguage":"es","@id":"https:\/\/secure.gravatar.com\/avatar\/2a16057d620a4c646bcfc171c4f23030879ebbdd346f0525bd5d4a564e57e13d?s=96&d=mm&r=g","url":"https:\/\/secure.gravatar.com\/avatar\/2a16057d620a4c646bcfc171c4f23030879ebbdd346f0525bd5d4a564e57e13d?s=96&d=mm&r=g","contentUrl":"https:\/\/secure.gravatar.com\/avatar\/2a16057d620a4c646bcfc171c4f23030879ebbdd346f0525bd5d4a564e57e13d?s=96&d=mm&r=g","caption":"UGT"}}]}},"_links":{"self":[{"href":"https:\/\/www.ugtcomunicaciones.es\/wordpress\/wp-json\/wp\/v2\/posts\/967804","targetHints":{"allow":["GET"]}}],"collection":[{"href":"https:\/\/www.ugtcomunicaciones.es\/wordpress\/wp-json\/wp\/v2\/posts"}],"about":[{"href":"https:\/\/www.ugtcomunicaciones.es\/wordpress\/wp-json\/wp\/v2\/types\/post"}],"author":[{"embeddable":true,"href":"https:\/\/www.ugtcomunicaciones.es\/wordpress\/wp-json\/wp\/v2\/users\/3"}],"replies":[{"embeddable":true,"href":"https:\/\/www.ugtcomunicaciones.es\/wordpress\/wp-json\/wp\/v2\/comments?post=967804"}],"version-history":[{"count":0,"href":"https:\/\/www.ugtcomunicaciones.es\/wordpress\/wp-json\/wp\/v2\/posts\/967804\/revisions"}],"wp:featuredmedia":[{"embeddable":true,"href":"https:\/\/www.ugtcomunicaciones.es\/wordpress\/wp-json\/wp\/v2\/media\/967805"}],"wp:attachment":[{"href":"https:\/\/www.ugtcomunicaciones.es\/wordpress\/wp-json\/wp\/v2\/media?parent=967804"}],"wp:term":[{"taxonomy":"category","embeddable":true,"href":"https:\/\/www.ugtcomunicaciones.es\/wordpress\/wp-json\/wp\/v2\/categories?post=967804"},{"taxonomy":"post_tag","embeddable":true,"href":"https:\/\/www.ugtcomunicaciones.es\/wordpress\/wp-json\/wp\/v2\/tags?post=967804"}],"curies":[{"name":"wp","href":"https:\/\/api.w.org\/{rel}","templated":true}]}}