{"id":977617,"date":"2022-03-08T09:12:42","date_gmt":"2022-03-08T07:12:42","guid":{"rendered":"https:\/\/www.ugtcomunicaciones.es\/wordpress\/?p=977617"},"modified":"2022-03-08T09:13:31","modified_gmt":"2022-03-08T07:13:31","slug":"8m-igualdad-hoy-para-un-manana-sostenible","status":"publish","type":"post","link":"https:\/\/www.ugtcomunicaciones.es\/wordpress\/8m-igualdad-hoy-para-un-manana-sostenible\/","title":{"rendered":"8M Igualdad hoy para un ma\u00f1ana sostenible"},"content":{"rendered":"<p align=\"justify\">En este 2022 desde\u00a0<strong><span style=\"color: #ff0000;\">UGT<\/span> Comunicaciones y Cultura<\/strong>\u00a0nos unimos al movimiento de ONU Mujeres que apuesta por la Igualdad como requisito imprescindible para lograr un futuro sostenible.<\/p>\n<p align=\"justify\">La igualdad es uno de los 17 Objetivos de Desarrollo Sostenible (ODS) establecidos por la ONU para alcanzar la sostenibilidad de nuestro futuro, sin embargo, se trata de un objetivo sin el que los dem\u00e1s no podr\u00e1n ser alcanzados.<\/p>\n<p>La crisis clim\u00e1tica y los desastres naturales han tenido y seguir\u00e1n teniendo consecuencias graves y duraderas en nuestro desarrollo social, econ\u00f3mico y medioambiental. Su reducci\u00f3n es, posiblemente, uno de los mayores desaf\u00edos al que se enfrentan los estados en el siglo XXI. Sin duda, las mujeres tienen ideas y capacidad de liderazgo para participar en la resoluci\u00f3n de estos problemas.<\/p>\n<p align=\"justify\">Entre las dificultades que todav\u00eda existen para alcanzar la igualdad nos encontramos con una infrarrepresentaci\u00f3n general de las mujeres en todos los niveles de liderazgo pol\u00edtico y laboral. No es posible alcanzar todo el potencial humano y garantizar el desarrollo sostenible si se sigue negando a la mitad de la humanidad el pleno disfrute de sus derechos y sus oportunidades.<\/p>\n<p align=\"justify\">Actualmente se ignora a las mujeres para los puestos de liderazgo que merecen, pese a tener un papel clave en todas las esferas de la sociedad. Poner a las mujeres en el centro de poder de las econom\u00edas dar\u00e1 lugar a mejores resultados de desarrollo para todas las personas, apoyar\u00e1 una recuperaci\u00f3n m\u00e1s r\u00e1pida y encauzar\u00e1 al mundo para alcanzar los Objetivos de Desarrollo Sostenible.<\/p>\n<p align=\"justify\">Las conclusiones obtenidas por ONU Mujeres demuestran que ellas, mayoritariamente y de una forma decidida, se implican en iniciativas sociales en todo el mundo y su participaci\u00f3n y liderazgo generan una acci\u00f3n por el clima m\u00e1s eficaz. Para lograr el desarrollo sostenible y una igualdad real, es esencial que las mujeres participen de forma igualitaria y tengan voz y visibilidad en la toma de decisiones en todos los \u00e1mbitos de la sociedad.<\/p>\n<p align=\"justify\"><strong>Sin igualdad hoy, el futuro sostenible seguir\u00e1 estando fuera de nuestro alcance.<\/strong><\/p>\n","protected":false},"excerpt":{"rendered":"<p>En este 2022 desde\u00a0UGT Comunicaciones y Cultura\u00a0nos unimos al movimiento de ONU Mujeres que apuesta por la Igualdad como requisito imprescindible para lograr un futuro sostenible. La igualdad es uno de los 17 Objetivos de Desarrollo Sostenible (ODS) establecidos por la ONU para alcanzar la sostenibilidad de nuestro futuro, sin embargo, se trata de un [&hellip;]<\/p>\n","protected":false},"author":3,"featured_media":977618,"comment_status":"closed","ping_status":"closed","sticky":false,"template":"","format":"standard","meta":{"footnotes":""},"categories":[89],"tags":[],"class_list":["post-977617","post","type-post","status-publish","format-standard","has-post-thumbnail","hentry","category-feminismo"],"yoast_head":"<!-- This site is optimized with the Yoast SEO Premium plugin v27.3 (Yoast SEO v27.4) - https:\/\/yoast.com\/product\/yoast-seo-premium-wordpress\/ -->\n<title>8M Igualdad hoy para un ma\u00f1ana sostenible - UGT Comunicaciones<\/title>\n<meta name=\"robots\" content=\"index, follow, max-snippet:-1, max-image-preview:large, max-video-preview:-1\" \/>\n<link rel=\"canonical\" href=\"https:\/\/www.ugtcomunicaciones.es\/wordpress\/8m-igualdad-hoy-para-un-manana-sostenible\/\" \/>\n<meta property=\"og:locale\" content=\"es_ES\" \/>\n<meta property=\"og:type\" content=\"article\" \/>\n<meta property=\"og:title\" content=\"8M Igualdad hoy para un ma\u00f1ana sostenible\" \/>\n<meta property=\"og:description\" content=\"En este 2022 desde\u00a0UGT Comunicaciones y Cultura\u00a0nos unimos al movimiento de ONU Mujeres que apuesta por la Igualdad como requisito imprescindible para lograr un futuro sostenible. La igualdad es uno de los 17 Objetivos de Desarrollo Sostenible (ODS) establecidos por la ONU para alcanzar la sostenibilidad de nuestro futuro, sin embargo, se trata de un [&hellip;]\" \/>\n<meta property=\"og:url\" content=\"https:\/\/www.ugtcomunicaciones.es\/wordpress\/8m-igualdad-hoy-para-un-manana-sostenible\/\" \/>\n<meta property=\"og:site_name\" content=\"UGT Comunicaciones\" \/>\n<meta property=\"article:publisher\" content=\"https:\/\/www.facebook.com\/ugt.comunicaciones\/\" \/>\n<meta property=\"article:published_time\" content=\"2022-03-08T07:12:42+00:00\" \/>\n<meta property=\"article:modified_time\" content=\"2022-03-08T07:13:31+00:00\" \/>\n<meta property=\"og:image\" content=\"https:\/\/www.ugtcomunicaciones.es\/wordpress\/wp-content\/uploads\/2022\/03\/8m_sector3_lowres.png\" \/>\n\t<meta property=\"og:image:width\" content=\"1024\" \/>\n\t<meta property=\"og:image:height\" content=\"682\" \/>\n\t<meta property=\"og:image:type\" content=\"image\/png\" \/>\n<meta name=\"author\" content=\"UGT\" \/>\n<meta name=\"twitter:card\" content=\"summary_large_image\" \/>\n<meta name=\"twitter:creator\" content=\"@ugtcom\" \/>\n<meta name=\"twitter:site\" content=\"@ugtcom\" \/>\n<meta name=\"twitter:label1\" content=\"Escrito por\" \/>\n\t<meta name=\"twitter:data1\" content=\"UGT\" \/>\n\t<meta name=\"twitter:label2\" content=\"Tiempo de lectura\" \/>\n\t<meta name=\"twitter:data2\" content=\"2 minutos\" \/>\n<script type=\"application\/ld+json\" class=\"yoast-schema-graph\">{\"@context\":\"https:\\\/\\\/schema.org\",\"@graph\":[{\"@type\":\"Article\",\"@id\":\"https:\\\/\\\/www.ugtcomunicaciones.es\\\/wordpress\\\/8m-igualdad-hoy-para-un-manana-sostenible\\\/#article\",\"isPartOf\":{\"@id\":\"https:\\\/\\\/www.ugtcomunicaciones.es\\\/wordpress\\\/8m-igualdad-hoy-para-un-manana-sostenible\\\/\"},\"author\":{\"name\":\"UGT\",\"@id\":\"https:\\\/\\\/www.ugtcomunicaciones.es\\\/wordpress\\\/#\\\/schema\\\/person\\\/eba0fc3fe5b444531d94d4368cba89ed\"},\"headline\":\"8M Igualdad hoy para un ma\u00f1ana sostenible\",\"datePublished\":\"2022-03-08T07:12:42+00:00\",\"dateModified\":\"2022-03-08T07:13:31+00:00\",\"mainEntityOfPage\":{\"@id\":\"https:\\\/\\\/www.ugtcomunicaciones.es\\\/wordpress\\\/8m-igualdad-hoy-para-un-manana-sostenible\\\/\"},\"wordCount\":360,\"publisher\":{\"@id\":\"https:\\\/\\\/www.ugtcomunicaciones.es\\\/wordpress\\\/#organization\"},\"image\":{\"@id\":\"https:\\\/\\\/www.ugtcomunicaciones.es\\\/wordpress\\\/8m-igualdad-hoy-para-un-manana-sostenible\\\/#primaryimage\"},\"thumbnailUrl\":\"https:\\\/\\\/www.ugtcomunicaciones.es\\\/wordpress\\\/wp-content\\\/uploads\\\/2022\\\/03\\\/8m_sector3_lowres.png\",\"articleSection\":[\"Feminismo\"],\"inLanguage\":\"es\"},{\"@type\":\"WebPage\",\"@id\":\"https:\\\/\\\/www.ugtcomunicaciones.es\\\/wordpress\\\/8m-igualdad-hoy-para-un-manana-sostenible\\\/\",\"url\":\"https:\\\/\\\/www.ugtcomunicaciones.es\\\/wordpress\\\/8m-igualdad-hoy-para-un-manana-sostenible\\\/\",\"name\":\"8M Igualdad hoy para un ma\u00f1ana sostenible - UGT Comunicaciones\",\"isPartOf\":{\"@id\":\"https:\\\/\\\/www.ugtcomunicaciones.es\\\/wordpress\\\/#website\"},\"primaryImageOfPage\":{\"@id\":\"https:\\\/\\\/www.ugtcomunicaciones.es\\\/wordpress\\\/8m-igualdad-hoy-para-un-manana-sostenible\\\/#primaryimage\"},\"image\":{\"@id\":\"https:\\\/\\\/www.ugtcomunicaciones.es\\\/wordpress\\\/8m-igualdad-hoy-para-un-manana-sostenible\\\/#primaryimage\"},\"thumbnailUrl\":\"https:\\\/\\\/www.ugtcomunicaciones.es\\\/wordpress\\\/wp-content\\\/uploads\\\/2022\\\/03\\\/8m_sector3_lowres.png\",\"datePublished\":\"2022-03-08T07:12:42+00:00\",\"dateModified\":\"2022-03-08T07:13:31+00:00\",\"breadcrumb\":{\"@id\":\"https:\\\/\\\/www.ugtcomunicaciones.es\\\/wordpress\\\/8m-igualdad-hoy-para-un-manana-sostenible\\\/#breadcrumb\"},\"inLanguage\":\"es\",\"potentialAction\":[{\"@type\":\"ReadAction\",\"target\":[\"https:\\\/\\\/www.ugtcomunicaciones.es\\\/wordpress\\\/8m-igualdad-hoy-para-un-manana-sostenible\\\/\"]}]},{\"@type\":\"ImageObject\",\"inLanguage\":\"es\",\"@id\":\"https:\\\/\\\/www.ugtcomunicaciones.es\\\/wordpress\\\/8m-igualdad-hoy-para-un-manana-sostenible\\\/#primaryimage\",\"url\":\"https:\\\/\\\/www.ugtcomunicaciones.es\\\/wordpress\\\/wp-content\\\/uploads\\\/2022\\\/03\\\/8m_sector3_lowres.png\",\"contentUrl\":\"https:\\\/\\\/www.ugtcomunicaciones.es\\\/wordpress\\\/wp-content\\\/uploads\\\/2022\\\/03\\\/8m_sector3_lowres.png\",\"width\":1024,\"height\":682},{\"@type\":\"BreadcrumbList\",\"@id\":\"https:\\\/\\\/www.ugtcomunicaciones.es\\\/wordpress\\\/8m-igualdad-hoy-para-un-manana-sostenible\\\/#breadcrumb\",\"itemListElement\":[{\"@type\":\"ListItem\",\"position\":1,\"name\":\"Portada\",\"item\":\"https:\\\/\\\/www.ugtcomunicaciones.es\\\/wordpress\\\/\"},{\"@type\":\"ListItem\",\"position\":2,\"name\":\"8M Igualdad hoy para un ma\u00f1ana sostenible\"}]},{\"@type\":\"WebSite\",\"@id\":\"https:\\\/\\\/www.ugtcomunicaciones.es\\\/wordpress\\\/#website\",\"url\":\"https:\\\/\\\/www.ugtcomunicaciones.es\\\/wordpress\\\/\",\"name\":\"UGT Comunicaciones\",\"description\":\"Sindicato de Telecomunicaciones\",\"publisher\":{\"@id\":\"https:\\\/\\\/www.ugtcomunicaciones.es\\\/wordpress\\\/#organization\"},\"potentialAction\":[{\"@type\":\"SearchAction\",\"target\":{\"@type\":\"EntryPoint\",\"urlTemplate\":\"https:\\\/\\\/www.ugtcomunicaciones.es\\\/wordpress\\\/?s={search_term_string}\"},\"query-input\":{\"@type\":\"PropertyValueSpecification\",\"valueRequired\":true,\"valueName\":\"search_term_string\"}}],\"inLanguage\":\"es\"},{\"@type\":\"Organization\",\"@id\":\"https:\\\/\\\/www.ugtcomunicaciones.es\\\/wordpress\\\/#organization\",\"name\":\"UGT Comunicaciones\",\"url\":\"https:\\\/\\\/www.ugtcomunicaciones.es\\\/wordpress\\\/\",\"logo\":{\"@type\":\"ImageObject\",\"inLanguage\":\"es\",\"@id\":\"https:\\\/\\\/www.ugtcomunicaciones.es\\\/wordpress\\\/#\\\/schema\\\/logo\\\/image\\\/\",\"url\":\"https:\\\/\\\/www.ugtcomunicaciones.es\\\/wordpress\\\/wp-content\\\/uploads\\\/2024\\\/04\\\/comunicaciones_logo.png\",\"contentUrl\":\"https:\\\/\\\/www.ugtcomunicaciones.es\\\/wordpress\\\/wp-content\\\/uploads\\\/2024\\\/04\\\/comunicaciones_logo.png\",\"width\":298,\"height\":81,\"caption\":\"UGT Comunicaciones\"},\"image\":{\"@id\":\"https:\\\/\\\/www.ugtcomunicaciones.es\\\/wordpress\\\/#\\\/schema\\\/logo\\\/image\\\/\"},\"sameAs\":[\"https:\\\/\\\/www.facebook.com\\\/ugt.comunicaciones\\\/\",\"https:\\\/\\\/x.com\\\/ugtcom\"]},{\"@type\":\"Person\",\"@id\":\"https:\\\/\\\/www.ugtcomunicaciones.es\\\/wordpress\\\/#\\\/schema\\\/person\\\/eba0fc3fe5b444531d94d4368cba89ed\",\"name\":\"UGT\",\"image\":{\"@type\":\"ImageObject\",\"inLanguage\":\"es\",\"@id\":\"https:\\\/\\\/secure.gravatar.com\\\/avatar\\\/2a16057d620a4c646bcfc171c4f23030879ebbdd346f0525bd5d4a564e57e13d?s=96&d=mm&r=g\",\"url\":\"https:\\\/\\\/secure.gravatar.com\\\/avatar\\\/2a16057d620a4c646bcfc171c4f23030879ebbdd346f0525bd5d4a564e57e13d?s=96&d=mm&r=g\",\"contentUrl\":\"https:\\\/\\\/secure.gravatar.com\\\/avatar\\\/2a16057d620a4c646bcfc171c4f23030879ebbdd346f0525bd5d4a564e57e13d?s=96&d=mm&r=g\",\"caption\":\"UGT\"}}]}<\/script>\n<!-- \/ Yoast SEO Premium plugin. -->","yoast_head_json":{"title":"8M Igualdad hoy para un ma\u00f1ana sostenible - UGT Comunicaciones","robots":{"index":"index","follow":"follow","max-snippet":"max-snippet:-1","max-image-preview":"max-image-preview:large","max-video-preview":"max-video-preview:-1"},"canonical":"https:\/\/www.ugtcomunicaciones.es\/wordpress\/8m-igualdad-hoy-para-un-manana-sostenible\/","og_locale":"es_ES","og_type":"article","og_title":"8M Igualdad hoy para un ma\u00f1ana sostenible","og_description":"En este 2022 desde\u00a0UGT Comunicaciones y Cultura\u00a0nos unimos al movimiento de ONU Mujeres que apuesta por la Igualdad como requisito imprescindible para lograr un futuro sostenible. La igualdad es uno de los 17 Objetivos de Desarrollo Sostenible (ODS) establecidos por la ONU para alcanzar la sostenibilidad de nuestro futuro, sin embargo, se trata de un [&hellip;]","og_url":"https:\/\/www.ugtcomunicaciones.es\/wordpress\/8m-igualdad-hoy-para-un-manana-sostenible\/","og_site_name":"UGT Comunicaciones","article_publisher":"https:\/\/www.facebook.com\/ugt.comunicaciones\/","article_published_time":"2022-03-08T07:12:42+00:00","article_modified_time":"2022-03-08T07:13:31+00:00","og_image":[{"width":1024,"height":682,"url":"https:\/\/www.ugtcomunicaciones.es\/wordpress\/wp-content\/uploads\/2022\/03\/8m_sector3_lowres.png","type":"image\/png"}],"author":"UGT","twitter_card":"summary_large_image","twitter_creator":"@ugtcom","twitter_site":"@ugtcom","twitter_misc":{"Escrito por":"UGT","Tiempo de lectura":"2 minutos"},"schema":{"@context":"https:\/\/schema.org","@graph":[{"@type":"Article","@id":"https:\/\/www.ugtcomunicaciones.es\/wordpress\/8m-igualdad-hoy-para-un-manana-sostenible\/#article","isPartOf":{"@id":"https:\/\/www.ugtcomunicaciones.es\/wordpress\/8m-igualdad-hoy-para-un-manana-sostenible\/"},"author":{"name":"UGT","@id":"https:\/\/www.ugtcomunicaciones.es\/wordpress\/#\/schema\/person\/eba0fc3fe5b444531d94d4368cba89ed"},"headline":"8M Igualdad hoy para un ma\u00f1ana sostenible","datePublished":"2022-03-08T07:12:42+00:00","dateModified":"2022-03-08T07:13:31+00:00","mainEntityOfPage":{"@id":"https:\/\/www.ugtcomunicaciones.es\/wordpress\/8m-igualdad-hoy-para-un-manana-sostenible\/"},"wordCount":360,"publisher":{"@id":"https:\/\/www.ugtcomunicaciones.es\/wordpress\/#organization"},"image":{"@id":"https:\/\/www.ugtcomunicaciones.es\/wordpress\/8m-igualdad-hoy-para-un-manana-sostenible\/#primaryimage"},"thumbnailUrl":"https:\/\/www.ugtcomunicaciones.es\/wordpress\/wp-content\/uploads\/2022\/03\/8m_sector3_lowres.png","articleSection":["Feminismo"],"inLanguage":"es"},{"@type":"WebPage","@id":"https:\/\/www.ugtcomunicaciones.es\/wordpress\/8m-igualdad-hoy-para-un-manana-sostenible\/","url":"https:\/\/www.ugtcomunicaciones.es\/wordpress\/8m-igualdad-hoy-para-un-manana-sostenible\/","name":"8M Igualdad hoy para un ma\u00f1ana sostenible - UGT Comunicaciones","isPartOf":{"@id":"https:\/\/www.ugtcomunicaciones.es\/wordpress\/#website"},"primaryImageOfPage":{"@id":"https:\/\/www.ugtcomunicaciones.es\/wordpress\/8m-igualdad-hoy-para-un-manana-sostenible\/#primaryimage"},"image":{"@id":"https:\/\/www.ugtcomunicaciones.es\/wordpress\/8m-igualdad-hoy-para-un-manana-sostenible\/#primaryimage"},"thumbnailUrl":"https:\/\/www.ugtcomunicaciones.es\/wordpress\/wp-content\/uploads\/2022\/03\/8m_sector3_lowres.png","datePublished":"2022-03-08T07:12:42+00:00","dateModified":"2022-03-08T07:13:31+00:00","breadcrumb":{"@id":"https:\/\/www.ugtcomunicaciones.es\/wordpress\/8m-igualdad-hoy-para-un-manana-sostenible\/#breadcrumb"},"inLanguage":"es","potentialAction":[{"@type":"ReadAction","target":["https:\/\/www.ugtcomunicaciones.es\/wordpress\/8m-igualdad-hoy-para-un-manana-sostenible\/"]}]},{"@type":"ImageObject","inLanguage":"es","@id":"https:\/\/www.ugtcomunicaciones.es\/wordpress\/8m-igualdad-hoy-para-un-manana-sostenible\/#primaryimage","url":"https:\/\/www.ugtcomunicaciones.es\/wordpress\/wp-content\/uploads\/2022\/03\/8m_sector3_lowres.png","contentUrl":"https:\/\/www.ugtcomunicaciones.es\/wordpress\/wp-content\/uploads\/2022\/03\/8m_sector3_lowres.png","width":1024,"height":682},{"@type":"BreadcrumbList","@id":"https:\/\/www.ugtcomunicaciones.es\/wordpress\/8m-igualdad-hoy-para-un-manana-sostenible\/#breadcrumb","itemListElement":[{"@type":"ListItem","position":1,"name":"Portada","item":"https:\/\/www.ugtcomunicaciones.es\/wordpress\/"},{"@type":"ListItem","position":2,"name":"8M Igualdad hoy para un ma\u00f1ana sostenible"}]},{"@type":"WebSite","@id":"https:\/\/www.ugtcomunicaciones.es\/wordpress\/#website","url":"https:\/\/www.ugtcomunicaciones.es\/wordpress\/","name":"UGT Comunicaciones","description":"Sindicato de Telecomunicaciones","publisher":{"@id":"https:\/\/www.ugtcomunicaciones.es\/wordpress\/#organization"},"potentialAction":[{"@type":"SearchAction","target":{"@type":"EntryPoint","urlTemplate":"https:\/\/www.ugtcomunicaciones.es\/wordpress\/?s={search_term_string}"},"query-input":{"@type":"PropertyValueSpecification","valueRequired":true,"valueName":"search_term_string"}}],"inLanguage":"es"},{"@type":"Organization","@id":"https:\/\/www.ugtcomunicaciones.es\/wordpress\/#organization","name":"UGT Comunicaciones","url":"https:\/\/www.ugtcomunicaciones.es\/wordpress\/","logo":{"@type":"ImageObject","inLanguage":"es","@id":"https:\/\/www.ugtcomunicaciones.es\/wordpress\/#\/schema\/logo\/image\/","url":"https:\/\/www.ugtcomunicaciones.es\/wordpress\/wp-content\/uploads\/2024\/04\/comunicaciones_logo.png","contentUrl":"https:\/\/www.ugtcomunicaciones.es\/wordpress\/wp-content\/uploads\/2024\/04\/comunicaciones_logo.png","width":298,"height":81,"caption":"UGT Comunicaciones"},"image":{"@id":"https:\/\/www.ugtcomunicaciones.es\/wordpress\/#\/schema\/logo\/image\/"},"sameAs":["https:\/\/www.facebook.com\/ugt.comunicaciones\/","https:\/\/x.com\/ugtcom"]},{"@type":"Person","@id":"https:\/\/www.ugtcomunicaciones.es\/wordpress\/#\/schema\/person\/eba0fc3fe5b444531d94d4368cba89ed","name":"UGT","image":{"@type":"ImageObject","inLanguage":"es","@id":"https:\/\/secure.gravatar.com\/avatar\/2a16057d620a4c646bcfc171c4f23030879ebbdd346f0525bd5d4a564e57e13d?s=96&d=mm&r=g","url":"https:\/\/secure.gravatar.com\/avatar\/2a16057d620a4c646bcfc171c4f23030879ebbdd346f0525bd5d4a564e57e13d?s=96&d=mm&r=g","contentUrl":"https:\/\/secure.gravatar.com\/avatar\/2a16057d620a4c646bcfc171c4f23030879ebbdd346f0525bd5d4a564e57e13d?s=96&d=mm&r=g","caption":"UGT"}}]}},"_links":{"self":[{"href":"https:\/\/www.ugtcomunicaciones.es\/wordpress\/wp-json\/wp\/v2\/posts\/977617","targetHints":{"allow":["GET"]}}],"collection":[{"href":"https:\/\/www.ugtcomunicaciones.es\/wordpress\/wp-json\/wp\/v2\/posts"}],"about":[{"href":"https:\/\/www.ugtcomunicaciones.es\/wordpress\/wp-json\/wp\/v2\/types\/post"}],"author":[{"embeddable":true,"href":"https:\/\/www.ugtcomunicaciones.es\/wordpress\/wp-json\/wp\/v2\/users\/3"}],"replies":[{"embeddable":true,"href":"https:\/\/www.ugtcomunicaciones.es\/wordpress\/wp-json\/wp\/v2\/comments?post=977617"}],"version-history":[{"count":0,"href":"https:\/\/www.ugtcomunicaciones.es\/wordpress\/wp-json\/wp\/v2\/posts\/977617\/revisions"}],"wp:featuredmedia":[{"embeddable":true,"href":"https:\/\/www.ugtcomunicaciones.es\/wordpress\/wp-json\/wp\/v2\/media\/977618"}],"wp:attachment":[{"href":"https:\/\/www.ugtcomunicaciones.es\/wordpress\/wp-json\/wp\/v2\/media?parent=977617"}],"wp:term":[{"taxonomy":"category","embeddable":true,"href":"https:\/\/www.ugtcomunicaciones.es\/wordpress\/wp-json\/wp\/v2\/categories?post=977617"},{"taxonomy":"post_tag","embeddable":true,"href":"https:\/\/www.ugtcomunicaciones.es\/wordpress\/wp-json\/wp\/v2\/tags?post=977617"}],"curies":[{"name":"wp","href":"https:\/\/api.w.org\/{rel}","templated":true}]}}