{"id":988410,"date":"2022-04-18T07:00:00","date_gmt":"2022-04-18T06:00:00","guid":{"rendered":"https:\/\/www.ugtcomunicaciones.es\/wordpress\/?p=988410"},"modified":"2022-04-05T08:37:06","modified_gmt":"2022-04-05T07:37:06","slug":"ree-y-digi-tambien-sufragaran-el-servicio-universal-de-comunicaciones","status":"publish","type":"post","link":"https:\/\/www.ugtcomunicaciones.es\/wordpress\/ree-y-digi-tambien-sufragaran-el-servicio-universal-de-comunicaciones\/","title":{"rendered":"REE y DIGI tambi\u00e9n sufragar\u00e1n el Servicio Universal de Comunicaciones"},"content":{"rendered":"<p style=\"text-align: justify;\">El regulador sectorial, con un evidente retraso, acaba de confirmar el coste neto del Servicio Universal de Telecomunicaciones de 2018<sup class=\"modern-footnotes-footnote \" data-mfn=\"1\" data-mfn-post-scope=\"000000000000413c0000000000000000_988410\"><a href=\"javascript:void(0)\"  role=\"button\" aria-pressed=\"false\" aria-describedby=\"mfn-content-000000000000413c0000000000000000_988410-1\">1<\/a><\/sup><span id=\"mfn-content-000000000000413c0000000000000000_988410-1\" role=\"tooltip\" class=\"modern-footnotes-footnote__note\" tabindex=\"0\" data-mfn=\"1\"><a href=\"https:\/\/www.ugtcomunicaciones.es\/wordpress\/se-estanca-el-coste-del-servicio-universal\/\" target=\"_blank\" rel=\"noopener\">https:\/\/www.ugtcomunicaciones.es\/wordpress\/se-estanca-el-coste-del-servicio-universal\/<\/a><\/span>, as\u00ed como los operadores<sup class=\"modern-footnotes-footnote \" data-mfn=\"2\" data-mfn-post-scope=\"000000000000413c0000000000000000_988410\"><a href=\"javascript:void(0)\"  role=\"button\" aria-pressed=\"false\" aria-describedby=\"mfn-content-000000000000413c0000000000000000_988410-2\">2<\/a><\/sup><span id=\"mfn-content-000000000000413c0000000000000000_988410-2\" role=\"tooltip\" class=\"modern-footnotes-footnote__note\" tabindex=\"0\" data-mfn=\"2\"><a href=\"https:\/\/es.investing.com\/news\/stock-market-news\/telefonica-financiara-el-45--del-servicio-universal-de-telefonia-de-2018-2228088\" target=\"_blank\" rel=\"noopener\">https:\/\/es.investing.com\/news\/stock-market-news\/telefonica-financiara-el-45&#8211;del-servicio-universal-de-telefonia-de-2018-2228088<\/a><\/span> que deber\u00e1n contribuir a sufragarlo<sup class=\"modern-footnotes-footnote \" data-mfn=\"3\" data-mfn-post-scope=\"000000000000413c0000000000000000_988410\"><a href=\"javascript:void(0)\"  role=\"button\" aria-pressed=\"false\" aria-describedby=\"mfn-content-000000000000413c0000000000000000_988410-3\">3<\/a><\/sup><span id=\"mfn-content-000000000000413c0000000000000000_988410-3\" role=\"tooltip\" class=\"modern-footnotes-footnote__note\" tabindex=\"0\" data-mfn=\"3\"><a href=\"https:\/\/www.boe.es\/diario_boe\/txt.php?id=BOE-B-2022-8224\" target=\"_blank\" rel=\"noopener\">https:\/\/www.boe.es\/diario_boe\/txt.php?id=BOE-B-2022-8224<\/a><\/span>.<\/p>\n<p style=\"text-align: justify;\">Y en este \u00faltimo punto encontramos dos novedades, a diferencia de a\u00f1os anteriores<sup class=\"modern-footnotes-footnote \" data-mfn=\"4\" data-mfn-post-scope=\"000000000000413c0000000000000000_988410\"><a href=\"javascript:void(0)\"  role=\"button\" aria-pressed=\"false\" aria-describedby=\"mfn-content-000000000000413c0000000000000000_988410-4\">4<\/a><\/sup><span id=\"mfn-content-000000000000413c0000000000000000_988410-4\" role=\"tooltip\" class=\"modern-footnotes-footnote__note\" tabindex=\"0\" data-mfn=\"4\"><a href=\"https:\/\/www.ugtcomunicaciones.es\/wordpress\/casi-20-anos-despues-coste-del-servicio-universal-se-repartira-14-operadores\/\" target=\"_blank\" rel=\"noopener\">https:\/\/www.ugtcomunicaciones.es\/wordpress\/casi-20-anos-despues-coste-del-servicio-universal-se-repartira-14-operadores\/<\/a><\/span>: la presencia del operador de origen rumano Digi y de Red El\u00e9ctrica de Espa\u00f1a (REE). A continuaci\u00f3n, mostramos dos tablas que compara las cantidades abonadas por cada operador entre los a\u00f1os 2016 y 2018 \u2013 en a\u00f1o 2017 no consta en la documentaci\u00f3n oficial de la CNMC<sup class=\"modern-footnotes-footnote \" data-mfn=\"5\" data-mfn-post-scope=\"000000000000413c0000000000000000_988410\"><a href=\"javascript:void(0)\"  role=\"button\" aria-pressed=\"false\" aria-describedby=\"mfn-content-000000000000413c0000000000000000_988410-5\">5<\/a><\/sup><span id=\"mfn-content-000000000000413c0000000000000000_988410-5\" role=\"tooltip\" class=\"modern-footnotes-footnote__note\" tabindex=\"0\" data-mfn=\"5\"><a href=\"https:\/\/www.cnmc.es\/ambitos-de-actuacion\/telecomunicaciones\/servicio-universal-contabilidad-regulatoria\" target=\"_blank\" rel=\"noopener\">https:\/\/www.cnmc.es\/ambitos-de-actuacion\/telecomunicaciones\/servicio-universal-contabilidad-regulatoria<\/a><\/span>-:<\/p>\n<p style=\"text-align: justify;\"><img decoding=\"async\" class=\"aligncenter wp-image-988411 size-full lazyload\" data-src=\"https:\/\/www.ugtcomunicaciones.es\/wordpress\/wp-content\/uploads\/2022\/04\/REE_1.jpg\" alt=\"\" width=\"758\" height=\"296\" data-srcset=\"https:\/\/www.ugtcomunicaciones.es\/wordpress\/wp-content\/uploads\/2022\/04\/REE_1.jpg 758w, https:\/\/www.ugtcomunicaciones.es\/wordpress\/wp-content\/uploads\/2022\/04\/REE_1-300x117.jpg 300w, https:\/\/www.ugtcomunicaciones.es\/wordpress\/wp-content\/uploads\/2022\/04\/REE_1-640x250.jpg 640w, https:\/\/www.ugtcomunicaciones.es\/wordpress\/wp-content\/uploads\/2022\/04\/REE_1-681x266.jpg 681w\" data-sizes=\"(max-width: 758px) 100vw, 758px\" src=\"data:image\/svg+xml;base64,PHN2ZyB3aWR0aD0iMSIgaGVpZ2h0PSIxIiB4bWxucz0iaHR0cDovL3d3dy53My5vcmcvMjAwMC9zdmciPjwvc3ZnPg==\" style=\"--smush-placeholder-width: 758px; --smush-placeholder-aspect-ratio: 758\/296;\" \/><\/p>\n<p style=\"text-align: justify;\">Adem\u00e1s de la presencia de Digi y REE<sup class=\"modern-footnotes-footnote \" data-mfn=\"6\" data-mfn-post-scope=\"000000000000413c0000000000000000_988410\"><a href=\"javascript:void(0)\"  role=\"button\" aria-pressed=\"false\" aria-describedby=\"mfn-content-000000000000413c0000000000000000_988410-6\">6<\/a><\/sup><span id=\"mfn-content-000000000000413c0000000000000000_988410-6\" role=\"tooltip\" class=\"modern-footnotes-footnote__note\" tabindex=\"0\" data-mfn=\"6\"><a href=\"https:\/\/www.expansion.com\/empresas\/tecnologia\/2021\/10\/11\/6163343e468aeb5e4a8b45c0.html\" target=\"_blank\" rel=\"noopener\">https:\/\/www.expansion.com\/empresas\/tecnologia\/2021\/10\/11\/6163343e468aeb5e4a8b45c0.html<\/a>; <a href=\"https:\/\/elpais.com\/economia\/2021-12-17\/red-electrica-obtiene-971-millones-por-el-49-de-su-filial-de-fibra-optica.html\" target=\"_blank\" rel=\"noopener\">https:\/\/elpais.com\/economia\/2021-12-17\/red-electrica-obtiene-971-millones-por-el-49-de-su-filial-de-fibra-optica.html<\/a><\/span> (deber\u00e1n abonar, respectivamente, un 0,3% y 0,59% del total del fondo) y del incremento del n\u00famero de operadores obligados a contribuir (14 de 2016 por 15), llama la atenci\u00f3n la desaparici\u00f3n de Colt Telecom (aunque ha recuperado terreno desde aquella<sup class=\"modern-footnotes-footnote \" data-mfn=\"7\" data-mfn-post-scope=\"000000000000413c0000000000000000_988410\"><a href=\"javascript:void(0)\"  role=\"button\" aria-pressed=\"false\" aria-describedby=\"mfn-content-000000000000413c0000000000000000_988410-7\">7<\/a><\/sup><span id=\"mfn-content-000000000000413c0000000000000000_988410-7\" role=\"tooltip\" class=\"modern-footnotes-footnote__note\" tabindex=\"0\" data-mfn=\"7\"><a href=\"https:\/\/www.zonamovilidad.es\/top5-operadores-telefonia-fija-telefonia-movil-espana-2021-telecomunicaciones\" target=\"_blank\" rel=\"noopener\">https:\/\/www.zonamovilidad.es\/top5-operadores-telefonia-fija-telefonia-movil-espana-2021-telecomunicaciones<\/a><\/span>) y el fuerte descenso de la participaci\u00f3n de Telef\u00f3nica (la divisi\u00f3n de telefon\u00eda fija y banda ancha), que desciende 3 puntos, de forma an\u00e1loga a su paulatina p\u00e9rdida de dominancia sectorial y menor recaudaci\u00f3n.<\/p>\n<p style=\"text-align: justify;\">Queda fuera del reparto Telxius, que aleg\u00f3 que un elevado importe de sus ingresos provienen de infraestructuras <em>\u201c<\/em><em>\u00edntegramente localizadas en territorio extranjero y por servicios prestados a clientes extranjeros no deben ser computados\u201d<\/em>, lo que le exime de contribuir.<\/p>\n<p style=\"text-align: justify;\">En el procedimiento tambi\u00e9n present\u00f3 alegaciones Orange, que solicit\u00f3 que la <em>\u201cbase de reparto y la contribuci\u00f3n al FNSU se valore de manera consolidada para Orange Espagne y OSFI [Orange Espa\u00f1a Comunicaciones fijas] a los efectos de evitar la doble imposici\u00f3n\u201d<\/em>, una petici\u00f3n que, como en ocasiones anteriores, fue rechazada por la CNMC<sup class=\"modern-footnotes-footnote \" data-mfn=\"8\" data-mfn-post-scope=\"000000000000413c0000000000000000_988410\"><a href=\"javascript:void(0)\"  role=\"button\" aria-pressed=\"false\" aria-describedby=\"mfn-content-000000000000413c0000000000000000_988410-8\">8<\/a><\/sup><span id=\"mfn-content-000000000000413c0000000000000000_988410-8\" role=\"tooltip\" class=\"modern-footnotes-footnote__note\" tabindex=\"0\" data-mfn=\"8\"><a href=\"https:\/\/www.cnmc.es\/expedientes\/sudtsa00121\" target=\"_blank\" rel=\"noopener\">https:\/\/www.cnmc.es\/expedientes\/sudtsa00121<\/a><\/span>.<\/p>\n<p style=\"text-align: justify;\">Finalizado el procedimiento, los contribuyentes se\u00f1alados deber\u00e1n ingresar las cantidades en el plazo de un mes. A continuaci\u00f3n, Telef\u00f3nica SAU recibir\u00e1 10,53 millones de \u00a0euros, correspondiente a la prestaci\u00f3n del servicio universal del ejercicio 2018.<\/p>\n<h4 style=\"text-align: right;\"><strong><span style=\"color: #ff0000;\">UGT<\/span> Comunicaciones<\/strong><a href=\"#_ftnref1\" name=\"_ftn1\"><\/a><\/h4>\n","protected":false},"excerpt":{"rendered":"<p>El regulador sectorial, con un evidente retraso, acaba de confirmar el coste neto del Servicio Universal de Telecomunicaciones de 2018, as\u00ed como los operadores que deber\u00e1n contribuir a sufragarlo. Y en este \u00faltimo punto encontramos dos novedades, a diferencia de a\u00f1os anteriores: la presencia del operador de origen rumano Digi y de Red El\u00e9ctrica de [&hellip;]<\/p>\n","protected":false},"author":3,"featured_media":823641,"comment_status":"closed","ping_status":"closed","sticky":false,"template":"","format":"standard","meta":{"footnotes":""},"categories":[13,12],"tags":[],"class_list":["post-988410","post","type-post","status-publish","format-standard","has-post-thumbnail","hentry","category-mercado-comunicaciones","category-regulacion"],"yoast_head":"<!-- This site is optimized with the Yoast SEO Premium plugin v27.3 (Yoast SEO v27.4) - https:\/\/yoast.com\/product\/yoast-seo-premium-wordpress\/ -->\n<title>REE y DIGI tambi\u00e9n sufragar\u00e1n el Servicio Universal de Comunicaciones - UGT Comunicaciones<\/title>\n<meta name=\"robots\" content=\"index, follow, max-snippet:-1, max-image-preview:large, max-video-preview:-1\" \/>\n<link rel=\"canonical\" href=\"https:\/\/www.ugtcomunicaciones.es\/wordpress\/ree-y-digi-tambien-sufragaran-el-servicio-universal-de-comunicaciones\/\" \/>\n<meta property=\"og:locale\" content=\"es_ES\" \/>\n<meta property=\"og:type\" content=\"article\" \/>\n<meta property=\"og:title\" content=\"REE y DIGI tambi\u00e9n sufragar\u00e1n el Servicio Universal de Comunicaciones\" \/>\n<meta property=\"og:description\" content=\"El regulador sectorial, con un evidente retraso, acaba de confirmar el coste neto del Servicio Universal de Telecomunicaciones de 2018, as\u00ed como los operadores que deber\u00e1n contribuir a sufragarlo. Y en este \u00faltimo punto encontramos dos novedades, a diferencia de a\u00f1os anteriores: la presencia del operador de origen rumano Digi y de Red El\u00e9ctrica de [&hellip;]\" \/>\n<meta property=\"og:url\" content=\"https:\/\/www.ugtcomunicaciones.es\/wordpress\/ree-y-digi-tambien-sufragaran-el-servicio-universal-de-comunicaciones\/\" \/>\n<meta property=\"og:site_name\" content=\"UGT Comunicaciones\" \/>\n<meta property=\"article:publisher\" content=\"https:\/\/www.facebook.com\/ugt.comunicaciones\/\" \/>\n<meta property=\"article:published_time\" content=\"2022-04-18T06:00:00+00:00\" \/>\n<meta property=\"og:image\" content=\"https:\/\/www.ugtcomunicaciones.es\/wordpress\/wp-content\/uploads\/2021\/05\/servicio_universal_portada_31-05-2021.jpg\" \/>\n\t<meta property=\"og:image:width\" content=\"600\" \/>\n\t<meta property=\"og:image:height\" content=\"314\" \/>\n\t<meta property=\"og:image:type\" content=\"image\/jpeg\" \/>\n<meta name=\"author\" content=\"UGT\" \/>\n<meta name=\"twitter:card\" content=\"summary_large_image\" \/>\n<meta name=\"twitter:creator\" content=\"@ugtcom\" \/>\n<meta name=\"twitter:site\" content=\"@ugtcom\" \/>\n<meta name=\"twitter:label1\" content=\"Escrito por\" \/>\n\t<meta name=\"twitter:data1\" content=\"UGT\" \/>\n\t<meta name=\"twitter:label2\" content=\"Tiempo de lectura\" \/>\n\t<meta name=\"twitter:data2\" content=\"2 minutos\" \/>\n<script type=\"application\/ld+json\" class=\"yoast-schema-graph\">{\"@context\":\"https:\\\/\\\/schema.org\",\"@graph\":[{\"@type\":\"Article\",\"@id\":\"https:\\\/\\\/www.ugtcomunicaciones.es\\\/wordpress\\\/ree-y-digi-tambien-sufragaran-el-servicio-universal-de-comunicaciones\\\/#article\",\"isPartOf\":{\"@id\":\"https:\\\/\\\/www.ugtcomunicaciones.es\\\/wordpress\\\/ree-y-digi-tambien-sufragaran-el-servicio-universal-de-comunicaciones\\\/\"},\"author\":{\"name\":\"UGT\",\"@id\":\"https:\\\/\\\/www.ugtcomunicaciones.es\\\/wordpress\\\/#\\\/schema\\\/person\\\/eba0fc3fe5b444531d94d4368cba89ed\"},\"headline\":\"REE y DIGI tambi\u00e9n sufragar\u00e1n el Servicio Universal de Comunicaciones\",\"datePublished\":\"2022-04-18T06:00:00+00:00\",\"mainEntityOfPage\":{\"@id\":\"https:\\\/\\\/www.ugtcomunicaciones.es\\\/wordpress\\\/ree-y-digi-tambien-sufragaran-el-servicio-universal-de-comunicaciones\\\/\"},\"wordCount\":423,\"publisher\":{\"@id\":\"https:\\\/\\\/www.ugtcomunicaciones.es\\\/wordpress\\\/#organization\"},\"image\":{\"@id\":\"https:\\\/\\\/www.ugtcomunicaciones.es\\\/wordpress\\\/ree-y-digi-tambien-sufragaran-el-servicio-universal-de-comunicaciones\\\/#primaryimage\"},\"thumbnailUrl\":\"https:\\\/\\\/www.ugtcomunicaciones.es\\\/wordpress\\\/wp-content\\\/uploads\\\/2021\\\/05\\\/servicio_universal_portada_31-05-2021.jpg\",\"articleSection\":[\"Mercado Comunicaciones\",\"Regulaci\u00f3n\"],\"inLanguage\":\"es\"},{\"@type\":\"WebPage\",\"@id\":\"https:\\\/\\\/www.ugtcomunicaciones.es\\\/wordpress\\\/ree-y-digi-tambien-sufragaran-el-servicio-universal-de-comunicaciones\\\/\",\"url\":\"https:\\\/\\\/www.ugtcomunicaciones.es\\\/wordpress\\\/ree-y-digi-tambien-sufragaran-el-servicio-universal-de-comunicaciones\\\/\",\"name\":\"REE y DIGI tambi\u00e9n sufragar\u00e1n el Servicio Universal de Comunicaciones - UGT Comunicaciones\",\"isPartOf\":{\"@id\":\"https:\\\/\\\/www.ugtcomunicaciones.es\\\/wordpress\\\/#website\"},\"primaryImageOfPage\":{\"@id\":\"https:\\\/\\\/www.ugtcomunicaciones.es\\\/wordpress\\\/ree-y-digi-tambien-sufragaran-el-servicio-universal-de-comunicaciones\\\/#primaryimage\"},\"image\":{\"@id\":\"https:\\\/\\\/www.ugtcomunicaciones.es\\\/wordpress\\\/ree-y-digi-tambien-sufragaran-el-servicio-universal-de-comunicaciones\\\/#primaryimage\"},\"thumbnailUrl\":\"https:\\\/\\\/www.ugtcomunicaciones.es\\\/wordpress\\\/wp-content\\\/uploads\\\/2021\\\/05\\\/servicio_universal_portada_31-05-2021.jpg\",\"datePublished\":\"2022-04-18T06:00:00+00:00\",\"breadcrumb\":{\"@id\":\"https:\\\/\\\/www.ugtcomunicaciones.es\\\/wordpress\\\/ree-y-digi-tambien-sufragaran-el-servicio-universal-de-comunicaciones\\\/#breadcrumb\"},\"inLanguage\":\"es\",\"potentialAction\":[{\"@type\":\"ReadAction\",\"target\":[\"https:\\\/\\\/www.ugtcomunicaciones.es\\\/wordpress\\\/ree-y-digi-tambien-sufragaran-el-servicio-universal-de-comunicaciones\\\/\"]}]},{\"@type\":\"ImageObject\",\"inLanguage\":\"es\",\"@id\":\"https:\\\/\\\/www.ugtcomunicaciones.es\\\/wordpress\\\/ree-y-digi-tambien-sufragaran-el-servicio-universal-de-comunicaciones\\\/#primaryimage\",\"url\":\"https:\\\/\\\/www.ugtcomunicaciones.es\\\/wordpress\\\/wp-content\\\/uploads\\\/2021\\\/05\\\/servicio_universal_portada_31-05-2021.jpg\",\"contentUrl\":\"https:\\\/\\\/www.ugtcomunicaciones.es\\\/wordpress\\\/wp-content\\\/uploads\\\/2021\\\/05\\\/servicio_universal_portada_31-05-2021.jpg\",\"width\":600,\"height\":314,\"caption\":\"servicio_universal_portada_31-05-2021\"},{\"@type\":\"BreadcrumbList\",\"@id\":\"https:\\\/\\\/www.ugtcomunicaciones.es\\\/wordpress\\\/ree-y-digi-tambien-sufragaran-el-servicio-universal-de-comunicaciones\\\/#breadcrumb\",\"itemListElement\":[{\"@type\":\"ListItem\",\"position\":1,\"name\":\"Portada\",\"item\":\"https:\\\/\\\/www.ugtcomunicaciones.es\\\/wordpress\\\/\"},{\"@type\":\"ListItem\",\"position\":2,\"name\":\"REE y DIGI tambi\u00e9n sufragar\u00e1n el Servicio Universal de Comunicaciones\"}]},{\"@type\":\"WebSite\",\"@id\":\"https:\\\/\\\/www.ugtcomunicaciones.es\\\/wordpress\\\/#website\",\"url\":\"https:\\\/\\\/www.ugtcomunicaciones.es\\\/wordpress\\\/\",\"name\":\"UGT Comunicaciones\",\"description\":\"Sindicato de Telecomunicaciones\",\"publisher\":{\"@id\":\"https:\\\/\\\/www.ugtcomunicaciones.es\\\/wordpress\\\/#organization\"},\"potentialAction\":[{\"@type\":\"SearchAction\",\"target\":{\"@type\":\"EntryPoint\",\"urlTemplate\":\"https:\\\/\\\/www.ugtcomunicaciones.es\\\/wordpress\\\/?s={search_term_string}\"},\"query-input\":{\"@type\":\"PropertyValueSpecification\",\"valueRequired\":true,\"valueName\":\"search_term_string\"}}],\"inLanguage\":\"es\"},{\"@type\":\"Organization\",\"@id\":\"https:\\\/\\\/www.ugtcomunicaciones.es\\\/wordpress\\\/#organization\",\"name\":\"UGT Comunicaciones\",\"url\":\"https:\\\/\\\/www.ugtcomunicaciones.es\\\/wordpress\\\/\",\"logo\":{\"@type\":\"ImageObject\",\"inLanguage\":\"es\",\"@id\":\"https:\\\/\\\/www.ugtcomunicaciones.es\\\/wordpress\\\/#\\\/schema\\\/logo\\\/image\\\/\",\"url\":\"https:\\\/\\\/www.ugtcomunicaciones.es\\\/wordpress\\\/wp-content\\\/uploads\\\/2024\\\/04\\\/comunicaciones_logo.png\",\"contentUrl\":\"https:\\\/\\\/www.ugtcomunicaciones.es\\\/wordpress\\\/wp-content\\\/uploads\\\/2024\\\/04\\\/comunicaciones_logo.png\",\"width\":298,\"height\":81,\"caption\":\"UGT Comunicaciones\"},\"image\":{\"@id\":\"https:\\\/\\\/www.ugtcomunicaciones.es\\\/wordpress\\\/#\\\/schema\\\/logo\\\/image\\\/\"},\"sameAs\":[\"https:\\\/\\\/www.facebook.com\\\/ugt.comunicaciones\\\/\",\"https:\\\/\\\/x.com\\\/ugtcom\"]},{\"@type\":\"Person\",\"@id\":\"https:\\\/\\\/www.ugtcomunicaciones.es\\\/wordpress\\\/#\\\/schema\\\/person\\\/eba0fc3fe5b444531d94d4368cba89ed\",\"name\":\"UGT\",\"image\":{\"@type\":\"ImageObject\",\"inLanguage\":\"es\",\"@id\":\"https:\\\/\\\/secure.gravatar.com\\\/avatar\\\/2a16057d620a4c646bcfc171c4f23030879ebbdd346f0525bd5d4a564e57e13d?s=96&d=mm&r=g\",\"url\":\"https:\\\/\\\/secure.gravatar.com\\\/avatar\\\/2a16057d620a4c646bcfc171c4f23030879ebbdd346f0525bd5d4a564e57e13d?s=96&d=mm&r=g\",\"contentUrl\":\"https:\\\/\\\/secure.gravatar.com\\\/avatar\\\/2a16057d620a4c646bcfc171c4f23030879ebbdd346f0525bd5d4a564e57e13d?s=96&d=mm&r=g\",\"caption\":\"UGT\"}}]}<\/script>\n<!-- \/ Yoast SEO Premium plugin. -->","yoast_head_json":{"title":"REE y DIGI tambi\u00e9n sufragar\u00e1n el Servicio Universal de Comunicaciones - UGT Comunicaciones","robots":{"index":"index","follow":"follow","max-snippet":"max-snippet:-1","max-image-preview":"max-image-preview:large","max-video-preview":"max-video-preview:-1"},"canonical":"https:\/\/www.ugtcomunicaciones.es\/wordpress\/ree-y-digi-tambien-sufragaran-el-servicio-universal-de-comunicaciones\/","og_locale":"es_ES","og_type":"article","og_title":"REE y DIGI tambi\u00e9n sufragar\u00e1n el Servicio Universal de Comunicaciones","og_description":"El regulador sectorial, con un evidente retraso, acaba de confirmar el coste neto del Servicio Universal de Telecomunicaciones de 2018, as\u00ed como los operadores que deber\u00e1n contribuir a sufragarlo. Y en este \u00faltimo punto encontramos dos novedades, a diferencia de a\u00f1os anteriores: la presencia del operador de origen rumano Digi y de Red El\u00e9ctrica de [&hellip;]","og_url":"https:\/\/www.ugtcomunicaciones.es\/wordpress\/ree-y-digi-tambien-sufragaran-el-servicio-universal-de-comunicaciones\/","og_site_name":"UGT Comunicaciones","article_publisher":"https:\/\/www.facebook.com\/ugt.comunicaciones\/","article_published_time":"2022-04-18T06:00:00+00:00","og_image":[{"width":600,"height":314,"url":"https:\/\/www.ugtcomunicaciones.es\/wordpress\/wp-content\/uploads\/2021\/05\/servicio_universal_portada_31-05-2021.jpg","type":"image\/jpeg"}],"author":"UGT","twitter_card":"summary_large_image","twitter_creator":"@ugtcom","twitter_site":"@ugtcom","twitter_misc":{"Escrito por":"UGT","Tiempo de lectura":"2 minutos"},"schema":{"@context":"https:\/\/schema.org","@graph":[{"@type":"Article","@id":"https:\/\/www.ugtcomunicaciones.es\/wordpress\/ree-y-digi-tambien-sufragaran-el-servicio-universal-de-comunicaciones\/#article","isPartOf":{"@id":"https:\/\/www.ugtcomunicaciones.es\/wordpress\/ree-y-digi-tambien-sufragaran-el-servicio-universal-de-comunicaciones\/"},"author":{"name":"UGT","@id":"https:\/\/www.ugtcomunicaciones.es\/wordpress\/#\/schema\/person\/eba0fc3fe5b444531d94d4368cba89ed"},"headline":"REE y DIGI tambi\u00e9n sufragar\u00e1n el Servicio Universal de Comunicaciones","datePublished":"2022-04-18T06:00:00+00:00","mainEntityOfPage":{"@id":"https:\/\/www.ugtcomunicaciones.es\/wordpress\/ree-y-digi-tambien-sufragaran-el-servicio-universal-de-comunicaciones\/"},"wordCount":423,"publisher":{"@id":"https:\/\/www.ugtcomunicaciones.es\/wordpress\/#organization"},"image":{"@id":"https:\/\/www.ugtcomunicaciones.es\/wordpress\/ree-y-digi-tambien-sufragaran-el-servicio-universal-de-comunicaciones\/#primaryimage"},"thumbnailUrl":"https:\/\/www.ugtcomunicaciones.es\/wordpress\/wp-content\/uploads\/2021\/05\/servicio_universal_portada_31-05-2021.jpg","articleSection":["Mercado Comunicaciones","Regulaci\u00f3n"],"inLanguage":"es"},{"@type":"WebPage","@id":"https:\/\/www.ugtcomunicaciones.es\/wordpress\/ree-y-digi-tambien-sufragaran-el-servicio-universal-de-comunicaciones\/","url":"https:\/\/www.ugtcomunicaciones.es\/wordpress\/ree-y-digi-tambien-sufragaran-el-servicio-universal-de-comunicaciones\/","name":"REE y DIGI tambi\u00e9n sufragar\u00e1n el Servicio Universal de Comunicaciones - UGT Comunicaciones","isPartOf":{"@id":"https:\/\/www.ugtcomunicaciones.es\/wordpress\/#website"},"primaryImageOfPage":{"@id":"https:\/\/www.ugtcomunicaciones.es\/wordpress\/ree-y-digi-tambien-sufragaran-el-servicio-universal-de-comunicaciones\/#primaryimage"},"image":{"@id":"https:\/\/www.ugtcomunicaciones.es\/wordpress\/ree-y-digi-tambien-sufragaran-el-servicio-universal-de-comunicaciones\/#primaryimage"},"thumbnailUrl":"https:\/\/www.ugtcomunicaciones.es\/wordpress\/wp-content\/uploads\/2021\/05\/servicio_universal_portada_31-05-2021.jpg","datePublished":"2022-04-18T06:00:00+00:00","breadcrumb":{"@id":"https:\/\/www.ugtcomunicaciones.es\/wordpress\/ree-y-digi-tambien-sufragaran-el-servicio-universal-de-comunicaciones\/#breadcrumb"},"inLanguage":"es","potentialAction":[{"@type":"ReadAction","target":["https:\/\/www.ugtcomunicaciones.es\/wordpress\/ree-y-digi-tambien-sufragaran-el-servicio-universal-de-comunicaciones\/"]}]},{"@type":"ImageObject","inLanguage":"es","@id":"https:\/\/www.ugtcomunicaciones.es\/wordpress\/ree-y-digi-tambien-sufragaran-el-servicio-universal-de-comunicaciones\/#primaryimage","url":"https:\/\/www.ugtcomunicaciones.es\/wordpress\/wp-content\/uploads\/2021\/05\/servicio_universal_portada_31-05-2021.jpg","contentUrl":"https:\/\/www.ugtcomunicaciones.es\/wordpress\/wp-content\/uploads\/2021\/05\/servicio_universal_portada_31-05-2021.jpg","width":600,"height":314,"caption":"servicio_universal_portada_31-05-2021"},{"@type":"BreadcrumbList","@id":"https:\/\/www.ugtcomunicaciones.es\/wordpress\/ree-y-digi-tambien-sufragaran-el-servicio-universal-de-comunicaciones\/#breadcrumb","itemListElement":[{"@type":"ListItem","position":1,"name":"Portada","item":"https:\/\/www.ugtcomunicaciones.es\/wordpress\/"},{"@type":"ListItem","position":2,"name":"REE y DIGI tambi\u00e9n sufragar\u00e1n el Servicio Universal de Comunicaciones"}]},{"@type":"WebSite","@id":"https:\/\/www.ugtcomunicaciones.es\/wordpress\/#website","url":"https:\/\/www.ugtcomunicaciones.es\/wordpress\/","name":"UGT Comunicaciones","description":"Sindicato de Telecomunicaciones","publisher":{"@id":"https:\/\/www.ugtcomunicaciones.es\/wordpress\/#organization"},"potentialAction":[{"@type":"SearchAction","target":{"@type":"EntryPoint","urlTemplate":"https:\/\/www.ugtcomunicaciones.es\/wordpress\/?s={search_term_string}"},"query-input":{"@type":"PropertyValueSpecification","valueRequired":true,"valueName":"search_term_string"}}],"inLanguage":"es"},{"@type":"Organization","@id":"https:\/\/www.ugtcomunicaciones.es\/wordpress\/#organization","name":"UGT Comunicaciones","url":"https:\/\/www.ugtcomunicaciones.es\/wordpress\/","logo":{"@type":"ImageObject","inLanguage":"es","@id":"https:\/\/www.ugtcomunicaciones.es\/wordpress\/#\/schema\/logo\/image\/","url":"https:\/\/www.ugtcomunicaciones.es\/wordpress\/wp-content\/uploads\/2024\/04\/comunicaciones_logo.png","contentUrl":"https:\/\/www.ugtcomunicaciones.es\/wordpress\/wp-content\/uploads\/2024\/04\/comunicaciones_logo.png","width":298,"height":81,"caption":"UGT Comunicaciones"},"image":{"@id":"https:\/\/www.ugtcomunicaciones.es\/wordpress\/#\/schema\/logo\/image\/"},"sameAs":["https:\/\/www.facebook.com\/ugt.comunicaciones\/","https:\/\/x.com\/ugtcom"]},{"@type":"Person","@id":"https:\/\/www.ugtcomunicaciones.es\/wordpress\/#\/schema\/person\/eba0fc3fe5b444531d94d4368cba89ed","name":"UGT","image":{"@type":"ImageObject","inLanguage":"es","@id":"https:\/\/secure.gravatar.com\/avatar\/2a16057d620a4c646bcfc171c4f23030879ebbdd346f0525bd5d4a564e57e13d?s=96&d=mm&r=g","url":"https:\/\/secure.gravatar.com\/avatar\/2a16057d620a4c646bcfc171c4f23030879ebbdd346f0525bd5d4a564e57e13d?s=96&d=mm&r=g","contentUrl":"https:\/\/secure.gravatar.com\/avatar\/2a16057d620a4c646bcfc171c4f23030879ebbdd346f0525bd5d4a564e57e13d?s=96&d=mm&r=g","caption":"UGT"}}]}},"_links":{"self":[{"href":"https:\/\/www.ugtcomunicaciones.es\/wordpress\/wp-json\/wp\/v2\/posts\/988410","targetHints":{"allow":["GET"]}}],"collection":[{"href":"https:\/\/www.ugtcomunicaciones.es\/wordpress\/wp-json\/wp\/v2\/posts"}],"about":[{"href":"https:\/\/www.ugtcomunicaciones.es\/wordpress\/wp-json\/wp\/v2\/types\/post"}],"author":[{"embeddable":true,"href":"https:\/\/www.ugtcomunicaciones.es\/wordpress\/wp-json\/wp\/v2\/users\/3"}],"replies":[{"embeddable":true,"href":"https:\/\/www.ugtcomunicaciones.es\/wordpress\/wp-json\/wp\/v2\/comments?post=988410"}],"version-history":[{"count":0,"href":"https:\/\/www.ugtcomunicaciones.es\/wordpress\/wp-json\/wp\/v2\/posts\/988410\/revisions"}],"wp:featuredmedia":[{"embeddable":true,"href":"https:\/\/www.ugtcomunicaciones.es\/wordpress\/wp-json\/wp\/v2\/media\/823641"}],"wp:attachment":[{"href":"https:\/\/www.ugtcomunicaciones.es\/wordpress\/wp-json\/wp\/v2\/media?parent=988410"}],"wp:term":[{"taxonomy":"category","embeddable":true,"href":"https:\/\/www.ugtcomunicaciones.es\/wordpress\/wp-json\/wp\/v2\/categories?post=988410"},{"taxonomy":"post_tag","embeddable":true,"href":"https:\/\/www.ugtcomunicaciones.es\/wordpress\/wp-json\/wp\/v2\/tags?post=988410"}],"curies":[{"name":"wp","href":"https:\/\/api.w.org\/{rel}","templated":true}]}}