{"id":988973,"date":"2022-04-06T18:10:26","date_gmt":"2022-04-06T17:10:26","guid":{"rendered":"https:\/\/www.ugtcomunicaciones.es\/wordpress\/?p=988973"},"modified":"2024-09-10T08:58:42","modified_gmt":"2024-09-10T06:58:42","slug":"firmado-primer-convenio-colectivo-avatel","status":"publish","type":"post","link":"https:\/\/www.ugtcomunicaciones.es\/wordpress\/firmado-primer-convenio-colectivo-avatel\/","title":{"rendered":"Firmado el primer Convenio Colectivo de Avatel"},"content":{"rendered":"<h2><strong>La negociaci\u00f3n colectiva liderada por UGT ha permitido firmar el primer Convenio Colectivo de Avatel.<\/strong><\/h2>\n<p>Avatel est\u00e1 destinado a ser un actor importante en el nuevo mercado de las comunicaciones que se est\u00e1 perfilando en Espa\u00f1a.<\/p>\n<p>Recientemente este operador rural, uno de los que m\u00e1s r\u00e1pido est\u00e1 creciendo en los \u00faltimos meses, anunci\u00f3 la creaci\u00f3n de\u00a0Avatel Access, una sociedad para aunar los\u00a0activos de redes de acceso de fibra \u00f3ptica hasta el hogar (FTTH)\u00a0de poblaciones peque\u00f1as y medianas en zonas rurales de toda Espa\u00f1a para potenciar su futuro crecimiento org\u00e1nico e inorg\u00e1nico.\u00a0 Un movimiento que hace que suene con fuerza para hacerse con los remedies, las redes sobrantes, de la posible fusi\u00f3n entre Orange y Masmovil.<\/p>\n<p>Es por ello que <strong>para UGT era fundamental el poder garantizar los derechos laborales de una plantilla<\/strong> que se estima que llegar\u00e1 en breve hasta los aproximadamente 2.500 trabajadores cuando integre los diversos CIF que hoy componen el grupo, como resultado de una pol\u00edtica de expansi\u00f3n fundamentada en m\u00e1s de 40 adquisiciones.<\/p>\n<p>Como punto significativo del pacto destaca la <strong>cl\u00e1usula econ\u00f3mica donde<\/strong> se ha obtenido el compromiso de una subida salarial de acuerdo con lo estipulado en el IPC con un m\u00e1ximo del 2% y la creaci\u00f3n de trienios que permitir\u00e1n un incremento de un 5% del salario base correspondiente a la categor\u00eda profesional en el que se est\u00e9 clasificado.<\/p>\n<p>Adem\u00e1s, el Convenio Colectivo cuenta con ayudas a los menores, complemento a la IT, seguros de vida e incapacidad, as\u00ed como diversas mejoras que evidencian un compromiso de la empresa con la plantilla.<\/p>\n","protected":false},"excerpt":{"rendered":"<p>La negociaci\u00f3n colectiva liderada por UGT ha permitido firmar el primer Convenio Colectivo de Avatel. Avatel est\u00e1 destinado a ser un actor importante en el nuevo mercado de las comunicaciones que se est\u00e1 perfilando en Espa\u00f1a. Recientemente este operador rural, uno de los que m\u00e1s r\u00e1pido est\u00e1 creciendo en los \u00faltimos meses, anunci\u00f3 la creaci\u00f3n [&hellip;]<\/p>\n","protected":false},"author":3,"featured_media":988974,"comment_status":"closed","ping_status":"closed","sticky":false,"template":"","format":"standard","meta":{"footnotes":""},"categories":[97,49],"tags":[],"class_list":["post-988973","post","type-post","status-publish","format-standard","has-post-thumbnail","hentry","category-avatel","category-otras-empresas"],"yoast_head":"<!-- This site is optimized with the Yoast SEO Premium plugin v27.3 (Yoast SEO v27.4) - https:\/\/yoast.com\/product\/yoast-seo-premium-wordpress\/ -->\n<title>Firmado el primer Convenio Colectivo de Avatel - UGT Comunicaciones<\/title>\n<meta name=\"robots\" content=\"index, follow, max-snippet:-1, max-image-preview:large, max-video-preview:-1\" \/>\n<link rel=\"canonical\" href=\"https:\/\/www.ugtcomunicaciones.es\/wordpress\/firmado-primer-convenio-colectivo-avatel\/\" \/>\n<meta property=\"og:locale\" content=\"es_ES\" \/>\n<meta property=\"og:type\" content=\"article\" \/>\n<meta property=\"og:title\" content=\"Firmado el primer Convenio Colectivo de Avatel\" \/>\n<meta property=\"og:description\" content=\"La negociaci\u00f3n colectiva liderada por UGT ha permitido firmar el primer Convenio Colectivo de Avatel. Avatel est\u00e1 destinado a ser un actor importante en el nuevo mercado de las comunicaciones que se est\u00e1 perfilando en Espa\u00f1a. Recientemente este operador rural, uno de los que m\u00e1s r\u00e1pido est\u00e1 creciendo en los \u00faltimos meses, anunci\u00f3 la creaci\u00f3n [&hellip;]\" \/>\n<meta property=\"og:url\" content=\"https:\/\/www.ugtcomunicaciones.es\/wordpress\/firmado-primer-convenio-colectivo-avatel\/\" \/>\n<meta property=\"og:site_name\" content=\"UGT Comunicaciones\" \/>\n<meta property=\"article:publisher\" content=\"https:\/\/www.facebook.com\/ugt.comunicaciones\/\" \/>\n<meta property=\"article:published_time\" content=\"2022-04-06T17:10:26+00:00\" \/>\n<meta property=\"article:modified_time\" content=\"2024-09-10T06:58:42+00:00\" \/>\n<meta property=\"og:image\" content=\"https:\/\/www.ugtcomunicaciones.es\/wordpress\/wp-content\/uploads\/2022\/04\/avatel.jpg\" \/>\n\t<meta property=\"og:image:width\" content=\"1526\" \/>\n\t<meta property=\"og:image:height\" content=\"893\" \/>\n\t<meta property=\"og:image:type\" content=\"image\/jpeg\" \/>\n<meta name=\"author\" content=\"UGT\" \/>\n<meta name=\"twitter:card\" content=\"summary_large_image\" \/>\n<meta name=\"twitter:creator\" content=\"@ugtcom\" \/>\n<meta name=\"twitter:site\" content=\"@ugtcom\" \/>\n<meta name=\"twitter:label1\" content=\"Escrito por\" \/>\n\t<meta name=\"twitter:data1\" content=\"UGT\" \/>\n\t<meta name=\"twitter:label2\" content=\"Tiempo de lectura\" \/>\n\t<meta name=\"twitter:data2\" content=\"2 minutos\" \/>\n<script type=\"application\/ld+json\" class=\"yoast-schema-graph\">{\"@context\":\"https:\\\/\\\/schema.org\",\"@graph\":[{\"@type\":\"Article\",\"@id\":\"https:\\\/\\\/www.ugtcomunicaciones.es\\\/wordpress\\\/firmado-primer-convenio-colectivo-avatel\\\/#article\",\"isPartOf\":{\"@id\":\"https:\\\/\\\/www.ugtcomunicaciones.es\\\/wordpress\\\/firmado-primer-convenio-colectivo-avatel\\\/\"},\"author\":{\"name\":\"UGT\",\"@id\":\"https:\\\/\\\/www.ugtcomunicaciones.es\\\/wordpress\\\/#\\\/schema\\\/person\\\/eba0fc3fe5b444531d94d4368cba89ed\"},\"headline\":\"Firmado el primer Convenio Colectivo de Avatel\",\"datePublished\":\"2022-04-06T17:10:26+00:00\",\"dateModified\":\"2024-09-10T06:58:42+00:00\",\"mainEntityOfPage\":{\"@id\":\"https:\\\/\\\/www.ugtcomunicaciones.es\\\/wordpress\\\/firmado-primer-convenio-colectivo-avatel\\\/\"},\"wordCount\":284,\"publisher\":{\"@id\":\"https:\\\/\\\/www.ugtcomunicaciones.es\\\/wordpress\\\/#organization\"},\"image\":{\"@id\":\"https:\\\/\\\/www.ugtcomunicaciones.es\\\/wordpress\\\/firmado-primer-convenio-colectivo-avatel\\\/#primaryimage\"},\"thumbnailUrl\":\"https:\\\/\\\/www.ugtcomunicaciones.es\\\/wordpress\\\/wp-content\\\/uploads\\\/2022\\\/04\\\/avatel.jpg\",\"articleSection\":[\"AVATEL\",\"Otros\"],\"inLanguage\":\"es\"},{\"@type\":\"WebPage\",\"@id\":\"https:\\\/\\\/www.ugtcomunicaciones.es\\\/wordpress\\\/firmado-primer-convenio-colectivo-avatel\\\/\",\"url\":\"https:\\\/\\\/www.ugtcomunicaciones.es\\\/wordpress\\\/firmado-primer-convenio-colectivo-avatel\\\/\",\"name\":\"Firmado el primer Convenio Colectivo de Avatel - UGT Comunicaciones\",\"isPartOf\":{\"@id\":\"https:\\\/\\\/www.ugtcomunicaciones.es\\\/wordpress\\\/#website\"},\"primaryImageOfPage\":{\"@id\":\"https:\\\/\\\/www.ugtcomunicaciones.es\\\/wordpress\\\/firmado-primer-convenio-colectivo-avatel\\\/#primaryimage\"},\"image\":{\"@id\":\"https:\\\/\\\/www.ugtcomunicaciones.es\\\/wordpress\\\/firmado-primer-convenio-colectivo-avatel\\\/#primaryimage\"},\"thumbnailUrl\":\"https:\\\/\\\/www.ugtcomunicaciones.es\\\/wordpress\\\/wp-content\\\/uploads\\\/2022\\\/04\\\/avatel.jpg\",\"datePublished\":\"2022-04-06T17:10:26+00:00\",\"dateModified\":\"2024-09-10T06:58:42+00:00\",\"breadcrumb\":{\"@id\":\"https:\\\/\\\/www.ugtcomunicaciones.es\\\/wordpress\\\/firmado-primer-convenio-colectivo-avatel\\\/#breadcrumb\"},\"inLanguage\":\"es\",\"potentialAction\":[{\"@type\":\"ReadAction\",\"target\":[\"https:\\\/\\\/www.ugtcomunicaciones.es\\\/wordpress\\\/firmado-primer-convenio-colectivo-avatel\\\/\"]}]},{\"@type\":\"ImageObject\",\"inLanguage\":\"es\",\"@id\":\"https:\\\/\\\/www.ugtcomunicaciones.es\\\/wordpress\\\/firmado-primer-convenio-colectivo-avatel\\\/#primaryimage\",\"url\":\"https:\\\/\\\/www.ugtcomunicaciones.es\\\/wordpress\\\/wp-content\\\/uploads\\\/2022\\\/04\\\/avatel.jpg\",\"contentUrl\":\"https:\\\/\\\/www.ugtcomunicaciones.es\\\/wordpress\\\/wp-content\\\/uploads\\\/2022\\\/04\\\/avatel.jpg\",\"width\":1526,\"height\":893},{\"@type\":\"BreadcrumbList\",\"@id\":\"https:\\\/\\\/www.ugtcomunicaciones.es\\\/wordpress\\\/firmado-primer-convenio-colectivo-avatel\\\/#breadcrumb\",\"itemListElement\":[{\"@type\":\"ListItem\",\"position\":1,\"name\":\"Portada\",\"item\":\"https:\\\/\\\/www.ugtcomunicaciones.es\\\/wordpress\\\/\"},{\"@type\":\"ListItem\",\"position\":2,\"name\":\"Firmado el primer Convenio Colectivo de Avatel\"}]},{\"@type\":\"WebSite\",\"@id\":\"https:\\\/\\\/www.ugtcomunicaciones.es\\\/wordpress\\\/#website\",\"url\":\"https:\\\/\\\/www.ugtcomunicaciones.es\\\/wordpress\\\/\",\"name\":\"UGT Comunicaciones\",\"description\":\"Sindicato de Telecomunicaciones\",\"publisher\":{\"@id\":\"https:\\\/\\\/www.ugtcomunicaciones.es\\\/wordpress\\\/#organization\"},\"potentialAction\":[{\"@type\":\"SearchAction\",\"target\":{\"@type\":\"EntryPoint\",\"urlTemplate\":\"https:\\\/\\\/www.ugtcomunicaciones.es\\\/wordpress\\\/?s={search_term_string}\"},\"query-input\":{\"@type\":\"PropertyValueSpecification\",\"valueRequired\":true,\"valueName\":\"search_term_string\"}}],\"inLanguage\":\"es\"},{\"@type\":\"Organization\",\"@id\":\"https:\\\/\\\/www.ugtcomunicaciones.es\\\/wordpress\\\/#organization\",\"name\":\"UGT Comunicaciones\",\"url\":\"https:\\\/\\\/www.ugtcomunicaciones.es\\\/wordpress\\\/\",\"logo\":{\"@type\":\"ImageObject\",\"inLanguage\":\"es\",\"@id\":\"https:\\\/\\\/www.ugtcomunicaciones.es\\\/wordpress\\\/#\\\/schema\\\/logo\\\/image\\\/\",\"url\":\"https:\\\/\\\/www.ugtcomunicaciones.es\\\/wordpress\\\/wp-content\\\/uploads\\\/2024\\\/04\\\/comunicaciones_logo.png\",\"contentUrl\":\"https:\\\/\\\/www.ugtcomunicaciones.es\\\/wordpress\\\/wp-content\\\/uploads\\\/2024\\\/04\\\/comunicaciones_logo.png\",\"width\":298,\"height\":81,\"caption\":\"UGT Comunicaciones\"},\"image\":{\"@id\":\"https:\\\/\\\/www.ugtcomunicaciones.es\\\/wordpress\\\/#\\\/schema\\\/logo\\\/image\\\/\"},\"sameAs\":[\"https:\\\/\\\/www.facebook.com\\\/ugt.comunicaciones\\\/\",\"https:\\\/\\\/x.com\\\/ugtcom\"]},{\"@type\":\"Person\",\"@id\":\"https:\\\/\\\/www.ugtcomunicaciones.es\\\/wordpress\\\/#\\\/schema\\\/person\\\/eba0fc3fe5b444531d94d4368cba89ed\",\"name\":\"UGT\",\"image\":{\"@type\":\"ImageObject\",\"inLanguage\":\"es\",\"@id\":\"https:\\\/\\\/secure.gravatar.com\\\/avatar\\\/2a16057d620a4c646bcfc171c4f23030879ebbdd346f0525bd5d4a564e57e13d?s=96&d=mm&r=g\",\"url\":\"https:\\\/\\\/secure.gravatar.com\\\/avatar\\\/2a16057d620a4c646bcfc171c4f23030879ebbdd346f0525bd5d4a564e57e13d?s=96&d=mm&r=g\",\"contentUrl\":\"https:\\\/\\\/secure.gravatar.com\\\/avatar\\\/2a16057d620a4c646bcfc171c4f23030879ebbdd346f0525bd5d4a564e57e13d?s=96&d=mm&r=g\",\"caption\":\"UGT\"}}]}<\/script>\n<!-- \/ Yoast SEO Premium plugin. -->","yoast_head_json":{"title":"Firmado el primer Convenio Colectivo de Avatel - UGT Comunicaciones","robots":{"index":"index","follow":"follow","max-snippet":"max-snippet:-1","max-image-preview":"max-image-preview:large","max-video-preview":"max-video-preview:-1"},"canonical":"https:\/\/www.ugtcomunicaciones.es\/wordpress\/firmado-primer-convenio-colectivo-avatel\/","og_locale":"es_ES","og_type":"article","og_title":"Firmado el primer Convenio Colectivo de Avatel","og_description":"La negociaci\u00f3n colectiva liderada por UGT ha permitido firmar el primer Convenio Colectivo de Avatel. Avatel est\u00e1 destinado a ser un actor importante en el nuevo mercado de las comunicaciones que se est\u00e1 perfilando en Espa\u00f1a. Recientemente este operador rural, uno de los que m\u00e1s r\u00e1pido est\u00e1 creciendo en los \u00faltimos meses, anunci\u00f3 la creaci\u00f3n [&hellip;]","og_url":"https:\/\/www.ugtcomunicaciones.es\/wordpress\/firmado-primer-convenio-colectivo-avatel\/","og_site_name":"UGT Comunicaciones","article_publisher":"https:\/\/www.facebook.com\/ugt.comunicaciones\/","article_published_time":"2022-04-06T17:10:26+00:00","article_modified_time":"2024-09-10T06:58:42+00:00","og_image":[{"width":1526,"height":893,"url":"https:\/\/www.ugtcomunicaciones.es\/wordpress\/wp-content\/uploads\/2022\/04\/avatel.jpg","type":"image\/jpeg"}],"author":"UGT","twitter_card":"summary_large_image","twitter_creator":"@ugtcom","twitter_site":"@ugtcom","twitter_misc":{"Escrito por":"UGT","Tiempo de lectura":"2 minutos"},"schema":{"@context":"https:\/\/schema.org","@graph":[{"@type":"Article","@id":"https:\/\/www.ugtcomunicaciones.es\/wordpress\/firmado-primer-convenio-colectivo-avatel\/#article","isPartOf":{"@id":"https:\/\/www.ugtcomunicaciones.es\/wordpress\/firmado-primer-convenio-colectivo-avatel\/"},"author":{"name":"UGT","@id":"https:\/\/www.ugtcomunicaciones.es\/wordpress\/#\/schema\/person\/eba0fc3fe5b444531d94d4368cba89ed"},"headline":"Firmado el primer Convenio Colectivo de Avatel","datePublished":"2022-04-06T17:10:26+00:00","dateModified":"2024-09-10T06:58:42+00:00","mainEntityOfPage":{"@id":"https:\/\/www.ugtcomunicaciones.es\/wordpress\/firmado-primer-convenio-colectivo-avatel\/"},"wordCount":284,"publisher":{"@id":"https:\/\/www.ugtcomunicaciones.es\/wordpress\/#organization"},"image":{"@id":"https:\/\/www.ugtcomunicaciones.es\/wordpress\/firmado-primer-convenio-colectivo-avatel\/#primaryimage"},"thumbnailUrl":"https:\/\/www.ugtcomunicaciones.es\/wordpress\/wp-content\/uploads\/2022\/04\/avatel.jpg","articleSection":["AVATEL","Otros"],"inLanguage":"es"},{"@type":"WebPage","@id":"https:\/\/www.ugtcomunicaciones.es\/wordpress\/firmado-primer-convenio-colectivo-avatel\/","url":"https:\/\/www.ugtcomunicaciones.es\/wordpress\/firmado-primer-convenio-colectivo-avatel\/","name":"Firmado el primer Convenio Colectivo de Avatel - UGT Comunicaciones","isPartOf":{"@id":"https:\/\/www.ugtcomunicaciones.es\/wordpress\/#website"},"primaryImageOfPage":{"@id":"https:\/\/www.ugtcomunicaciones.es\/wordpress\/firmado-primer-convenio-colectivo-avatel\/#primaryimage"},"image":{"@id":"https:\/\/www.ugtcomunicaciones.es\/wordpress\/firmado-primer-convenio-colectivo-avatel\/#primaryimage"},"thumbnailUrl":"https:\/\/www.ugtcomunicaciones.es\/wordpress\/wp-content\/uploads\/2022\/04\/avatel.jpg","datePublished":"2022-04-06T17:10:26+00:00","dateModified":"2024-09-10T06:58:42+00:00","breadcrumb":{"@id":"https:\/\/www.ugtcomunicaciones.es\/wordpress\/firmado-primer-convenio-colectivo-avatel\/#breadcrumb"},"inLanguage":"es","potentialAction":[{"@type":"ReadAction","target":["https:\/\/www.ugtcomunicaciones.es\/wordpress\/firmado-primer-convenio-colectivo-avatel\/"]}]},{"@type":"ImageObject","inLanguage":"es","@id":"https:\/\/www.ugtcomunicaciones.es\/wordpress\/firmado-primer-convenio-colectivo-avatel\/#primaryimage","url":"https:\/\/www.ugtcomunicaciones.es\/wordpress\/wp-content\/uploads\/2022\/04\/avatel.jpg","contentUrl":"https:\/\/www.ugtcomunicaciones.es\/wordpress\/wp-content\/uploads\/2022\/04\/avatel.jpg","width":1526,"height":893},{"@type":"BreadcrumbList","@id":"https:\/\/www.ugtcomunicaciones.es\/wordpress\/firmado-primer-convenio-colectivo-avatel\/#breadcrumb","itemListElement":[{"@type":"ListItem","position":1,"name":"Portada","item":"https:\/\/www.ugtcomunicaciones.es\/wordpress\/"},{"@type":"ListItem","position":2,"name":"Firmado el primer Convenio Colectivo de Avatel"}]},{"@type":"WebSite","@id":"https:\/\/www.ugtcomunicaciones.es\/wordpress\/#website","url":"https:\/\/www.ugtcomunicaciones.es\/wordpress\/","name":"UGT Comunicaciones","description":"Sindicato de Telecomunicaciones","publisher":{"@id":"https:\/\/www.ugtcomunicaciones.es\/wordpress\/#organization"},"potentialAction":[{"@type":"SearchAction","target":{"@type":"EntryPoint","urlTemplate":"https:\/\/www.ugtcomunicaciones.es\/wordpress\/?s={search_term_string}"},"query-input":{"@type":"PropertyValueSpecification","valueRequired":true,"valueName":"search_term_string"}}],"inLanguage":"es"},{"@type":"Organization","@id":"https:\/\/www.ugtcomunicaciones.es\/wordpress\/#organization","name":"UGT Comunicaciones","url":"https:\/\/www.ugtcomunicaciones.es\/wordpress\/","logo":{"@type":"ImageObject","inLanguage":"es","@id":"https:\/\/www.ugtcomunicaciones.es\/wordpress\/#\/schema\/logo\/image\/","url":"https:\/\/www.ugtcomunicaciones.es\/wordpress\/wp-content\/uploads\/2024\/04\/comunicaciones_logo.png","contentUrl":"https:\/\/www.ugtcomunicaciones.es\/wordpress\/wp-content\/uploads\/2024\/04\/comunicaciones_logo.png","width":298,"height":81,"caption":"UGT Comunicaciones"},"image":{"@id":"https:\/\/www.ugtcomunicaciones.es\/wordpress\/#\/schema\/logo\/image\/"},"sameAs":["https:\/\/www.facebook.com\/ugt.comunicaciones\/","https:\/\/x.com\/ugtcom"]},{"@type":"Person","@id":"https:\/\/www.ugtcomunicaciones.es\/wordpress\/#\/schema\/person\/eba0fc3fe5b444531d94d4368cba89ed","name":"UGT","image":{"@type":"ImageObject","inLanguage":"es","@id":"https:\/\/secure.gravatar.com\/avatar\/2a16057d620a4c646bcfc171c4f23030879ebbdd346f0525bd5d4a564e57e13d?s=96&d=mm&r=g","url":"https:\/\/secure.gravatar.com\/avatar\/2a16057d620a4c646bcfc171c4f23030879ebbdd346f0525bd5d4a564e57e13d?s=96&d=mm&r=g","contentUrl":"https:\/\/secure.gravatar.com\/avatar\/2a16057d620a4c646bcfc171c4f23030879ebbdd346f0525bd5d4a564e57e13d?s=96&d=mm&r=g","caption":"UGT"}}]}},"_links":{"self":[{"href":"https:\/\/www.ugtcomunicaciones.es\/wordpress\/wp-json\/wp\/v2\/posts\/988973","targetHints":{"allow":["GET"]}}],"collection":[{"href":"https:\/\/www.ugtcomunicaciones.es\/wordpress\/wp-json\/wp\/v2\/posts"}],"about":[{"href":"https:\/\/www.ugtcomunicaciones.es\/wordpress\/wp-json\/wp\/v2\/types\/post"}],"author":[{"embeddable":true,"href":"https:\/\/www.ugtcomunicaciones.es\/wordpress\/wp-json\/wp\/v2\/users\/3"}],"replies":[{"embeddable":true,"href":"https:\/\/www.ugtcomunicaciones.es\/wordpress\/wp-json\/wp\/v2\/comments?post=988973"}],"version-history":[{"count":1,"href":"https:\/\/www.ugtcomunicaciones.es\/wordpress\/wp-json\/wp\/v2\/posts\/988973\/revisions"}],"predecessor-version":[{"id":1067204,"href":"https:\/\/www.ugtcomunicaciones.es\/wordpress\/wp-json\/wp\/v2\/posts\/988973\/revisions\/1067204"}],"wp:featuredmedia":[{"embeddable":true,"href":"https:\/\/www.ugtcomunicaciones.es\/wordpress\/wp-json\/wp\/v2\/media\/988974"}],"wp:attachment":[{"href":"https:\/\/www.ugtcomunicaciones.es\/wordpress\/wp-json\/wp\/v2\/media?parent=988973"}],"wp:term":[{"taxonomy":"category","embeddable":true,"href":"https:\/\/www.ugtcomunicaciones.es\/wordpress\/wp-json\/wp\/v2\/categories?post=988973"},{"taxonomy":"post_tag","embeddable":true,"href":"https:\/\/www.ugtcomunicaciones.es\/wordpress\/wp-json\/wp\/v2\/tags?post=988973"}],"curies":[{"name":"wp","href":"https:\/\/api.w.org\/{rel}","templated":true}]}}