{"id":989304,"date":"2022-04-07T14:30:11","date_gmt":"2022-04-07T13:30:11","guid":{"rendered":"https:\/\/www.ugtcomunicaciones.es\/wordpress\/?p=989304"},"modified":"2022-04-07T15:24:23","modified_gmt":"2022-04-07T14:24:23","slug":"asambleas-generales-en-uni-mei-europa-y-global","status":"publish","type":"post","link":"https:\/\/www.ugtcomunicaciones.es\/wordpress\/asambleas-generales-en-uni-mei-europa-y-global\/","title":{"rendered":"Asambleas Generales en UNI-MEI Europa y Global"},"content":{"rendered":"<p style=\"text-align: justify;\"><a href=\"https:\/\/uniglobalunion.org\/\">UNI Global<\/a> es la agrupaci\u00f3n de m\u00e1s de 150 organizaciones sindicales a nivel mundial y representa a m\u00e1s de 20 millones de trabajadores. <strong>UGT FeSMC<\/strong> ha participado activamente en el sector de Medios, Espect\u00e1culos y Artes (<a href=\"https:\/\/uniglobalunion.org\/about\/sectors\/media-entertainment\/\">UNI-MEI<\/a>), donde se encuentran reunidos sindicatos y gremios para elevar los est\u00e1ndares y hacer cumplir los derechos de los creativos, t\u00e9cnicos y trabajadores auxiliares.<\/p>\n<p style=\"text-align: justify;\">Es importante la pertenencia y participaci\u00f3n en estas instituciones a nivel internacional para tener una interlocuci\u00f3n directa con las instituciones europeas, quienes marcan con sus directivas la l\u00ednea general sobre la que los Estados deben legislar. Nuestro compa\u00f1ero Fernando Berzal, de FeSMC, ha sido elegido miembro del Comit\u00e9 Ejecutivo de la organizaci\u00f3n.<\/p>\n<p style=\"text-align: justify;\">Los temas fundamentales sobre los que han girado las reuniones han sido: los bajos salarios, las jornadas largas y las condiciones de trabajo inseguras, campa\u00f1as por la libertad de expresi\u00f3n y asociaci\u00f3n, la igualdad, la diversidad y una transformaci\u00f3n digital justa.<\/p>\n<p style=\"text-align: justify;\">Se han votado y aprobado por unanimidad las siguientes l\u00edneas estrat\u00e9gicas:<\/p>\n<ul style=\"text-align: justify;\">\n<li>Empoderar a los sindicatos a trav\u00e9s del desarrollo de capacidades, la organizaci\u00f3n, la negociaci\u00f3n colectiva y el di\u00e1logo social<\/li>\n<li>Impulsar campa\u00f1as sobre igualdad de g\u00e9nero, diversidad, juventud y acabar con la violencia y el acoso<\/li>\n<li>Aumentar el acceso a la formaci\u00f3n, mejorar la salud y la seguridad y poner fin a las horas de trabajo inhumanas<\/li>\n<li>Proteger y fortalecer la libertad de expresi\u00f3n, la libertad de asociaci\u00f3n y la negociaci\u00f3n colectiva<\/li>\n<li>Contribuir a la transici\u00f3n justa hacia una producci\u00f3n respetuosa con el medio ambiente, el desarrollo sostenible de la industria y a una transformaci\u00f3n justa del sector post Covid-19.<\/li>\n<\/ul>\n<p style=\"text-align: justify;\">Sobre ellas se construir\u00e1n las acciones para la\u00a0 mejora de las condiciones laborales y de vida de todas las personas trabajadoras y la sociedad, ya que tambi\u00e9n contribuyen con la <strong>Agenda 2030<\/strong>.<\/p>\n<p style=\"text-align: justify;\">Se ha celebrado, adem\u00e1s, la reuni\u00f3n de la <strong>Asamblea Global de UNI-MEI<\/strong>, donde se han compartido experiencias sobre problemas que afectan a las personas trabajadoras del sector a nivel mundial, como acoso sexual, acoso on-line, largas horas de jornada, problemas de libertad de expresi\u00f3n\u2026 de forma que se comparten las soluciones implementadas con \u00e9xito, para poder mostrar una l\u00ednea de avance en otros territorios. Uno de los temas destacados ha sido la dificultad de los aut\u00f3nomos para conseguir remuneraciones justas y desde Holanda y B\u00e9lgica han presentado dos acuerdos, en el primer caso con la radio televisi\u00f3n p\u00fablica y con el gobierno en el segundo, para mejorar sus condiciones de trabajo y salariales.<\/p>\n<p style=\"text-align: justify;\"><strong>Por \u00faltimo, se ha aprobado por aclamaci\u00f3n una resoluci\u00f3n en contra de la guerra de Ucrania<\/strong>, mostrando todo nuestro apoyo con las compa\u00f1eras y compa\u00f1eros que est\u00e1n sufriendo la barbarie de la guerra en su pa\u00eds.<\/p>\n","protected":false},"excerpt":{"rendered":"<p>UNI Global es la agrupaci\u00f3n de m\u00e1s de 150 organizaciones sindicales a nivel mundial y representa a m\u00e1s de 20 millones de trabajadores. UGT FeSMC ha participado activamente en el sector de Medios, Espect\u00e1culos y Artes (UNI-MEI), donde se encuentran reunidos sindicatos y gremios para elevar los est\u00e1ndares y hacer cumplir los derechos de los [&hellip;]<\/p>\n","protected":false},"author":3,"featured_media":989305,"comment_status":"closed","ping_status":"closed","sticky":false,"template":"","format":"standard","meta":{"footnotes":""},"categories":[82],"tags":[],"class_list":["post-989304","post","type-post","status-publish","format-standard","has-post-thumbnail","hentry","category-portada"],"yoast_head":"<!-- This site is optimized with the Yoast SEO Premium plugin v27.3 (Yoast SEO v27.4) - https:\/\/yoast.com\/product\/yoast-seo-premium-wordpress\/ -->\n<title>Asambleas Generales en UNI-MEI Europa y Global - UGT Comunicaciones<\/title>\n<meta name=\"robots\" content=\"index, follow, max-snippet:-1, max-image-preview:large, max-video-preview:-1\" \/>\n<link rel=\"canonical\" href=\"https:\/\/www.ugtcomunicaciones.es\/wordpress\/asambleas-generales-en-uni-mei-europa-y-global\/\" \/>\n<meta property=\"og:locale\" content=\"es_ES\" \/>\n<meta property=\"og:type\" content=\"article\" \/>\n<meta property=\"og:title\" content=\"Asambleas Generales en UNI-MEI Europa y Global\" \/>\n<meta property=\"og:description\" content=\"UNI Global es la agrupaci\u00f3n de m\u00e1s de 150 organizaciones sindicales a nivel mundial y representa a m\u00e1s de 20 millones de trabajadores. UGT FeSMC ha participado activamente en el sector de Medios, Espect\u00e1culos y Artes (UNI-MEI), donde se encuentran reunidos sindicatos y gremios para elevar los est\u00e1ndares y hacer cumplir los derechos de los [&hellip;]\" \/>\n<meta property=\"og:url\" content=\"https:\/\/www.ugtcomunicaciones.es\/wordpress\/asambleas-generales-en-uni-mei-europa-y-global\/\" \/>\n<meta property=\"og:site_name\" content=\"UGT Comunicaciones\" \/>\n<meta property=\"article:publisher\" content=\"https:\/\/www.facebook.com\/ugt.comunicaciones\/\" \/>\n<meta property=\"article:published_time\" content=\"2022-04-07T13:30:11+00:00\" \/>\n<meta property=\"article:modified_time\" content=\"2022-04-07T14:24:23+00:00\" \/>\n<meta property=\"og:image\" content=\"https:\/\/www.ugtcomunicaciones.es\/wordpress\/wp-content\/uploads\/2022\/04\/uni_engage_people.png\" \/>\n\t<meta property=\"og:image:width\" content=\"565\" \/>\n\t<meta property=\"og:image:height\" content=\"296\" \/>\n\t<meta property=\"og:image:type\" content=\"image\/png\" \/>\n<meta name=\"author\" content=\"UGT\" \/>\n<meta name=\"twitter:card\" content=\"summary_large_image\" \/>\n<meta name=\"twitter:creator\" content=\"@ugtcom\" \/>\n<meta name=\"twitter:site\" content=\"@ugtcom\" \/>\n<meta name=\"twitter:label1\" content=\"Escrito por\" \/>\n\t<meta name=\"twitter:data1\" content=\"UGT\" \/>\n\t<meta name=\"twitter:label2\" content=\"Tiempo de lectura\" \/>\n\t<meta name=\"twitter:data2\" content=\"3 minutos\" \/>\n<script type=\"application\/ld+json\" class=\"yoast-schema-graph\">{\"@context\":\"https:\\\/\\\/schema.org\",\"@graph\":[{\"@type\":\"Article\",\"@id\":\"https:\\\/\\\/www.ugtcomunicaciones.es\\\/wordpress\\\/asambleas-generales-en-uni-mei-europa-y-global\\\/#article\",\"isPartOf\":{\"@id\":\"https:\\\/\\\/www.ugtcomunicaciones.es\\\/wordpress\\\/asambleas-generales-en-uni-mei-europa-y-global\\\/\"},\"author\":{\"name\":\"UGT\",\"@id\":\"https:\\\/\\\/www.ugtcomunicaciones.es\\\/wordpress\\\/#\\\/schema\\\/person\\\/eba0fc3fe5b444531d94d4368cba89ed\"},\"headline\":\"Asambleas Generales en UNI-MEI Europa y Global\",\"datePublished\":\"2022-04-07T13:30:11+00:00\",\"dateModified\":\"2022-04-07T14:24:23+00:00\",\"mainEntityOfPage\":{\"@id\":\"https:\\\/\\\/www.ugtcomunicaciones.es\\\/wordpress\\\/asambleas-generales-en-uni-mei-europa-y-global\\\/\"},\"wordCount\":494,\"publisher\":{\"@id\":\"https:\\\/\\\/www.ugtcomunicaciones.es\\\/wordpress\\\/#organization\"},\"image\":{\"@id\":\"https:\\\/\\\/www.ugtcomunicaciones.es\\\/wordpress\\\/asambleas-generales-en-uni-mei-europa-y-global\\\/#primaryimage\"},\"thumbnailUrl\":\"https:\\\/\\\/www.ugtcomunicaciones.es\\\/wordpress\\\/wp-content\\\/uploads\\\/2022\\\/04\\\/uni_engage_people.png\",\"articleSection\":[\"Portada\"],\"inLanguage\":\"es\"},{\"@type\":\"WebPage\",\"@id\":\"https:\\\/\\\/www.ugtcomunicaciones.es\\\/wordpress\\\/asambleas-generales-en-uni-mei-europa-y-global\\\/\",\"url\":\"https:\\\/\\\/www.ugtcomunicaciones.es\\\/wordpress\\\/asambleas-generales-en-uni-mei-europa-y-global\\\/\",\"name\":\"Asambleas Generales en UNI-MEI Europa y Global - UGT Comunicaciones\",\"isPartOf\":{\"@id\":\"https:\\\/\\\/www.ugtcomunicaciones.es\\\/wordpress\\\/#website\"},\"primaryImageOfPage\":{\"@id\":\"https:\\\/\\\/www.ugtcomunicaciones.es\\\/wordpress\\\/asambleas-generales-en-uni-mei-europa-y-global\\\/#primaryimage\"},\"image\":{\"@id\":\"https:\\\/\\\/www.ugtcomunicaciones.es\\\/wordpress\\\/asambleas-generales-en-uni-mei-europa-y-global\\\/#primaryimage\"},\"thumbnailUrl\":\"https:\\\/\\\/www.ugtcomunicaciones.es\\\/wordpress\\\/wp-content\\\/uploads\\\/2022\\\/04\\\/uni_engage_people.png\",\"datePublished\":\"2022-04-07T13:30:11+00:00\",\"dateModified\":\"2022-04-07T14:24:23+00:00\",\"breadcrumb\":{\"@id\":\"https:\\\/\\\/www.ugtcomunicaciones.es\\\/wordpress\\\/asambleas-generales-en-uni-mei-europa-y-global\\\/#breadcrumb\"},\"inLanguage\":\"es\",\"potentialAction\":[{\"@type\":\"ReadAction\",\"target\":[\"https:\\\/\\\/www.ugtcomunicaciones.es\\\/wordpress\\\/asambleas-generales-en-uni-mei-europa-y-global\\\/\"]}]},{\"@type\":\"ImageObject\",\"inLanguage\":\"es\",\"@id\":\"https:\\\/\\\/www.ugtcomunicaciones.es\\\/wordpress\\\/asambleas-generales-en-uni-mei-europa-y-global\\\/#primaryimage\",\"url\":\"https:\\\/\\\/www.ugtcomunicaciones.es\\\/wordpress\\\/wp-content\\\/uploads\\\/2022\\\/04\\\/uni_engage_people.png\",\"contentUrl\":\"https:\\\/\\\/www.ugtcomunicaciones.es\\\/wordpress\\\/wp-content\\\/uploads\\\/2022\\\/04\\\/uni_engage_people.png\",\"width\":565,\"height\":296},{\"@type\":\"BreadcrumbList\",\"@id\":\"https:\\\/\\\/www.ugtcomunicaciones.es\\\/wordpress\\\/asambleas-generales-en-uni-mei-europa-y-global\\\/#breadcrumb\",\"itemListElement\":[{\"@type\":\"ListItem\",\"position\":1,\"name\":\"Portada\",\"item\":\"https:\\\/\\\/www.ugtcomunicaciones.es\\\/wordpress\\\/\"},{\"@type\":\"ListItem\",\"position\":2,\"name\":\"Asambleas Generales en UNI-MEI Europa y Global\"}]},{\"@type\":\"WebSite\",\"@id\":\"https:\\\/\\\/www.ugtcomunicaciones.es\\\/wordpress\\\/#website\",\"url\":\"https:\\\/\\\/www.ugtcomunicaciones.es\\\/wordpress\\\/\",\"name\":\"UGT Comunicaciones\",\"description\":\"Sindicato de Telecomunicaciones\",\"publisher\":{\"@id\":\"https:\\\/\\\/www.ugtcomunicaciones.es\\\/wordpress\\\/#organization\"},\"potentialAction\":[{\"@type\":\"SearchAction\",\"target\":{\"@type\":\"EntryPoint\",\"urlTemplate\":\"https:\\\/\\\/www.ugtcomunicaciones.es\\\/wordpress\\\/?s={search_term_string}\"},\"query-input\":{\"@type\":\"PropertyValueSpecification\",\"valueRequired\":true,\"valueName\":\"search_term_string\"}}],\"inLanguage\":\"es\"},{\"@type\":\"Organization\",\"@id\":\"https:\\\/\\\/www.ugtcomunicaciones.es\\\/wordpress\\\/#organization\",\"name\":\"UGT Comunicaciones\",\"url\":\"https:\\\/\\\/www.ugtcomunicaciones.es\\\/wordpress\\\/\",\"logo\":{\"@type\":\"ImageObject\",\"inLanguage\":\"es\",\"@id\":\"https:\\\/\\\/www.ugtcomunicaciones.es\\\/wordpress\\\/#\\\/schema\\\/logo\\\/image\\\/\",\"url\":\"https:\\\/\\\/www.ugtcomunicaciones.es\\\/wordpress\\\/wp-content\\\/uploads\\\/2024\\\/04\\\/comunicaciones_logo.png\",\"contentUrl\":\"https:\\\/\\\/www.ugtcomunicaciones.es\\\/wordpress\\\/wp-content\\\/uploads\\\/2024\\\/04\\\/comunicaciones_logo.png\",\"width\":298,\"height\":81,\"caption\":\"UGT Comunicaciones\"},\"image\":{\"@id\":\"https:\\\/\\\/www.ugtcomunicaciones.es\\\/wordpress\\\/#\\\/schema\\\/logo\\\/image\\\/\"},\"sameAs\":[\"https:\\\/\\\/www.facebook.com\\\/ugt.comunicaciones\\\/\",\"https:\\\/\\\/x.com\\\/ugtcom\"]},{\"@type\":\"Person\",\"@id\":\"https:\\\/\\\/www.ugtcomunicaciones.es\\\/wordpress\\\/#\\\/schema\\\/person\\\/eba0fc3fe5b444531d94d4368cba89ed\",\"name\":\"UGT\",\"image\":{\"@type\":\"ImageObject\",\"inLanguage\":\"es\",\"@id\":\"https:\\\/\\\/secure.gravatar.com\\\/avatar\\\/2a16057d620a4c646bcfc171c4f23030879ebbdd346f0525bd5d4a564e57e13d?s=96&d=mm&r=g\",\"url\":\"https:\\\/\\\/secure.gravatar.com\\\/avatar\\\/2a16057d620a4c646bcfc171c4f23030879ebbdd346f0525bd5d4a564e57e13d?s=96&d=mm&r=g\",\"contentUrl\":\"https:\\\/\\\/secure.gravatar.com\\\/avatar\\\/2a16057d620a4c646bcfc171c4f23030879ebbdd346f0525bd5d4a564e57e13d?s=96&d=mm&r=g\",\"caption\":\"UGT\"}}]}<\/script>\n<!-- \/ Yoast SEO Premium plugin. -->","yoast_head_json":{"title":"Asambleas Generales en UNI-MEI Europa y Global - UGT Comunicaciones","robots":{"index":"index","follow":"follow","max-snippet":"max-snippet:-1","max-image-preview":"max-image-preview:large","max-video-preview":"max-video-preview:-1"},"canonical":"https:\/\/www.ugtcomunicaciones.es\/wordpress\/asambleas-generales-en-uni-mei-europa-y-global\/","og_locale":"es_ES","og_type":"article","og_title":"Asambleas Generales en UNI-MEI Europa y Global","og_description":"UNI Global es la agrupaci\u00f3n de m\u00e1s de 150 organizaciones sindicales a nivel mundial y representa a m\u00e1s de 20 millones de trabajadores. UGT FeSMC ha participado activamente en el sector de Medios, Espect\u00e1culos y Artes (UNI-MEI), donde se encuentran reunidos sindicatos y gremios para elevar los est\u00e1ndares y hacer cumplir los derechos de los [&hellip;]","og_url":"https:\/\/www.ugtcomunicaciones.es\/wordpress\/asambleas-generales-en-uni-mei-europa-y-global\/","og_site_name":"UGT Comunicaciones","article_publisher":"https:\/\/www.facebook.com\/ugt.comunicaciones\/","article_published_time":"2022-04-07T13:30:11+00:00","article_modified_time":"2022-04-07T14:24:23+00:00","og_image":[{"width":565,"height":296,"url":"https:\/\/www.ugtcomunicaciones.es\/wordpress\/wp-content\/uploads\/2022\/04\/uni_engage_people.png","type":"image\/png"}],"author":"UGT","twitter_card":"summary_large_image","twitter_creator":"@ugtcom","twitter_site":"@ugtcom","twitter_misc":{"Escrito por":"UGT","Tiempo de lectura":"3 minutos"},"schema":{"@context":"https:\/\/schema.org","@graph":[{"@type":"Article","@id":"https:\/\/www.ugtcomunicaciones.es\/wordpress\/asambleas-generales-en-uni-mei-europa-y-global\/#article","isPartOf":{"@id":"https:\/\/www.ugtcomunicaciones.es\/wordpress\/asambleas-generales-en-uni-mei-europa-y-global\/"},"author":{"name":"UGT","@id":"https:\/\/www.ugtcomunicaciones.es\/wordpress\/#\/schema\/person\/eba0fc3fe5b444531d94d4368cba89ed"},"headline":"Asambleas Generales en UNI-MEI Europa y Global","datePublished":"2022-04-07T13:30:11+00:00","dateModified":"2022-04-07T14:24:23+00:00","mainEntityOfPage":{"@id":"https:\/\/www.ugtcomunicaciones.es\/wordpress\/asambleas-generales-en-uni-mei-europa-y-global\/"},"wordCount":494,"publisher":{"@id":"https:\/\/www.ugtcomunicaciones.es\/wordpress\/#organization"},"image":{"@id":"https:\/\/www.ugtcomunicaciones.es\/wordpress\/asambleas-generales-en-uni-mei-europa-y-global\/#primaryimage"},"thumbnailUrl":"https:\/\/www.ugtcomunicaciones.es\/wordpress\/wp-content\/uploads\/2022\/04\/uni_engage_people.png","articleSection":["Portada"],"inLanguage":"es"},{"@type":"WebPage","@id":"https:\/\/www.ugtcomunicaciones.es\/wordpress\/asambleas-generales-en-uni-mei-europa-y-global\/","url":"https:\/\/www.ugtcomunicaciones.es\/wordpress\/asambleas-generales-en-uni-mei-europa-y-global\/","name":"Asambleas Generales en UNI-MEI Europa y Global - UGT Comunicaciones","isPartOf":{"@id":"https:\/\/www.ugtcomunicaciones.es\/wordpress\/#website"},"primaryImageOfPage":{"@id":"https:\/\/www.ugtcomunicaciones.es\/wordpress\/asambleas-generales-en-uni-mei-europa-y-global\/#primaryimage"},"image":{"@id":"https:\/\/www.ugtcomunicaciones.es\/wordpress\/asambleas-generales-en-uni-mei-europa-y-global\/#primaryimage"},"thumbnailUrl":"https:\/\/www.ugtcomunicaciones.es\/wordpress\/wp-content\/uploads\/2022\/04\/uni_engage_people.png","datePublished":"2022-04-07T13:30:11+00:00","dateModified":"2022-04-07T14:24:23+00:00","breadcrumb":{"@id":"https:\/\/www.ugtcomunicaciones.es\/wordpress\/asambleas-generales-en-uni-mei-europa-y-global\/#breadcrumb"},"inLanguage":"es","potentialAction":[{"@type":"ReadAction","target":["https:\/\/www.ugtcomunicaciones.es\/wordpress\/asambleas-generales-en-uni-mei-europa-y-global\/"]}]},{"@type":"ImageObject","inLanguage":"es","@id":"https:\/\/www.ugtcomunicaciones.es\/wordpress\/asambleas-generales-en-uni-mei-europa-y-global\/#primaryimage","url":"https:\/\/www.ugtcomunicaciones.es\/wordpress\/wp-content\/uploads\/2022\/04\/uni_engage_people.png","contentUrl":"https:\/\/www.ugtcomunicaciones.es\/wordpress\/wp-content\/uploads\/2022\/04\/uni_engage_people.png","width":565,"height":296},{"@type":"BreadcrumbList","@id":"https:\/\/www.ugtcomunicaciones.es\/wordpress\/asambleas-generales-en-uni-mei-europa-y-global\/#breadcrumb","itemListElement":[{"@type":"ListItem","position":1,"name":"Portada","item":"https:\/\/www.ugtcomunicaciones.es\/wordpress\/"},{"@type":"ListItem","position":2,"name":"Asambleas Generales en UNI-MEI Europa y Global"}]},{"@type":"WebSite","@id":"https:\/\/www.ugtcomunicaciones.es\/wordpress\/#website","url":"https:\/\/www.ugtcomunicaciones.es\/wordpress\/","name":"UGT Comunicaciones","description":"Sindicato de Telecomunicaciones","publisher":{"@id":"https:\/\/www.ugtcomunicaciones.es\/wordpress\/#organization"},"potentialAction":[{"@type":"SearchAction","target":{"@type":"EntryPoint","urlTemplate":"https:\/\/www.ugtcomunicaciones.es\/wordpress\/?s={search_term_string}"},"query-input":{"@type":"PropertyValueSpecification","valueRequired":true,"valueName":"search_term_string"}}],"inLanguage":"es"},{"@type":"Organization","@id":"https:\/\/www.ugtcomunicaciones.es\/wordpress\/#organization","name":"UGT Comunicaciones","url":"https:\/\/www.ugtcomunicaciones.es\/wordpress\/","logo":{"@type":"ImageObject","inLanguage":"es","@id":"https:\/\/www.ugtcomunicaciones.es\/wordpress\/#\/schema\/logo\/image\/","url":"https:\/\/www.ugtcomunicaciones.es\/wordpress\/wp-content\/uploads\/2024\/04\/comunicaciones_logo.png","contentUrl":"https:\/\/www.ugtcomunicaciones.es\/wordpress\/wp-content\/uploads\/2024\/04\/comunicaciones_logo.png","width":298,"height":81,"caption":"UGT Comunicaciones"},"image":{"@id":"https:\/\/www.ugtcomunicaciones.es\/wordpress\/#\/schema\/logo\/image\/"},"sameAs":["https:\/\/www.facebook.com\/ugt.comunicaciones\/","https:\/\/x.com\/ugtcom"]},{"@type":"Person","@id":"https:\/\/www.ugtcomunicaciones.es\/wordpress\/#\/schema\/person\/eba0fc3fe5b444531d94d4368cba89ed","name":"UGT","image":{"@type":"ImageObject","inLanguage":"es","@id":"https:\/\/secure.gravatar.com\/avatar\/2a16057d620a4c646bcfc171c4f23030879ebbdd346f0525bd5d4a564e57e13d?s=96&d=mm&r=g","url":"https:\/\/secure.gravatar.com\/avatar\/2a16057d620a4c646bcfc171c4f23030879ebbdd346f0525bd5d4a564e57e13d?s=96&d=mm&r=g","contentUrl":"https:\/\/secure.gravatar.com\/avatar\/2a16057d620a4c646bcfc171c4f23030879ebbdd346f0525bd5d4a564e57e13d?s=96&d=mm&r=g","caption":"UGT"}}]}},"_links":{"self":[{"href":"https:\/\/www.ugtcomunicaciones.es\/wordpress\/wp-json\/wp\/v2\/posts\/989304","targetHints":{"allow":["GET"]}}],"collection":[{"href":"https:\/\/www.ugtcomunicaciones.es\/wordpress\/wp-json\/wp\/v2\/posts"}],"about":[{"href":"https:\/\/www.ugtcomunicaciones.es\/wordpress\/wp-json\/wp\/v2\/types\/post"}],"author":[{"embeddable":true,"href":"https:\/\/www.ugtcomunicaciones.es\/wordpress\/wp-json\/wp\/v2\/users\/3"}],"replies":[{"embeddable":true,"href":"https:\/\/www.ugtcomunicaciones.es\/wordpress\/wp-json\/wp\/v2\/comments?post=989304"}],"version-history":[{"count":0,"href":"https:\/\/www.ugtcomunicaciones.es\/wordpress\/wp-json\/wp\/v2\/posts\/989304\/revisions"}],"wp:featuredmedia":[{"embeddable":true,"href":"https:\/\/www.ugtcomunicaciones.es\/wordpress\/wp-json\/wp\/v2\/media\/989305"}],"wp:attachment":[{"href":"https:\/\/www.ugtcomunicaciones.es\/wordpress\/wp-json\/wp\/v2\/media?parent=989304"}],"wp:term":[{"taxonomy":"category","embeddable":true,"href":"https:\/\/www.ugtcomunicaciones.es\/wordpress\/wp-json\/wp\/v2\/categories?post=989304"},{"taxonomy":"post_tag","embeddable":true,"href":"https:\/\/www.ugtcomunicaciones.es\/wordpress\/wp-json\/wp\/v2\/tags?post=989304"}],"curies":[{"name":"wp","href":"https:\/\/api.w.org\/{rel}","templated":true}]}}