{"id":99735,"date":"2018-01-30T15:54:06","date_gmt":"2018-01-30T13:54:06","guid":{"rendered":"http:\/\/ugtcomunicaciones.es\/wordpress\/?p=99735"},"modified":"2018-01-30T15:55:39","modified_gmt":"2018-01-30T13:55:39","slug":"relevo-la-cupula-telefonica-espana","status":"publish","type":"post","link":"https:\/\/www.ugtcomunicaciones.es\/wordpress\/relevo-la-cupula-telefonica-espana\/","title":{"rendered":"Relevo en la c\u00fapula de Telef\u00f3nica de Espa\u00f1a"},"content":{"rendered":"<p style=\"text-align: justify;\" align=\"justify\"><img decoding=\"async\" class=\"aligncenter size-full wp-image-99736 lazyload\" data-src=\"http:\/\/ugtcomunicaciones.es\/wordpress\/wp-content\/uploads\/2018\/01\/th.jpg\" alt=\"\" width=\"474\" height=\"314\" data-srcset=\"https:\/\/www.ugtcomunicaciones.es\/wordpress\/wp-content\/uploads\/2018\/01\/th.jpg 474w, https:\/\/www.ugtcomunicaciones.es\/wordpress\/wp-content\/uploads\/2018\/01\/th-300x199.jpg 300w\" data-sizes=\"(max-width: 474px) 100vw, 474px\" src=\"data:image\/svg+xml;base64,PHN2ZyB3aWR0aD0iMSIgaGVpZ2h0PSIxIiB4bWxucz0iaHR0cDovL3d3dy53My5vcmcvMjAwMC9zdmciPjwvc3ZnPg==\" style=\"--smush-placeholder-width: 474px; --smush-placeholder-aspect-ratio: 474\/314;\" \/>Ante la comunicaci\u00f3n del cambio en la presidencia de Telef\u00f3nica de Espa\u00f1a SAU y la nueva estructura, desde <span style=\"color: #ff0000;\"><strong><span class=\"m_3663844740324009813Estilo9\">UGT<\/span> <\/strong><\/span>entendemos que la etapa de Luis Miguel Gil P\u00e9rez, con las l\u00f3gicas luces y sombras que una responsabilidad de ese calado conlleva, ha sido fruct\u00edfera para todos. <span style=\"color: #ff0000;\"><strong><span class=\"m_3663844740324009813Estilo9\">UGT<\/span> <\/strong><\/span>quiere <strong>reconocer su contribuci\u00f3n y creencia en unas relaciones laborales concertadas<\/strong>, cuya m\u00e1xima expresi\u00f3n ha sido el CEV, que nos han permitido dotar a la plantilla de estabilidad y garant\u00eda de futuro, a la par que hemos obtenido beneficios salariales y sociales acordes con la posici\u00f3n de privilegio que, entre todos, hemos proporcionado a la empresa.<\/p>\n<p style=\"text-align: justify;\" align=\"justify\">El nombramiento de Emilio Gayo como nuevo Presidente de Telef\u00f3nica, supone <strong>un claro mensaje de estabilidad y continuidad para los accionistas<\/strong>, en cuanto que ha sido el n\u00famero dos de Gil P\u00e9rez durante pr\u00e1cticamente los seis a\u00f1os que \u00e9ste ha dirigido los destinos de la empresa, y ha participado activamente en la decisiva apuesta por la transformaci\u00f3n comercial y el despliegue de fibra \u00f3ptica,\u00a0 que ha convertido a nuestro pa\u00eds en el l\u00edder en accesos de Europa, proporcionando una infraestructura que deber\u00eda servir para potenciar la capacidad de empresas y negocios para la imprescindible recuperaci\u00f3n econ\u00f3mica.<\/p>\n<p style=\"text-align: justify;\" align=\"justify\">Sin embargo, el nuevo nombramiento revela tambi\u00e9n la necesidad de dotar a la empresa de <strong>un nuevo impulso que consolide su posici\u00f3n en el mercado<\/strong>, y que permita afrontar con nuevas ideas el futuro de la oferta televisiva, en el que juegan un rol fundamental los deportes, con el f\u00fatbol como tema estrella, y la relaci\u00f3n con los proveedores de contenidos, cine y series.<\/p>\n<p style=\"text-align: justify;\" align=\"justify\">Independientemente de esos retos, sin duda apasionantes y decisivos para el futuro de la empresa, para <span style=\"color: #ff0000;\"><strong><span class=\"m_3663844740324009813Estilo9\">UGT<\/span> <\/strong><\/span>tiene especial relevancia el nombramiento de <strong>un Presidente\u00a0 que conoce el modelo de relaciones laborales<\/strong> que hemos sido capaces de desarrollar en los \u00faltimos a\u00f1os en Telef\u00f3nica de Espa\u00f1a, y que nos ha servido, a empresa y trabajadores\/as,\u00a0 para afrontar con \u00e9xito desaf\u00edos como la crisis econ\u00f3mica, el cambio de paradigma del Sector y la adaptaci\u00f3n a las nuevas tecnolog\u00edas\u00a0 y procesos comerciales.<\/p>\n<p style=\"text-align: justify;\" align=\"justify\"><span style=\"color: #ff0000;\"><strong><span class=\"m_3663844740324009813Estilo9\">UGT<\/span> <\/strong><\/span>promover\u00e1 cuantas iniciativas sean necesarias para profundizar <strong>en esta nueva etapa<\/strong>, desde la negociaci\u00f3n colectiva,\u00a0en <strong>atender y dar respuesta<\/strong> a las cuestiones derivadas de <strong>la territorializaci\u00f3n, la reordenaci\u00f3n de infraestructuras e instalaciones,\u00a0 y la digitalizaci\u00f3n y automatizaci\u00f3n de los procesos de atenci\u00f3n y relaci\u00f3n con el cliente,<\/strong> que marcar\u00e1n sin duda los pr\u00f3ximos a\u00f1os.<br \/>\n<strong>\u00a0<\/strong><br \/>\n<span style=\"color: #ff0000;\"><strong><span class=\"m_3663844740324009813Estilo9\">UGT<\/span> <\/strong><\/span>trasladar\u00e1 a la nueva Presidencia <strong>nuestra disposici\u00f3n para abordar los retos futuros desde la estabilidad de las relaciones laborales y el modelo basado en la negociaci\u00f3n<\/strong> y la concertaci\u00f3n, para garantizar el \u00e9xito que todos esperamos que cuaje en consolidarnos como la empresa l\u00edder en el Sector y en el pa\u00eds que Telef\u00f3nica representa.<\/p>\n","protected":false},"excerpt":{"rendered":"<p>Ante la comunicaci\u00f3n del cambio en la presidencia de Telef\u00f3nica de Espa\u00f1a SAU y la nueva estructura, desde UGT entendemos que la etapa de Luis Miguel Gil P\u00e9rez, con las l\u00f3gicas luces y sombras que una responsabilidad de ese calado conlleva, ha sido fruct\u00edfera para todos. UGT quiere reconocer su contribuci\u00f3n y creencia en unas [&hellip;]<\/p>\n","protected":false},"author":3,"featured_media":99736,"comment_status":"closed","ping_status":"closed","sticky":false,"template":"","format":"standard","meta":{"footnotes":""},"categories":[8,25],"tags":[],"class_list":["post-99735","post","type-post","status-publish","format-standard","has-post-thumbnail","hentry","category-telefonica-cev","category-telefonica"],"yoast_head":"<!-- This site is optimized with the Yoast SEO Premium plugin v27.3 (Yoast SEO v27.4) - https:\/\/yoast.com\/product\/yoast-seo-premium-wordpress\/ -->\n<title>Relevo en la c\u00fapula de Telef\u00f3nica de Espa\u00f1a - UGT Comunicaciones<\/title>\n<meta name=\"robots\" content=\"index, follow, max-snippet:-1, max-image-preview:large, max-video-preview:-1\" \/>\n<link rel=\"canonical\" href=\"https:\/\/www.ugtcomunicaciones.es\/wordpress\/relevo-la-cupula-telefonica-espana\/\" \/>\n<meta property=\"og:locale\" content=\"es_ES\" \/>\n<meta property=\"og:type\" content=\"article\" \/>\n<meta property=\"og:title\" content=\"Relevo en la c\u00fapula de Telef\u00f3nica de Espa\u00f1a\" \/>\n<meta property=\"og:description\" content=\"Ante la comunicaci\u00f3n del cambio en la presidencia de Telef\u00f3nica de Espa\u00f1a SAU y la nueva estructura, desde UGT entendemos que la etapa de Luis Miguel Gil P\u00e9rez, con las l\u00f3gicas luces y sombras que una responsabilidad de ese calado conlleva, ha sido fruct\u00edfera para todos. UGT quiere reconocer su contribuci\u00f3n y creencia en unas [&hellip;]\" \/>\n<meta property=\"og:url\" content=\"https:\/\/www.ugtcomunicaciones.es\/wordpress\/relevo-la-cupula-telefonica-espana\/\" \/>\n<meta property=\"og:site_name\" content=\"UGT Comunicaciones\" \/>\n<meta property=\"article:publisher\" content=\"https:\/\/www.facebook.com\/ugt.comunicaciones\/\" \/>\n<meta property=\"article:published_time\" content=\"2018-01-30T13:54:06+00:00\" \/>\n<meta property=\"article:modified_time\" content=\"2018-01-30T13:55:39+00:00\" \/>\n<meta property=\"og:image\" content=\"https:\/\/www.ugtcomunicaciones.es\/wordpress\/wp-content\/uploads\/2018\/01\/th.jpg\" \/>\n\t<meta property=\"og:image:width\" content=\"474\" \/>\n\t<meta property=\"og:image:height\" content=\"314\" \/>\n\t<meta property=\"og:image:type\" content=\"image\/jpeg\" \/>\n<meta name=\"author\" content=\"UGT\" \/>\n<meta name=\"twitter:card\" content=\"summary_large_image\" \/>\n<meta name=\"twitter:creator\" content=\"@ugtcom\" \/>\n<meta name=\"twitter:site\" content=\"@ugtcom\" \/>\n<meta name=\"twitter:label1\" content=\"Escrito por\" \/>\n\t<meta name=\"twitter:data1\" content=\"UGT\" \/>\n\t<meta name=\"twitter:label2\" content=\"Tiempo de lectura\" \/>\n\t<meta name=\"twitter:data2\" content=\"3 minutos\" \/>\n<script type=\"application\/ld+json\" class=\"yoast-schema-graph\">{\"@context\":\"https:\\\/\\\/schema.org\",\"@graph\":[{\"@type\":\"Article\",\"@id\":\"https:\\\/\\\/www.ugtcomunicaciones.es\\\/wordpress\\\/relevo-la-cupula-telefonica-espana\\\/#article\",\"isPartOf\":{\"@id\":\"https:\\\/\\\/www.ugtcomunicaciones.es\\\/wordpress\\\/relevo-la-cupula-telefonica-espana\\\/\"},\"author\":{\"name\":\"UGT\",\"@id\":\"https:\\\/\\\/www.ugtcomunicaciones.es\\\/wordpress\\\/#\\\/schema\\\/person\\\/eba0fc3fe5b444531d94d4368cba89ed\"},\"headline\":\"Relevo en la c\u00fapula de Telef\u00f3nica de Espa\u00f1a\",\"datePublished\":\"2018-01-30T13:54:06+00:00\",\"dateModified\":\"2018-01-30T13:55:39+00:00\",\"mainEntityOfPage\":{\"@id\":\"https:\\\/\\\/www.ugtcomunicaciones.es\\\/wordpress\\\/relevo-la-cupula-telefonica-espana\\\/\"},\"wordCount\":515,\"publisher\":{\"@id\":\"https:\\\/\\\/www.ugtcomunicaciones.es\\\/wordpress\\\/#organization\"},\"image\":{\"@id\":\"https:\\\/\\\/www.ugtcomunicaciones.es\\\/wordpress\\\/relevo-la-cupula-telefonica-espana\\\/#primaryimage\"},\"thumbnailUrl\":\"https:\\\/\\\/www.ugtcomunicaciones.es\\\/wordpress\\\/wp-content\\\/uploads\\\/2018\\\/01\\\/th.jpg\",\"articleSection\":[\"Telef\u00f3nica CEV\",\"Telef\u00f3nica de Espa\u00f1a\"],\"inLanguage\":\"es\"},{\"@type\":\"WebPage\",\"@id\":\"https:\\\/\\\/www.ugtcomunicaciones.es\\\/wordpress\\\/relevo-la-cupula-telefonica-espana\\\/\",\"url\":\"https:\\\/\\\/www.ugtcomunicaciones.es\\\/wordpress\\\/relevo-la-cupula-telefonica-espana\\\/\",\"name\":\"Relevo en la c\u00fapula de Telef\u00f3nica de Espa\u00f1a - UGT Comunicaciones\",\"isPartOf\":{\"@id\":\"https:\\\/\\\/www.ugtcomunicaciones.es\\\/wordpress\\\/#website\"},\"primaryImageOfPage\":{\"@id\":\"https:\\\/\\\/www.ugtcomunicaciones.es\\\/wordpress\\\/relevo-la-cupula-telefonica-espana\\\/#primaryimage\"},\"image\":{\"@id\":\"https:\\\/\\\/www.ugtcomunicaciones.es\\\/wordpress\\\/relevo-la-cupula-telefonica-espana\\\/#primaryimage\"},\"thumbnailUrl\":\"https:\\\/\\\/www.ugtcomunicaciones.es\\\/wordpress\\\/wp-content\\\/uploads\\\/2018\\\/01\\\/th.jpg\",\"datePublished\":\"2018-01-30T13:54:06+00:00\",\"dateModified\":\"2018-01-30T13:55:39+00:00\",\"breadcrumb\":{\"@id\":\"https:\\\/\\\/www.ugtcomunicaciones.es\\\/wordpress\\\/relevo-la-cupula-telefonica-espana\\\/#breadcrumb\"},\"inLanguage\":\"es\",\"potentialAction\":[{\"@type\":\"ReadAction\",\"target\":[\"https:\\\/\\\/www.ugtcomunicaciones.es\\\/wordpress\\\/relevo-la-cupula-telefonica-espana\\\/\"]}]},{\"@type\":\"ImageObject\",\"inLanguage\":\"es\",\"@id\":\"https:\\\/\\\/www.ugtcomunicaciones.es\\\/wordpress\\\/relevo-la-cupula-telefonica-espana\\\/#primaryimage\",\"url\":\"https:\\\/\\\/www.ugtcomunicaciones.es\\\/wordpress\\\/wp-content\\\/uploads\\\/2018\\\/01\\\/th.jpg\",\"contentUrl\":\"https:\\\/\\\/www.ugtcomunicaciones.es\\\/wordpress\\\/wp-content\\\/uploads\\\/2018\\\/01\\\/th.jpg\",\"width\":474,\"height\":314},{\"@type\":\"BreadcrumbList\",\"@id\":\"https:\\\/\\\/www.ugtcomunicaciones.es\\\/wordpress\\\/relevo-la-cupula-telefonica-espana\\\/#breadcrumb\",\"itemListElement\":[{\"@type\":\"ListItem\",\"position\":1,\"name\":\"Portada\",\"item\":\"https:\\\/\\\/www.ugtcomunicaciones.es\\\/wordpress\\\/\"},{\"@type\":\"ListItem\",\"position\":2,\"name\":\"Relevo en la c\u00fapula de Telef\u00f3nica de Espa\u00f1a\"}]},{\"@type\":\"WebSite\",\"@id\":\"https:\\\/\\\/www.ugtcomunicaciones.es\\\/wordpress\\\/#website\",\"url\":\"https:\\\/\\\/www.ugtcomunicaciones.es\\\/wordpress\\\/\",\"name\":\"UGT Comunicaciones\",\"description\":\"Sindicato de Telecomunicaciones\",\"publisher\":{\"@id\":\"https:\\\/\\\/www.ugtcomunicaciones.es\\\/wordpress\\\/#organization\"},\"potentialAction\":[{\"@type\":\"SearchAction\",\"target\":{\"@type\":\"EntryPoint\",\"urlTemplate\":\"https:\\\/\\\/www.ugtcomunicaciones.es\\\/wordpress\\\/?s={search_term_string}\"},\"query-input\":{\"@type\":\"PropertyValueSpecification\",\"valueRequired\":true,\"valueName\":\"search_term_string\"}}],\"inLanguage\":\"es\"},{\"@type\":\"Organization\",\"@id\":\"https:\\\/\\\/www.ugtcomunicaciones.es\\\/wordpress\\\/#organization\",\"name\":\"UGT Comunicaciones\",\"url\":\"https:\\\/\\\/www.ugtcomunicaciones.es\\\/wordpress\\\/\",\"logo\":{\"@type\":\"ImageObject\",\"inLanguage\":\"es\",\"@id\":\"https:\\\/\\\/www.ugtcomunicaciones.es\\\/wordpress\\\/#\\\/schema\\\/logo\\\/image\\\/\",\"url\":\"https:\\\/\\\/www.ugtcomunicaciones.es\\\/wordpress\\\/wp-content\\\/uploads\\\/2024\\\/04\\\/comunicaciones_logo.png\",\"contentUrl\":\"https:\\\/\\\/www.ugtcomunicaciones.es\\\/wordpress\\\/wp-content\\\/uploads\\\/2024\\\/04\\\/comunicaciones_logo.png\",\"width\":298,\"height\":81,\"caption\":\"UGT Comunicaciones\"},\"image\":{\"@id\":\"https:\\\/\\\/www.ugtcomunicaciones.es\\\/wordpress\\\/#\\\/schema\\\/logo\\\/image\\\/\"},\"sameAs\":[\"https:\\\/\\\/www.facebook.com\\\/ugt.comunicaciones\\\/\",\"https:\\\/\\\/x.com\\\/ugtcom\"]},{\"@type\":\"Person\",\"@id\":\"https:\\\/\\\/www.ugtcomunicaciones.es\\\/wordpress\\\/#\\\/schema\\\/person\\\/eba0fc3fe5b444531d94d4368cba89ed\",\"name\":\"UGT\",\"image\":{\"@type\":\"ImageObject\",\"inLanguage\":\"es\",\"@id\":\"https:\\\/\\\/secure.gravatar.com\\\/avatar\\\/2a16057d620a4c646bcfc171c4f23030879ebbdd346f0525bd5d4a564e57e13d?s=96&d=mm&r=g\",\"url\":\"https:\\\/\\\/secure.gravatar.com\\\/avatar\\\/2a16057d620a4c646bcfc171c4f23030879ebbdd346f0525bd5d4a564e57e13d?s=96&d=mm&r=g\",\"contentUrl\":\"https:\\\/\\\/secure.gravatar.com\\\/avatar\\\/2a16057d620a4c646bcfc171c4f23030879ebbdd346f0525bd5d4a564e57e13d?s=96&d=mm&r=g\",\"caption\":\"UGT\"}}]}<\/script>\n<!-- \/ Yoast SEO Premium plugin. -->","yoast_head_json":{"title":"Relevo en la c\u00fapula de Telef\u00f3nica de Espa\u00f1a - UGT Comunicaciones","robots":{"index":"index","follow":"follow","max-snippet":"max-snippet:-1","max-image-preview":"max-image-preview:large","max-video-preview":"max-video-preview:-1"},"canonical":"https:\/\/www.ugtcomunicaciones.es\/wordpress\/relevo-la-cupula-telefonica-espana\/","og_locale":"es_ES","og_type":"article","og_title":"Relevo en la c\u00fapula de Telef\u00f3nica de Espa\u00f1a","og_description":"Ante la comunicaci\u00f3n del cambio en la presidencia de Telef\u00f3nica de Espa\u00f1a SAU y la nueva estructura, desde UGT entendemos que la etapa de Luis Miguel Gil P\u00e9rez, con las l\u00f3gicas luces y sombras que una responsabilidad de ese calado conlleva, ha sido fruct\u00edfera para todos. UGT quiere reconocer su contribuci\u00f3n y creencia en unas [&hellip;]","og_url":"https:\/\/www.ugtcomunicaciones.es\/wordpress\/relevo-la-cupula-telefonica-espana\/","og_site_name":"UGT Comunicaciones","article_publisher":"https:\/\/www.facebook.com\/ugt.comunicaciones\/","article_published_time":"2018-01-30T13:54:06+00:00","article_modified_time":"2018-01-30T13:55:39+00:00","og_image":[{"width":474,"height":314,"url":"https:\/\/www.ugtcomunicaciones.es\/wordpress\/wp-content\/uploads\/2018\/01\/th.jpg","type":"image\/jpeg"}],"author":"UGT","twitter_card":"summary_large_image","twitter_creator":"@ugtcom","twitter_site":"@ugtcom","twitter_misc":{"Escrito por":"UGT","Tiempo de lectura":"3 minutos"},"schema":{"@context":"https:\/\/schema.org","@graph":[{"@type":"Article","@id":"https:\/\/www.ugtcomunicaciones.es\/wordpress\/relevo-la-cupula-telefonica-espana\/#article","isPartOf":{"@id":"https:\/\/www.ugtcomunicaciones.es\/wordpress\/relevo-la-cupula-telefonica-espana\/"},"author":{"name":"UGT","@id":"https:\/\/www.ugtcomunicaciones.es\/wordpress\/#\/schema\/person\/eba0fc3fe5b444531d94d4368cba89ed"},"headline":"Relevo en la c\u00fapula de Telef\u00f3nica de Espa\u00f1a","datePublished":"2018-01-30T13:54:06+00:00","dateModified":"2018-01-30T13:55:39+00:00","mainEntityOfPage":{"@id":"https:\/\/www.ugtcomunicaciones.es\/wordpress\/relevo-la-cupula-telefonica-espana\/"},"wordCount":515,"publisher":{"@id":"https:\/\/www.ugtcomunicaciones.es\/wordpress\/#organization"},"image":{"@id":"https:\/\/www.ugtcomunicaciones.es\/wordpress\/relevo-la-cupula-telefonica-espana\/#primaryimage"},"thumbnailUrl":"https:\/\/www.ugtcomunicaciones.es\/wordpress\/wp-content\/uploads\/2018\/01\/th.jpg","articleSection":["Telef\u00f3nica CEV","Telef\u00f3nica de Espa\u00f1a"],"inLanguage":"es"},{"@type":"WebPage","@id":"https:\/\/www.ugtcomunicaciones.es\/wordpress\/relevo-la-cupula-telefonica-espana\/","url":"https:\/\/www.ugtcomunicaciones.es\/wordpress\/relevo-la-cupula-telefonica-espana\/","name":"Relevo en la c\u00fapula de Telef\u00f3nica de Espa\u00f1a - UGT Comunicaciones","isPartOf":{"@id":"https:\/\/www.ugtcomunicaciones.es\/wordpress\/#website"},"primaryImageOfPage":{"@id":"https:\/\/www.ugtcomunicaciones.es\/wordpress\/relevo-la-cupula-telefonica-espana\/#primaryimage"},"image":{"@id":"https:\/\/www.ugtcomunicaciones.es\/wordpress\/relevo-la-cupula-telefonica-espana\/#primaryimage"},"thumbnailUrl":"https:\/\/www.ugtcomunicaciones.es\/wordpress\/wp-content\/uploads\/2018\/01\/th.jpg","datePublished":"2018-01-30T13:54:06+00:00","dateModified":"2018-01-30T13:55:39+00:00","breadcrumb":{"@id":"https:\/\/www.ugtcomunicaciones.es\/wordpress\/relevo-la-cupula-telefonica-espana\/#breadcrumb"},"inLanguage":"es","potentialAction":[{"@type":"ReadAction","target":["https:\/\/www.ugtcomunicaciones.es\/wordpress\/relevo-la-cupula-telefonica-espana\/"]}]},{"@type":"ImageObject","inLanguage":"es","@id":"https:\/\/www.ugtcomunicaciones.es\/wordpress\/relevo-la-cupula-telefonica-espana\/#primaryimage","url":"https:\/\/www.ugtcomunicaciones.es\/wordpress\/wp-content\/uploads\/2018\/01\/th.jpg","contentUrl":"https:\/\/www.ugtcomunicaciones.es\/wordpress\/wp-content\/uploads\/2018\/01\/th.jpg","width":474,"height":314},{"@type":"BreadcrumbList","@id":"https:\/\/www.ugtcomunicaciones.es\/wordpress\/relevo-la-cupula-telefonica-espana\/#breadcrumb","itemListElement":[{"@type":"ListItem","position":1,"name":"Portada","item":"https:\/\/www.ugtcomunicaciones.es\/wordpress\/"},{"@type":"ListItem","position":2,"name":"Relevo en la c\u00fapula de Telef\u00f3nica de Espa\u00f1a"}]},{"@type":"WebSite","@id":"https:\/\/www.ugtcomunicaciones.es\/wordpress\/#website","url":"https:\/\/www.ugtcomunicaciones.es\/wordpress\/","name":"UGT Comunicaciones","description":"Sindicato de Telecomunicaciones","publisher":{"@id":"https:\/\/www.ugtcomunicaciones.es\/wordpress\/#organization"},"potentialAction":[{"@type":"SearchAction","target":{"@type":"EntryPoint","urlTemplate":"https:\/\/www.ugtcomunicaciones.es\/wordpress\/?s={search_term_string}"},"query-input":{"@type":"PropertyValueSpecification","valueRequired":true,"valueName":"search_term_string"}}],"inLanguage":"es"},{"@type":"Organization","@id":"https:\/\/www.ugtcomunicaciones.es\/wordpress\/#organization","name":"UGT Comunicaciones","url":"https:\/\/www.ugtcomunicaciones.es\/wordpress\/","logo":{"@type":"ImageObject","inLanguage":"es","@id":"https:\/\/www.ugtcomunicaciones.es\/wordpress\/#\/schema\/logo\/image\/","url":"https:\/\/www.ugtcomunicaciones.es\/wordpress\/wp-content\/uploads\/2024\/04\/comunicaciones_logo.png","contentUrl":"https:\/\/www.ugtcomunicaciones.es\/wordpress\/wp-content\/uploads\/2024\/04\/comunicaciones_logo.png","width":298,"height":81,"caption":"UGT Comunicaciones"},"image":{"@id":"https:\/\/www.ugtcomunicaciones.es\/wordpress\/#\/schema\/logo\/image\/"},"sameAs":["https:\/\/www.facebook.com\/ugt.comunicaciones\/","https:\/\/x.com\/ugtcom"]},{"@type":"Person","@id":"https:\/\/www.ugtcomunicaciones.es\/wordpress\/#\/schema\/person\/eba0fc3fe5b444531d94d4368cba89ed","name":"UGT","image":{"@type":"ImageObject","inLanguage":"es","@id":"https:\/\/secure.gravatar.com\/avatar\/2a16057d620a4c646bcfc171c4f23030879ebbdd346f0525bd5d4a564e57e13d?s=96&d=mm&r=g","url":"https:\/\/secure.gravatar.com\/avatar\/2a16057d620a4c646bcfc171c4f23030879ebbdd346f0525bd5d4a564e57e13d?s=96&d=mm&r=g","contentUrl":"https:\/\/secure.gravatar.com\/avatar\/2a16057d620a4c646bcfc171c4f23030879ebbdd346f0525bd5d4a564e57e13d?s=96&d=mm&r=g","caption":"UGT"}}]}},"_links":{"self":[{"href":"https:\/\/www.ugtcomunicaciones.es\/wordpress\/wp-json\/wp\/v2\/posts\/99735","targetHints":{"allow":["GET"]}}],"collection":[{"href":"https:\/\/www.ugtcomunicaciones.es\/wordpress\/wp-json\/wp\/v2\/posts"}],"about":[{"href":"https:\/\/www.ugtcomunicaciones.es\/wordpress\/wp-json\/wp\/v2\/types\/post"}],"author":[{"embeddable":true,"href":"https:\/\/www.ugtcomunicaciones.es\/wordpress\/wp-json\/wp\/v2\/users\/3"}],"replies":[{"embeddable":true,"href":"https:\/\/www.ugtcomunicaciones.es\/wordpress\/wp-json\/wp\/v2\/comments?post=99735"}],"version-history":[{"count":0,"href":"https:\/\/www.ugtcomunicaciones.es\/wordpress\/wp-json\/wp\/v2\/posts\/99735\/revisions"}],"wp:featuredmedia":[{"embeddable":true,"href":"https:\/\/www.ugtcomunicaciones.es\/wordpress\/wp-json\/wp\/v2\/media\/99736"}],"wp:attachment":[{"href":"https:\/\/www.ugtcomunicaciones.es\/wordpress\/wp-json\/wp\/v2\/media?parent=99735"}],"wp:term":[{"taxonomy":"category","embeddable":true,"href":"https:\/\/www.ugtcomunicaciones.es\/wordpress\/wp-json\/wp\/v2\/categories?post=99735"},{"taxonomy":"post_tag","embeddable":true,"href":"https:\/\/www.ugtcomunicaciones.es\/wordpress\/wp-json\/wp\/v2\/tags?post=99735"}],"curies":[{"name":"wp","href":"https:\/\/api.w.org\/{rel}","templated":true}]}}